{"id":115344,"date":"2025-12-17T09:26:54","date_gmt":"2025-12-17T09:26:54","guid":{"rendered":"https:\/\/www.europesays.com\/no\/115344\/"},"modified":"2025-12-17T09:26:54","modified_gmt":"2025-12-17T09:26:54","slug":"disse-skal-vaere-med-i-eurovision","status":"publish","type":"post","link":"https:\/\/www.europesays.com\/no\/115344\/","title":{"rendered":"Disse skal v\u00e6re med i Eurovision"},"content":{"rendered":"<p class=\"kicker text-red color_mobile_text-red\" style=\"\">Bekreftet:<\/p>\n<p>  35 land deltar i Eurovision Song Contest 2026. Kun fem land uteblir, tross kontroversen rundt Israels deltakelse.<\/p>\n<p>\n    \u00d8sterrikske JJ st\u00e5r p\u00e5 scenen etter \u00e5 ha innkassert seieren i Eurovision Song Contest 2025. Foto: Martin Meissner \/ AP \/ NTB\n  <\/p>\n<p>De fem som boikotter neste \u00e5rs konkurranse, er Irland, Island, Nederland, Slovenia og Spania.<\/p>\n<p>Samtidig vender Bulgaria, Moldova og Romania tilbake til konkurransen etter \u00e5 ha uteblitt i 2025. Dermed faller det totale deltakerantallet med to.<\/p>\n<p>I begynnelsen av desember vedtok Den europeiske kringkastingsunionen (EBU) nye stemmeregler, samtidig som det ble klart at Israel f\u00e5r delta. Israels deltakelse har v\u00e6rt sv\u00e6rt omstridt i forbindelse med krigen i Gaza. Stemmereglene ble dels vedtatt som et svar p\u00e5 at Israel i \u00e5r ble beskyldt for \u00e5 fremme sin kandidat p\u00e5 ureglementert vis.<\/p>\n<p>Neste \u00e5rs Eurovision arrangeres i Wien i mai etter at artisten JJ gikk til topps med l\u00e5ta \u00abWasted Love\u00bb tidligere i \u00e5r.<\/p>\n","protected":false},"excerpt":{"rendered":"Bekreftet: 35 land deltar i Eurovision Song Contest 2026. Kun fem land uteblir, tross kontroversen rundt Israels deltakelse.&hellip;\n","protected":false},"author":2,"featured_media":115345,"comment_status":"","ping_status":"","sticky":false,"template":"","format":"standard","meta":{"footnotes":""},"categories":[12],"tags":[20,21,2513,24,25,15,410,22,23,221,13,30,28,29,14,16,26,27,42,43,44,45],"class_list":{"0":"post-115344","1":"post","2":"type-post","3":"status-publish","4":"format-standard","5":"has-post-thumbnail","7":"category-verden","8":"tag-breaking-news","9":"tag-breakingnews","10":"tag-eurovision","11":"tag-featured-news","12":"tag-featurednews","13":"tag-headlines","14":"tag-kultur","15":"tag-latest-news","16":"tag-latestnews","17":"tag-musikk","18":"tag-news","19":"tag-no","20":"tag-norge","21":"tag-norway","22":"tag-nyheter","23":"tag-overskrifter","24":"tag-top-stories","25":"tag-topstories","26":"tag-verden","27":"tag-world","28":"tag-world-news","29":"tag-worldnews"},"share_on_mastodon":{"url":"https:\/\/pubeurope.com\/@no\/115734200034568925","error":""},"_links":{"self":[{"href":"https:\/\/www.europesays.com\/no\/wp-json\/wp\/v2\/posts\/115344","targetHints":{"allow":["GET"]}}],"collection":[{"href":"https:\/\/www.europesays.com\/no\/wp-json\/wp\/v2\/posts"}],"about":[{"href":"https:\/\/www.europesays.com\/no\/wp-json\/wp\/v2\/types\/post"}],"author":[{"embeddable":true,"href":"https:\/\/www.europesays.com\/no\/wp-json\/wp\/v2\/users\/2"}],"replies":[{"embeddable":true,"href":"https:\/\/www.europesays.com\/no\/wp-json\/wp\/v2\/comments?post=115344"}],"version-history":[{"count":0,"href":"https:\/\/www.europesays.com\/no\/wp-json\/wp\/v2\/posts\/115344\/revisions"}],"wp:featuredmedia":[{"embeddable":true,"href":"https:\/\/www.europesays.com\/no\/wp-json\/wp\/v2\/media\/115345"}],"wp:attachment":[{"href":"https:\/\/www.europesays.com\/no\/wp-json\/wp\/v2\/media?parent=115344"}],"wp:term":[{"taxonomy":"category","embeddable":true,"href":"https:\/\/www.europesays.com\/no\/wp-json\/wp\/v2\/categories?post=115344"},{"taxonomy":"post_tag","embeddable":true,"href":"https:\/\/www.europesays.com\/no\/wp-json\/wp\/v2\/tags?post=115344"}],"curies":[{"name":"wp","href":"https:\/\/api.w.org\/{rel}","templated":true}]}}