{"id":115350,"date":"2025-12-17T09:37:10","date_gmt":"2025-12-17T09:37:10","guid":{"rendered":"https:\/\/www.europesays.com\/no\/115350\/"},"modified":"2025-12-17T09:37:10","modified_gmt":"2025-12-17T09:37:10","slug":"jonas-wille-har-hatt-ut-em-troppen-til-norgees-herrelandslag-i-handball","status":"publish","type":"post","link":"https:\/\/www.europesays.com\/no\/115350\/","title":{"rendered":"Jonas Wille har hatt ut EM-troppen til Norgees Herrelandslag i h\u00e5ndball"},"content":{"rendered":"\n<p class=\"_lead_o9xde_2 _lead_xtcu6_50 layout-component text-serif-m layout-normal text-serif-l layout-component layout-wide layout-padded _wide_17hqh_1 layout-padded\">Jonas Wille har tatt sine valg. Landslagssjefen vraker den mange\u00e5rige landslagskapteinen Christian O\u2019Sullivan.<\/p>\n<p><img alt=\"Landslagssjef Jonas Will har tatt ut sin tropp til Europamesterskapet. Foto: EMMA WALLSKOG \/ Bildbyr\u00e5n\" class=\"_image_qp4xg_65 layout-component layout-wide\" data-fullscreen- data-track-element-type=\"Article image fullscreen\" data-track-name=\"ImageFullscreen\" fetchpriority=\"high\" decoding=\"sync\" loading=\"eager\" height=\"4000\" itemprop=\"image\"  src=\"https:\/\/www.europesays.com\/no\/wp-content\/uploads\/2025\/12\/d1596bcb-3bab-44d7-b6b1-cb75aa014aae\"  style=\"object-position:0% 0%\" width=\"6000\"\/>Landslagssjef Jonas Will har tatt ut sin tropp til Europamesterskapet. Foto: EMMA WALLSKOG \/ Bildbyr\u00e5n<\/p>\n<ul aria-hidden=\"true\" class=\"_images_ntbth_112\">\n<li><a class=\"_link_ntbth_117\" href=\"https:\/\/www.vg.no\/forfatter\/jostein-overvik\" style=\"z-index:2\" title=\"Jostein Overvik\" rel=\"nofollow noopener\" target=\"_blank\"><img alt=\"Bilde av Jostein Overvik\" class=\"_image_ntbth_93\" fetchpriority=\"low\" loading=\"lazy\" decoding=\"async\" itemprop=\"image\"  src=\"https:\/\/www.europesays.com\/no\/wp-content\/uploads\/2025\/12\/1765964228_507_9167fa6a-7320-4d6f-b3c9-6c4ecb8beb8c\"  width=\"480\"\/><\/a><\/li>\n<li><a class=\"_link_ntbth_117\" href=\"https:\/\/www.vg.no\/forfatter\/mads-thygesen\" style=\"z-index:1\" title=\"Mads Thygesen\" rel=\"nofollow noopener\" target=\"_blank\"><img alt=\"Bilde av Mads Thygesen\" class=\"_image_ntbth_93\" fetchpriority=\"low\" loading=\"lazy\" decoding=\"async\" itemprop=\"image\"  src=\"https:\/\/www.europesays.com\/no\/wp-content\/uploads\/2025\/12\/1765964228_842_d82576b6-c31c-43fc-a223-28ce8745295c\"  width=\"480\"\/><\/a><\/li>\n<\/ul>\n<p> Oppdatert onsdag 17. desember kl. 10:36    <\/p>\n<ul class=\"_list_o9xde_3 _list_64s2r_85 _unordered_o9xde_106 text-sans-m\">\n<li class=\"_item_o9xde_30\">Christian O\u2019Sullivan er vraket fra EM-troppen, mens Vetle Eck Aga blir ny kaptein.<\/li>\n<li class=\"_item_o9xde_30\">Magnus Abelvik R\u00f8d og Kristian Bj\u00f8rnsen mangler ogs\u00e5.<\/li>\n<li class=\"_item_o9xde_30\">Martin Hovde og Magnus Fredriksen er med i troppen, til Hovdes store begeistring.<\/li>\n<li class=\"_item_o9xde_30\">EM begynner 15. januar i B\u00e6rum og avsluttes i Danmark.<\/li>\n<\/ul>\n<p>Vis mer <\/p>\n<p class=\"_paragraph_o9xde_4 _paragraph_xtcu6_10 layout-component text-serif-m layout-normal text-serif-m layout-padded\">Christian O\u2019Sullivan \u2013 norsk kaptein siden 2022 \u2013 ble ikke tatt ut til landskampene i oktober. <\/p>\n<p class=\"_paragraph_o9xde_4 _paragraph_xtcu6_10 layout-component text-serif-m layout-normal text-serif-m layout-padded\">Jonas Willes begrunnelse var at O\u2019Sullivan hadde spilt for lite for Magdeburg, som n\u00e5 topper tysk Bundesliga.<\/p>\n<p class=\"_paragraph_o9xde_4 _paragraph_xtcu6_10 layout-component text-serif-m layout-normal text-serif-m layout-padded\">Ogs\u00e5 til EM er den norske kapteinen vraket. Det er ogs\u00e5 Magnus Gullerud. P\u00e5 sp\u00f8rsm\u00e5l fra VG svarer landslagssjefen hvem som blir kaptein i det kommende mesterskapet.<\/p>\n<p class=\"_paragraph_o9xde_4 _paragraph_xtcu6_10 layout-component text-serif-m layout-normal text-serif-m layout-padded\">\u2013 Han (O\u2019Sullivan) har v\u00e6rt lagkaptein i mange \u00e5r. En fantastisk ressurs for laget, taktisk veldig viktig oss. Samtidig kan vi ikke ha for mange forsvarsspesialister i en tropp. O\u2019Sullivan startet sesongen uten mye spilletid, men har f\u00e5tt mer utover, sier Wille.<\/p>\n<p class=\"_paragraph_o9xde_4 _paragraph_xtcu6_10 layout-component text-serif-m layout-normal text-serif-m layout-padded\">\u2013 Vetle Eck Aga har fungert som kaptein p\u00e5 de samlingen O\u2019Sullivan ikke har v\u00e6rt til stede. Han vil fortsette \u00e5 v\u00e6re kaptein, fortsetter landslagssjefen.<\/p>\n<p>Dette er Norges EM-tropp:<\/p>\n<p class=\"_paragraph_o9xde_4 _paragraph_xtcu6_10 _paragraph_16v91_10 layout-component text-serif-m layout-normal text-sans-m layout-padded\">M\u00e5lvakter:<\/p>\n<p class=\"_paragraph_o9xde_4 _paragraph_xtcu6_10 _paragraph_16v91_10 layout-component text-serif-m layout-normal text-sans-m layout-padded\">Torbj\u00f8rn Bergerud, Wisla Plock<\/p>\n<p class=\"_paragraph_o9xde_4 _paragraph_xtcu6_10 _paragraph_16v91_10 layout-component text-serif-m layout-normal text-sans-m layout-padded\">Robin Paulsen Haug, Hamburg<\/p>\n<p class=\"_paragraph_o9xde_4 _paragraph_xtcu6_10 _paragraph_16v91_10 layout-component text-serif-m layout-normal text-sans-m layout-padded\">Kantspillere: <\/p>\n<p class=\"_paragraph_o9xde_4 _paragraph_xtcu6_10 _paragraph_16v91_10 layout-component text-serif-m layout-normal text-sans-m layout-padded\">August Bask\u00e5r Pedersen, Hannover-Burgdorf<br \/>Alexander Blonz, Aalborg<\/p>\n<p class=\"_paragraph_o9xde_4 _paragraph_xtcu6_10 _paragraph_16v91_10 layout-component text-serif-m layout-normal text-sans-m layout-padded\">Kasper Thorsen Lien, Stuttgart<br \/>Kevin Gulliksen, Elverum<\/p>\n<p class=\"_paragraph_o9xde_4 _paragraph_xtcu6_10 _paragraph_16v91_10 layout-component text-serif-m layout-normal text-sans-m layout-padded\">Bakspillere:<\/p>\n<p class=\"_paragraph_o9xde_4 _paragraph_xtcu6_10 _paragraph_16v91_10 layout-component text-serif-m layout-normal text-sans-m layout-padded\">Sander Sagosen, Aalborg<br \/>Simen Lyse, Kolstad<br \/>William Aar, Holstebro<br \/>Magnus Fredriksen, S\u00f8nderjyske<\/p>\n<p class=\"_paragraph_o9xde_4 _paragraph_xtcu6_10 _paragraph_16v91_10 layout-component text-serif-m layout-normal text-sans-m layout-padded\">Tobias Gr\u00f8ndahl, F\u00fcchse Berlin<\/p>\n<p class=\"_paragraph_o9xde_4 _paragraph_xtcu6_10 _paragraph_16v91_10 layout-component text-serif-m layout-normal text-sans-m layout-padded\">Reinkind, Helland Anderson<\/p>\n<p class=\"_paragraph_o9xde_4 _paragraph_xtcu6_10 _paragraph_16v91_10 layout-component text-serif-m layout-normal text-sans-m layout-padded\">Forsvar: Vetle Eck Aga og Vetle R\u00f8nningen.<\/p>\n<p class=\"_paragraph_o9xde_4 _paragraph_xtcu6_10 _paragraph_16v91_10 layout-component text-serif-m layout-normal text-sans-m layout-padded\">Strekspillere: Henrik Jakobsen, Thomas Solstad og Martin Hovde.<\/p>\n<p>Vis mer<img alt=\"Vetle Eck Aga er kaptein i EM.  Foto: Bj\u00f8rn S. Delebekk \/ VG\" class=\"_image_qp4xg_65 layout-component layout-normal\" data-fullscreen- data-track-element-type=\"Article image fullscreen\" data-track-name=\"ImageFullscreen\" decoding=\"async\" loading=\"lazy\" height=\"3416\" itemprop=\"image\"  src=\"https:\/\/www.europesays.com\/no\/wp-content\/uploads\/2025\/12\/74b12e75-4f7a-4bfa-bbca-21f038630ef5\"  style=\"object-position:0% 0%\" width=\"5120\"\/>Vetle Eck Aga er kaptein i EM.  Foto: Bj\u00f8rn S. Delebekk \/ VG<\/p>\n<p class=\"_paragraph_o9xde_4 _paragraph_xtcu6_10 layout-component text-serif-m layout-normal text-serif-m layout-padded\">Det var ogs\u00e5 noen overraskelser i Norges EM-tropp. Strekspiller Martin Hovde og bakspiller Magnus Fredriksen ble trukket fram som med positive fortegn.<\/p>\n<p class=\"_paragraph_o9xde_4 _paragraph_xtcu6_10 layout-component text-serif-m layout-normal text-serif-m layout-padded\">\u2013 Kanskje for mange den store overraskelsen i troppen Martin Hovde \u2013 som har kommet som en kule denne sesongen. Vi har visst om han i flere \u00e5r., men det har tatt noen \u00e5r for han \u00e5 knekke koden, sier Wille.<\/p>\n<p class=\"_paragraph_o9xde_4 _paragraph_xtcu6_10 layout-component text-serif-m layout-normal text-serif-m layout-padded\">Hovde var til stede og var tydelig begeistret over \u00e5 v\u00e6re en del av troppen som skal spille EM i januar. Uttaket skjedde tilfeldigvis p\u00e5 Hovdes bursdag.<\/p>\n<p class=\"_paragraph_o9xde_4 _paragraph_xtcu6_10 layout-component text-serif-m layout-normal text-serif-m layout-padded\">\u2013 Det er helt fantastisk. Jeg har visst det en liten stund. Det er kulere \u00e5 bli tatt ut enn \u00e5 ha bursdag, sier han til VG og gliser bredt.<\/p>\n<p class=\"_paragraph_o9xde_4 _paragraph_xtcu6_10 layout-component text-serif-m layout-normal text-serif-m layout-padded\">Etter uttaket ventet president i Norges H\u00e5ndballforbund Randi Gustad med kake og bursdagssang. Det kom uventet p\u00e5 jubilanten.<\/p>\n<p class=\"_paragraph_o9xde_4 _paragraph_xtcu6_10 layout-component text-serif-m layout-normal text-serif-m layout-padded\">\u2013 Jeg tenkte det kanskje kom et eller annet, siden de visste det, men det tok meg litt p\u00e5 sengen, sier Hovde.<\/p>\n<p><img alt=\"Martin Hovde har tatt for seg denne h\u00e5ndball-h\u00f8sten. N\u00e5 bel\u00f8nnes han med en plass i EM-troppen til Norge.  Foto: Ole Martin Wold \/ NTB\" class=\"_image_qp4xg_65 layout-component layout-normal\" data-fullscreen- data-track-element-type=\"Article image fullscreen\" data-track-name=\"ImageFullscreen\" decoding=\"async\" loading=\"lazy\" height=\"4300\" itemprop=\"image\"  src=\"https:\/\/www.europesays.com\/no\/wp-content\/uploads\/2025\/12\/345128bb-abd3-437d-be8e-6cfceb68b4b3\"  style=\"object-position:0% 0%\" width=\"6450\"\/>Martin Hovde har tatt for seg denne h\u00e5ndball-h\u00f8sten. N\u00e5 bel\u00f8nnes han med en plass i EM-troppen til Norge.  Foto: Ole Martin Wold \/ NTB<\/p>\n<p class=\"_paragraph_o9xde_4 _paragraph_xtcu6_10 layout-component text-serif-m layout-normal text-serif-m layout-padded\">Harald Reinkind er tilbake for fullt etter at han mistet store deler av forrige sesong. Han spilte ikke VM p\u00e5 hjemmebane for ett \u00e5r siden.<\/p>\n<p class=\"_paragraph_o9xde_4 _paragraph_xtcu6_10 layout-component text-serif-m layout-normal text-serif-m layout-padded\">Norge klarte ikke \u00e5 komme til kvartfinalen under VM p\u00e5 hjemmebane sist sesong. Etter mesterskapet har Norge spilte syv landskamper.<\/p>\n<p class=\"_paragraph_o9xde_4 _paragraph_xtcu6_10 layout-component text-serif-m layout-normal text-serif-m layout-padded\">Bare F\u00e6r\u00f8yene er sl\u00e5tt, mens det er blitt tap mot Sverige (to kamper), Danmark (to kamper), Frankrike og Nederland.<\/p>\n<p class=\"_paragraph_o9xde_4 _paragraph_xtcu6_10 layout-component text-serif-m layout-normal text-serif-m layout-padded\">EM har arrangeres i Norge, Sverige og Danmark mellom 15. januar og 1. februar. Finalen spilles i danske Herning.<\/p>\n<p class=\"_paragraph_o9xde_4 _paragraph_xtcu6_10 layout-component text-serif-m layout-normal text-serif-m layout-padded\">Norge spiller gruppespill i Unity Arena i B\u00e6rum. Slottet har bekreftet at Kong Harald blir \u00e5 se p\u00e5 tribunen under EM-premieren:<\/p>\n<p class=\"_paragraph_o9xde_4 _paragraph_xtcu6_10 layout-component text-serif-m layout-normal text-serif-m layout-padded\">15. januar: Norge \u2013 Ukraina.<\/p>\n<p class=\"_paragraph_o9xde_4 _paragraph_xtcu6_10 layout-component text-serif-m layout-normal text-serif-m layout-padded\">17. januar: Tsjekkia \u2013 Norge.<\/p>\n<p class=\"_paragraph_o9xde_4 _paragraph_xtcu6_10 layout-component text-serif-m layout-normal text-serif-m layout-padded\">19. januar: Frankrike \u2013 Norge.<\/p>\n<p class=\"_paragraph_o9xde_4 _paragraph_xtcu6_10 layout-component text-serif-m layout-normal text-serif-m layout-padded\">To av nasjonene g\u00e5r videre til hovedrunden som spilles i Herning p\u00e5 Jylland.<\/p>\n<p class=\"_paragraph_o9xde_4 _paragraph_xtcu6_10 layout-component text-serif-m layout-normal text-serif-m layout-padded\">Norge deltar for 12. gang i EM-sluttspillet siden debuten i 2000. Den beste prestasjonen kom i 2020 med bronse. Ogs\u00e5 den gangen startet h\u00e5ndballgutta mesterskapet med gruppespill p\u00e5 hjemmebane \u2013 da i Trondheim.<\/p>\n","protected":false},"excerpt":{"rendered":"Jonas Wille har tatt sine valg. Landslagssjefen vraker den mange\u00e5rige landslagskapteinen Christian O\u2019Sullivan. Landslagssjef Jonas Will har tatt&hellip;\n","protected":false},"author":2,"featured_media":115351,"comment_status":"","ping_status":"","sticky":false,"template":"","format":"standard","meta":{"footnotes":""},"categories":[59],"tags":[105,13991,8794,6986,30,28,29,83,82],"class_list":{"0":"post-115350","1":"post","2":"type-post","3":"status-publish","4":"format-standard","5":"has-post-thumbnail","7":"category-sport","8":"tag-handball","9":"tag-handball-em","10":"tag-herrelandslaget-handball","11":"tag-jonas-wille","12":"tag-no","13":"tag-norge","14":"tag-norway","15":"tag-sport","16":"tag-sports"},"share_on_mastodon":{"url":"https:\/\/pubeurope.com\/@no\/115734239423989978","error":""},"_links":{"self":[{"href":"https:\/\/www.europesays.com\/no\/wp-json\/wp\/v2\/posts\/115350","targetHints":{"allow":["GET"]}}],"collection":[{"href":"https:\/\/www.europesays.com\/no\/wp-json\/wp\/v2\/posts"}],"about":[{"href":"https:\/\/www.europesays.com\/no\/wp-json\/wp\/v2\/types\/post"}],"author":[{"embeddable":true,"href":"https:\/\/www.europesays.com\/no\/wp-json\/wp\/v2\/users\/2"}],"replies":[{"embeddable":true,"href":"https:\/\/www.europesays.com\/no\/wp-json\/wp\/v2\/comments?post=115350"}],"version-history":[{"count":0,"href":"https:\/\/www.europesays.com\/no\/wp-json\/wp\/v2\/posts\/115350\/revisions"}],"wp:featuredmedia":[{"embeddable":true,"href":"https:\/\/www.europesays.com\/no\/wp-json\/wp\/v2\/media\/115351"}],"wp:attachment":[{"href":"https:\/\/www.europesays.com\/no\/wp-json\/wp\/v2\/media?parent=115350"}],"wp:term":[{"taxonomy":"category","embeddable":true,"href":"https:\/\/www.europesays.com\/no\/wp-json\/wp\/v2\/categories?post=115350"},{"taxonomy":"post_tag","embeddable":true,"href":"https:\/\/www.europesays.com\/no\/wp-json\/wp\/v2\/tags?post=115350"}],"curies":[{"name":"wp","href":"https:\/\/api.w.org\/{rel}","templated":true}]}}