{"id":115363,"date":"2025-12-17T09:51:20","date_gmt":"2025-12-17T09:51:20","guid":{"rendered":"https:\/\/www.europesays.com\/no\/115363\/"},"modified":"2025-12-17T09:51:20","modified_gmt":"2025-12-17T09:51:20","slug":"amalie-iuel-far-svigerfar-som-nabo","status":"publish","type":"post","link":"https:\/\/www.europesays.com\/no\/115363\/","title":{"rendered":"Amalie Iuel f\u00e5r svigerfar som nabo"},"content":{"rendered":"<p class=\"kicker \" style=\"\">Amalie Iuel og Aksel Lund Svindal:\u00a0<\/p>\n<p>  Kjendisparet f\u00e5r ny nabo. Og han er hjertelig velkommen i nabolaget!<\/p>\n<p>\n    RADARPAR: Amalie Iuel og Aksel Lund Svindal avsl\u00f8rte at de hadde funnet kj\u00e6rligheten p\u00e5 17. mai i 2020. Foto: Skjermbilde: @amalieiuel \/ Instagram\n  <\/p>\n<p>Faren til Aksel Lund Svindal\u00a0 (42), Bj\u00f8rn Svindal, flytter inn i nabohuset. Det er\u00a0<a href=\"https:\/\/www.finansavisen.no\/bolig\/2025\/12\/16\/8315145\/aksels-barnevakt-blar-opp-35-mill.-for-nabohuset\" rel=\"nofollow noopener\" target=\"_blank\">Finansavisen<\/a>\u00a0som melder dette tirsdag.<\/p>\n<p>Aksel og Amalie Iuel (31) bor p\u00e5 Snar\u00f8ya i B\u00e6rum.\u00a0<\/p>\n<p>    <a itemprop=\"url\" href=\"https:\/\/www.seher.no\/kjendis\/gladnyheter-etter-bruddet\/83989627\" rel=\"nofollow noopener\" target=\"_blank\"><\/p>\n<p>        <img loading=\"lazy\" decoding=\"async\" src=\"https:\/\/www.europesays.com\/no\/wp-content\/uploads\/2025\/12\/1765965079_840_82844758.webp\" width=\"980\" height=\"441\" title=\"Ny mann og nytt hus\" alt=\"\" class=\"lazyload\" style=\"--aspect-ratio-image: 2.22; \"\/><\/p>\n<p>        Ny mann og nytt hus<\/p>\n<p>    <\/a><\/p>\n<p class=\"font-weight-bold m-font-weight-bold\" data-lab-font_weight=\"font-weight-bold\">Finansavisen har tidligere skrevet om strandeiendommen deres, som skal ha kostet 35 millioner kroner. If\u00f8lge samme avis flytter pappa Bj\u00f8rn n\u00e5 inn i nabohuset.\u00a0<\/p>\n<p>        <img loading=\"lazy\" decoding=\"async\" src=\"https:\/\/www.europesays.com\/no\/wp-content\/uploads\/2025\/12\/83991049.webp\" width=\"667\" height=\"681\" title=\"TETT FORHOLD: Aksel Lund Svindal og pappa Bj\u00f8rn har hatt mange oppturer sammen. Her feirer de VM-gullet i kombinasjonen i Val d'Isere i 2009. Foto: NTB\" alt=\"\" class=\"\" style=\"--aspect-ratio-image: 0.98; \"\/><\/p>\n<p>\n        TETT FORHOLD: Aksel Lund Svindal og pappa Bj\u00f8rn har hatt mange oppturer sammen. Her feirer de VM-gullet i kombinasjonen i Val d&#8217;Isere i 2009. Foto: NTB\n    <\/p>\n<p>Huset har to leiligheter. Bj\u00f8rns nye leilighet hadde en prisantydning p\u00e5 39 millioner kroner, men gikk angivelig for 34,25 millioner kroner.<\/p>\n<p>I en tekstmelding til Finansavisen skriver Aksel Lund Svindal:<\/p>\n<p class=\"font-weight-bold m-font-weight-bold\" data-lab-font_weight=\"font-weight-bold\">\u00abDet gleder vi oss til, og det kommer til \u00e5 bli veldig hyggelig\u00bb.<\/p>\n<p>        RIKTIG STEG: Se og H\u00f8rs kongehusekspert Caroline Vagle hyller kongehusets nye grep. Reporter: Caroline Vagle. Video: Kine Falch. Foto: NTB \/ Andreas Fadum.<\/p>\n<p>Toppleiligheten er p\u00e5 200 kvadratmeter.\u00a0<\/p>\n<p>Far og s\u00f8nn Svindal har fulgt hverandre i tykt og tynt gjennom hele karrieren til sistnevnte.<\/p>\n<p>    <a itemprop=\"url\" href=\"https:\/\/www.seher.no\/kongelig\/tok-med-baby-pa-kongemote\/83991930\" rel=\"nofollow noopener\" target=\"_blank\"><\/p>\n<p>        <img loading=\"lazy\" decoding=\"async\" src=\"https:\/\/www.europesays.com\/no\/wp-content\/uploads\/2025\/12\/1765965080_512_83991993.webp\" width=\"147\" height=\"98\" title=\"Tok med baby p\u00e5 kongem\u00f8te\" alt=\"\" class=\"lazyload\" style=\"--aspect-ratio-image: 1.50; \"\/><\/p>\n<p>        Tok med baby p\u00e5 kongem\u00f8te<\/p>\n<p>    <\/a><\/p>\n<p>Aksel Lund Svindal er <a href=\"https:\/\/www.dagbladet.no\/sport\/kan-ikke-snakke-om-hemmelige-ting\/83984993\" rel=\"nofollow noopener\" target=\"_blank\">aktuell i alpinbakken<\/a> igjen som trener for amerikanske Lindsey Vonn. Hun har gjort et sensasjonelt comeback og sikter mot sitt femte OL.<\/p>\n<p>Aksel og Amalie har s\u00f8nnen Storm sammen.<\/p>\n<p class=\"italic m-italic\" data-lab-italic=\"italic\">Denne saken ble f\u00f8rst publisert p\u00e5 <a href=\"https:\/\/www.dagbladet.no\/sport\/gleder-oss\/83991015\" rel=\"nofollow noopener\" target=\"_blank\">Dagbladet.no\u00a0<\/a><\/p>\n","protected":false},"excerpt":{"rendered":"Amalie Iuel og Aksel Lund Svindal:\u00a0 Kjendisparet f\u00e5r ny nabo. Og han er hjertelig velkommen i nabolaget! RADARPAR:&hellip;\n","protected":false},"author":2,"featured_media":115364,"comment_status":"","ping_status":"","sticky":false,"template":"","format":"standard","meta":{"footnotes":""},"categories":[59],"tags":[248,1669,479,247,30,28,29,83,82],"class_list":{"0":"post-115363","1":"post","2":"type-post","3":"status-publish","4":"format-standard","5":"has-post-thumbnail","7":"category-sport","8":"tag-aksel-lund-svindal","9":"tag-amalie-iuel","10":"tag-kjendis","11":"tag-lindsey-vonn","12":"tag-no","13":"tag-norge","14":"tag-norway","15":"tag-sport","16":"tag-sports"},"share_on_mastodon":{"url":"https:\/\/pubeurope.com\/@no\/115734294458939025","error":""},"_links":{"self":[{"href":"https:\/\/www.europesays.com\/no\/wp-json\/wp\/v2\/posts\/115363","targetHints":{"allow":["GET"]}}],"collection":[{"href":"https:\/\/www.europesays.com\/no\/wp-json\/wp\/v2\/posts"}],"about":[{"href":"https:\/\/www.europesays.com\/no\/wp-json\/wp\/v2\/types\/post"}],"author":[{"embeddable":true,"href":"https:\/\/www.europesays.com\/no\/wp-json\/wp\/v2\/users\/2"}],"replies":[{"embeddable":true,"href":"https:\/\/www.europesays.com\/no\/wp-json\/wp\/v2\/comments?post=115363"}],"version-history":[{"count":0,"href":"https:\/\/www.europesays.com\/no\/wp-json\/wp\/v2\/posts\/115363\/revisions"}],"wp:featuredmedia":[{"embeddable":true,"href":"https:\/\/www.europesays.com\/no\/wp-json\/wp\/v2\/media\/115364"}],"wp:attachment":[{"href":"https:\/\/www.europesays.com\/no\/wp-json\/wp\/v2\/media?parent=115363"}],"wp:term":[{"taxonomy":"category","embeddable":true,"href":"https:\/\/www.europesays.com\/no\/wp-json\/wp\/v2\/categories?post=115363"},{"taxonomy":"post_tag","embeddable":true,"href":"https:\/\/www.europesays.com\/no\/wp-json\/wp\/v2\/tags?post=115363"}],"curies":[{"name":"wp","href":"https:\/\/api.w.org\/{rel}","templated":true}]}}