{"id":115379,"date":"2025-12-17T10:03:11","date_gmt":"2025-12-17T10:03:11","guid":{"rendered":"https:\/\/www.europesays.com\/no\/115379\/"},"modified":"2025-12-17T10:03:11","modified_gmt":"2025-12-17T10:03:11","slug":"sotra-og-askoy-vold-mot-politi","status":"publish","type":"post","link":"https:\/\/www.europesays.com\/no\/115379\/","title":{"rendered":"Sotra og Ask\u00f8y, Vold mot politi"},"content":{"rendered":"\n<p>En ten\u00e5ring skal ha sparket politiet i hodet p\u00e5 Ask\u00f8y.<\/p>\n<p>Politibetjenten m\u00e5tte deretter p\u00e5 legevakten for \u00e5 f\u00e5 behandling for skadene som skal ha blitt p\u00e5f\u00f8rt natt til tirsdag.<\/p>\n<p>Det opplyser stasjonssjef ved Ask\u00f8y og \u00d8ygarden politistasjon, Sven Erik Midthjell. <\/p>\n<p>\u2013 Det er der vi er om dagen, det er jo ikke greit, sier Midthjell om hendelsen. <\/p>\n<p>Gutten i ten\u00e5rene \u00e5r ble sendt til en institusjon etter hendelsen og er anmeldt for vold mot offentlig tjenestemann. <\/p>\n","protected":false},"excerpt":{"rendered":"En ten\u00e5ring skal ha sparket politiet i hodet p\u00e5 Ask\u00f8y. Politibetjenten m\u00e5tte deretter p\u00e5 legevakten for \u00e5 f\u00e5&hellip;\n","protected":false},"author":2,"featured_media":1615,"comment_status":"","ping_status":"","sticky":false,"template":"","format":"standard","meta":{"footnotes":""},"categories":[10],"tags":[36,20,21,24,25,15,22,23,13,30,28,29,447,14,16,13996,1510,26,27,13997],"class_list":{"0":"post-115379","1":"post","2":"type-post","3":"status-publish","4":"format-standard","5":"has-post-thumbnail","7":"category-norge","8":"tag-art","9":"tag-breaking-news","10":"tag-breakingnews","11":"tag-featured-news","12":"tag-featurednews","13":"tag-headlines","14":"tag-latest-news","15":"tag-latestnews","16":"tag-news","17":"tag-no","18":"tag-norge","19":"tag-norway","20":"tag-nyhet","21":"tag-nyheter","22":"tag-overskrifter","23":"tag-sotra-og-askoy","24":"tag-story","25":"tag-top-stories","26":"tag-topstories","27":"tag-vold-mot-politi"},"share_on_mastodon":{"url":"https:\/\/pubeurope.com\/@no\/115734341528946902","error":""},"_links":{"self":[{"href":"https:\/\/www.europesays.com\/no\/wp-json\/wp\/v2\/posts\/115379","targetHints":{"allow":["GET"]}}],"collection":[{"href":"https:\/\/www.europesays.com\/no\/wp-json\/wp\/v2\/posts"}],"about":[{"href":"https:\/\/www.europesays.com\/no\/wp-json\/wp\/v2\/types\/post"}],"author":[{"embeddable":true,"href":"https:\/\/www.europesays.com\/no\/wp-json\/wp\/v2\/users\/2"}],"replies":[{"embeddable":true,"href":"https:\/\/www.europesays.com\/no\/wp-json\/wp\/v2\/comments?post=115379"}],"version-history":[{"count":0,"href":"https:\/\/www.europesays.com\/no\/wp-json\/wp\/v2\/posts\/115379\/revisions"}],"wp:featuredmedia":[{"embeddable":true,"href":"https:\/\/www.europesays.com\/no\/wp-json\/wp\/v2\/media\/1615"}],"wp:attachment":[{"href":"https:\/\/www.europesays.com\/no\/wp-json\/wp\/v2\/media?parent=115379"}],"wp:term":[{"taxonomy":"category","embeddable":true,"href":"https:\/\/www.europesays.com\/no\/wp-json\/wp\/v2\/categories?post=115379"},{"taxonomy":"post_tag","embeddable":true,"href":"https:\/\/www.europesays.com\/no\/wp-json\/wp\/v2\/tags?post=115379"}],"curies":[{"name":"wp","href":"https:\/\/api.w.org\/{rel}","templated":true}]}}