{"id":115386,"date":"2025-12-17T10:11:10","date_gmt":"2025-12-17T10:11:10","guid":{"rendered":"https:\/\/www.europesays.com\/no\/115386\/"},"modified":"2025-12-17T10:11:10","modified_gmt":"2025-12-17T10:11:10","slug":"skjerpet-straff-etter-frogner-drapet-vurderer-a-anke-stor-oslo-2","status":"publish","type":"post","link":"https:\/\/www.europesays.com\/no\/115386\/","title":{"rendered":"Skjerpet straff etter Frogner-drapet \u2013 vurderer \u00e5 anke \u2013 Stor-Oslo"},"content":{"rendered":"<p>Lagmannsretten har skjerpet straffen mot en 28 \u00e5r gammel mann som er d\u00f8mt for drapet p\u00e5 Erik Dominguez (56) i en leilighet p\u00e5 Frogner i Oslo i 2023.<\/p>\n<p>I tingretten ble 28-\u00e5ringen d\u00f8mt til fengsel i 13 \u00e5r, men Borgarting lagmannsrett har hevet straffen til 14 \u00e5r.<\/p>\n<p>\u00abLagmannsretten ser ingen formildende omstendigheter. Drapet er beg\u00e5tt p\u00e5 en graverende m\u00e5te\u00bb, heter det i den enstemmige dommen.<\/p>\n<p>Natt til 9. desember 2023 ble Dominguez (56) drept i leiligheten sin p\u00e5 Frogner i Oslo, etter at han og den tiltalte hadde m\u00f8ttes tilfeldig p\u00e5 byen etter \u00e5 ha deltatt p\u00e5 hvert sitt julebord.<\/p>\n<p>Tiltalte har hele tiden nektet straffskyld. Han hevder at han ble innel\u00e5st i leiligheten mot sin vilje, og at han ut\u00f8vde vold i n\u00f8dverge.<\/p>\n<p>Mannens forsvarer Cathrine Anahi Bang sier til NRK at de vurderer \u00e5 anke dommen til H\u00f8yesterett.<\/p>\n<p>\u2013 Det er vanskelig \u00e5 forst\u00e5r at det faktum at min klient var innesperret ikke skal f\u00e5 noe betydning for utm\u00e5lingen.<\/p>\n","protected":false},"excerpt":{"rendered":"Lagmannsretten har skjerpet straffen mot en 28 \u00e5r gammel mann som er d\u00f8mt for drapet p\u00e5 Erik Dominguez&hellip;\n","protected":false},"author":2,"featured_media":115349,"comment_status":"","ping_status":"","sticky":false,"template":"","format":"standard","meta":{"footnotes":""},"categories":[10],"tags":[20,21,24,25,15,22,23,13,30,28,29,14,16,26,27],"class_list":{"0":"post-115386","1":"post","2":"type-post","3":"status-publish","4":"format-standard","5":"has-post-thumbnail","7":"category-norge","8":"tag-breaking-news","9":"tag-breakingnews","10":"tag-featured-news","11":"tag-featurednews","12":"tag-headlines","13":"tag-latest-news","14":"tag-latestnews","15":"tag-news","16":"tag-no","17":"tag-norge","18":"tag-norway","19":"tag-nyheter","20":"tag-overskrifter","21":"tag-top-stories","22":"tag-topstories"},"share_on_mastodon":{"url":"https:\/\/pubeurope.com\/@no\/115734372992249856","error":""},"_links":{"self":[{"href":"https:\/\/www.europesays.com\/no\/wp-json\/wp\/v2\/posts\/115386","targetHints":{"allow":["GET"]}}],"collection":[{"href":"https:\/\/www.europesays.com\/no\/wp-json\/wp\/v2\/posts"}],"about":[{"href":"https:\/\/www.europesays.com\/no\/wp-json\/wp\/v2\/types\/post"}],"author":[{"embeddable":true,"href":"https:\/\/www.europesays.com\/no\/wp-json\/wp\/v2\/users\/2"}],"replies":[{"embeddable":true,"href":"https:\/\/www.europesays.com\/no\/wp-json\/wp\/v2\/comments?post=115386"}],"version-history":[{"count":0,"href":"https:\/\/www.europesays.com\/no\/wp-json\/wp\/v2\/posts\/115386\/revisions"}],"wp:featuredmedia":[{"embeddable":true,"href":"https:\/\/www.europesays.com\/no\/wp-json\/wp\/v2\/media\/115349"}],"wp:attachment":[{"href":"https:\/\/www.europesays.com\/no\/wp-json\/wp\/v2\/media?parent=115386"}],"wp:term":[{"taxonomy":"category","embeddable":true,"href":"https:\/\/www.europesays.com\/no\/wp-json\/wp\/v2\/categories?post=115386"},{"taxonomy":"post_tag","embeddable":true,"href":"https:\/\/www.europesays.com\/no\/wp-json\/wp\/v2\/tags?post=115386"}],"curies":[{"name":"wp","href":"https:\/\/api.w.org\/{rel}","templated":true}]}}