{"id":115389,"date":"2025-12-17T10:13:34","date_gmt":"2025-12-17T10:13:34","guid":{"rendered":"https:\/\/www.europesays.com\/no\/115389\/"},"modified":"2025-12-17T10:13:34","modified_gmt":"2025-12-17T10:13:34","slug":"ranheim-fotball-sport-ranheim-i-forhandlinger-med-svensk-mester","status":"publish","type":"post","link":"https:\/\/www.europesays.com\/no\/115389\/","title":{"rendered":"Ranheim Fotball, Sport | Ranheim i forhandlinger med svensk mester"},"content":{"rendered":"\n<p>(<a href=\"https:\/\/www.nettavisen.no\/sport\/ranheim-i-forhandlinger-med-svensk-mester-om-ki-samuelsen\/s\/5-95-2783564\" rel=\"Follow nofollow noopener\" target=\"_blank\">Nettavisen<\/a>): Ranheim er etter det Nettavisen forst\u00e5r i forhandlinger med den svenske Allsvenskan-mesteren Mj\u00e4llby om en overgang for \u00c1ki Samuelsen.<\/p>\n<p>21-\u00e5ringen fra F\u00e6r\u00f8yene kom til Ranheim f\u00f8r 2025-sesongen og imponerte med 20 m\u00e5lpoeng p\u00e5 28 kamper p\u00e5 det nest \u00f8verste niv\u00e5et.<\/p>\n<p>N\u00e5 kan ferden allerede g\u00e5 videre om de siste detaljene faller p\u00e5 plass.<\/p>\n<p>Mj\u00e4llby har den siste tiden lagt inn bud p\u00e5 Samuelsen og forhandlet med Ranheim om en avtale. Klubbene skal if\u00f8lge opplysningene v\u00e6re positive til \u00e5 komme til enighet om en pakke som vil passere ti millioner kroner.<\/p>\n<p>Sportssjef i Ranheim, K\u00e5re Ingebrigtsen, \u00f8nsker ikke \u00e5 kommentere opplysningene til Nettavisen.<\/p>\n<p>   <img decoding=\"async\" width=\"5851\" height=\"3901\" fetchpriority=\"low\"  loading=\"lazy\"  src=\"https:\/\/www.europesays.com\/no\/wp-content\/uploads\/2025\/12\/1765966414_104_NTB_hDf2oWH2nHE.jpg\" alt=\"Oslo 20240729. &#10;Ranheims trener K\u00e5re Ingebrigtsen etter 1. divisjonskampen i fotball mellom V\u00e5lerenga og Ranheim p\u00e5 Intility arena i Oslo.&#10;Foto: Amanda Pedersen Giske \/ NTB\" class=\"brick-c-cFOWSL\" style=\"--brick-image-ratio: 5851 \/ 3901;\"\/><\/p>\n<p>      KAN GJ\u00d8RE STORT SALG: Ranheims sportssjefK\u00e5re Ingebrigtsen.<br \/>\n      Foto: Amanda Pedersen Giske\n    <\/p>\n<p>Ranheim betalte under millionen for Samuelsen da han kom fra Torshavn i mars. N\u00e5 vil Obos-ligaklubben mangedoble gevinsten om salget g\u00e5r i orden den neste tiden.<\/p>\n<p>Mj\u00e4llby trenes n\u00e5 av norske Karl Marius Aksum. Klubben skal ut i Champions League-kvalifisering neste h\u00f8st etter at de sjokkerte fotbl-Sverige og tok tittelen i 2025.<\/p>\n","protected":false},"excerpt":{"rendered":"(Nettavisen): Ranheim er etter det Nettavisen forst\u00e5r i forhandlinger med den svenske Allsvenskan-mesteren Mj\u00e4llby om en overgang for&hellip;\n","protected":false},"author":2,"featured_media":114819,"comment_status":"","ping_status":"","sticky":false,"template":"","format":"standard","meta":{"footnotes":""},"categories":[59],"tags":[163,36,30,28,29,337,1643,83,82,1510],"class_list":{"0":"post-115389","1":"post","2":"type-post","3":"status-publish","4":"format-standard","5":"has-post-thumbnail","7":"category-sport","8":"tag-allsvenskan","9":"tag-art","10":"tag-no","11":"tag-norge","12":"tag-norway","13":"tag-obos-ligaen","14":"tag-ranheim-fotball","15":"tag-sport","16":"tag-sports","17":"tag-story"},"share_on_mastodon":{"url":"https:\/\/pubeurope.com\/@no\/115734381170370525","error":""},"_links":{"self":[{"href":"https:\/\/www.europesays.com\/no\/wp-json\/wp\/v2\/posts\/115389","targetHints":{"allow":["GET"]}}],"collection":[{"href":"https:\/\/www.europesays.com\/no\/wp-json\/wp\/v2\/posts"}],"about":[{"href":"https:\/\/www.europesays.com\/no\/wp-json\/wp\/v2\/types\/post"}],"author":[{"embeddable":true,"href":"https:\/\/www.europesays.com\/no\/wp-json\/wp\/v2\/users\/2"}],"replies":[{"embeddable":true,"href":"https:\/\/www.europesays.com\/no\/wp-json\/wp\/v2\/comments?post=115389"}],"version-history":[{"count":0,"href":"https:\/\/www.europesays.com\/no\/wp-json\/wp\/v2\/posts\/115389\/revisions"}],"wp:featuredmedia":[{"embeddable":true,"href":"https:\/\/www.europesays.com\/no\/wp-json\/wp\/v2\/media\/114819"}],"wp:attachment":[{"href":"https:\/\/www.europesays.com\/no\/wp-json\/wp\/v2\/media?parent=115389"}],"wp:term":[{"taxonomy":"category","embeddable":true,"href":"https:\/\/www.europesays.com\/no\/wp-json\/wp\/v2\/categories?post=115389"},{"taxonomy":"post_tag","embeddable":true,"href":"https:\/\/www.europesays.com\/no\/wp-json\/wp\/v2\/tags?post=115389"}],"curies":[{"name":"wp","href":"https:\/\/api.w.org\/{rel}","templated":true}]}}