{"id":115390,"date":"2025-12-17T10:14:16","date_gmt":"2025-12-17T10:14:16","guid":{"rendered":"https:\/\/www.europesays.com\/no\/115390\/"},"modified":"2025-12-17T10:14:16","modified_gmt":"2025-12-17T10:14:16","slug":"brandi-glanville-kaster-klaerne-i-ny-julevideo","status":"publish","type":"post","link":"https:\/\/www.europesays.com\/no\/115390\/","title":{"rendered":"Brandi Glanville kaster kl\u00e6rne i ny julevideo"},"content":{"rendered":"<p class=\"kicker \" style=\"\">Brandi Glanville:<\/p>\n<p>  Brandi Glanville g\u00e5r inn i julen med en mye bedre f\u00f8lelse enn i fjor. Etter helseplagene viser hun n\u00e5 frem \u00e5rets lettkledde jule-look.<\/p>\n<p>\n    KASTER KL\u00c6RNE: Brandi Glanville dropper buksene denne juletiden. Foto: John Angelillo\/UPI\/Shutterstock\n  <\/p>\n<p>Real Housewives-stjerne Brandi Glanville (53) kaster kl\u00e6rne denne julen.<\/p>\n<p>    <a itemprop=\"url\" href=\"https:\/\/www.seher.no\/kjendis\/har-fatt-diagnose\/83950293\" rel=\"nofollow noopener\" target=\"_blank\"><\/p>\n<p>        <img loading=\"lazy\" decoding=\"async\" src=\"https:\/\/www.europesays.com\/no\/wp-content\/uploads\/2025\/12\/1765966454_349_82449161.webp\" width=\"980\" height=\"441\" title=\"Har f\u00e5tt diagnose\" alt=\"\" class=\"lazyload\" style=\"--aspect-ratio-image: 2.22; \"\/><\/p>\n<p>        Har f\u00e5tt diagnose<\/p>\n<p>    <\/a><\/p>\n<p>P\u00e5 Instagram la Glanville ut en humoristisk video av seg og kompisen James Maas i matchende r\u00f8de jule-antrekk.\u00a0<\/p>\n<p>I en kort genser, en liten bikiniunderdel og nisselue med leopard-detaljer, svinger TV-profilen seg rundt i stuen til Wham!s \u00abLast Christmas\u00bb.\u00a0<\/p>\n<p>        AVSL\u00d8RT: N\u00e5r kongefamilien samles til julebakst, er det \u00e9n ting som g\u00e5r igjen. Kong Harald har nemlig en svakhet som mange vil kjenne seg igjen i. Reporter: Caroline Vagle. Video: Kine Falch<\/p>\n<p>Maas er if\u00f8rt en morgenk\u00e5pe i r\u00f8d sateng, og dytter veninnen ut av bildet i kamp om \u00e5 f\u00e5 mest plass i videoen selv.\u00a0<\/p>\n<p>&#8211; Det er dette som skjer n\u00e5r vi pr\u00f8ver \u00e5 sette opp juletreet sammen, skriver Glanville under innlegget.\u00a0<\/p>\n<p>    <a itemprop=\"url\" href=\"https:\/\/www.seher.no\/kjendis\/deler-sjokkbilder\/83418294\" rel=\"nofollow noopener\" target=\"_blank\"><\/p>\n<p>        <img loading=\"lazy\" decoding=\"async\" src=\"https:\/\/www.europesays.com\/no\/wp-content\/uploads\/2025\/12\/83418308.webp\" width=\"980\" height=\"441\" title=\"Deler sjokkbilder\" alt=\"\" class=\"lazyload\" style=\"--aspect-ratio-image: 2.22; \"\/><\/p>\n<p>        Deler sjokkbilder<\/p>\n<p>    <\/a><\/p>\n<p>Glanville har mer \u00e5 smile over i \u00e5r enn hva hun hadde sist jul, skriver <a href=\"https:\/\/www.tmz.com\/2025\/12\/14\/brandi-glanville-dances-last-christmas-thong\/\" target=\"_blank\" rel=\"nofollow noopener\">TMZ <\/a>som omtaler videoen.\u00a0<\/p>\n<p>Det er nemlig rett over et \u00e5r siden hun delte det f\u00f8rste bildet av hudsykdommen som plutselig rammet ansiktet hennes.<\/p>\n<p>        <img loading=\"lazy\" decoding=\"async\" src=\"https:\/\/www.europesays.com\/no\/wp-content\/uploads\/2025\/12\/1765966456_611_82449161.webp\" width=\"686\" height=\"453\" title=\"SJOKKBILDER: Brandi Glanville har delt en rekke bilder og oppdateringer p\u00e5 helsetilstanden. Foto: Instagram @brandiglanville\" alt=\"\" class=\"\" style=\"--aspect-ratio-image: 1.51; \"\/><\/p>\n<p>\n        SJOKKBILDER: Brandi Glanville har delt en rekke bilder og oppdateringer p\u00e5 helsetilstanden. Foto: Instagram @brandiglanville\n    <\/p>\n<p>Tidligere i desember kunne \u00abReal Housewives\u00bb-stjernen puste lettet ut etter \u00e5 endelig ha f\u00e5tt en diagnose. Hva denne diagnosen er, har hun ikke delt helt enn\u00e5.<\/p>\n<p>        TABBE: Det gikk ikke helt som planlagt for dommer Merete Lingj\u00e6rde da hun skulle si navnet p\u00e5 en av danserne under kveldens \u00abSkal vi danse\u00bb. Dette sier hun etter glippen. Video: Karolina Grace Rusov-Hansen. Video: Sanne Holt.<\/p>\n<p>I m\u00e5nedsvis slet hun med store hevelser i ansiktet, branns\u00e5r og hud som b\u00e5de henger og klumper seg opp. Hun har brukt enorme summer p\u00e5 legetimer samt isolert seg selv store deler av tiden n\u00e5r huden har v\u00e6rt p\u00e5 sitt verste.\u00a0<\/p>\n","protected":false},"excerpt":{"rendered":"Brandi Glanville: Brandi Glanville g\u00e5r inn i julen med en mye bedre f\u00f8lelse enn i fjor. Etter helseplagene&hellip;\n","protected":false},"author":2,"featured_media":115391,"comment_status":"","ping_status":"","sticky":false,"template":"","format":"standard","meta":{"footnotes":""},"categories":[58],"tags":[12642,71,479,2543,30,28,29,6240,72],"class_list":{"0":"post-115390","1":"post","2":"type-post","3":"status-publish","4":"format-standard","5":"has-post-thumbnail","7":"category-underholdning","8":"tag-brandi-glanville","9":"tag-entertainment","10":"tag-kjendis","11":"tag-kjendisdesken","12":"tag-no","13":"tag-norge","14":"tag-norway","15":"tag-real-housewives-of-beverly-hills","16":"tag-underholdning"},"share_on_mastodon":{"url":"https:\/\/pubeurope.com\/@no\/115734384990379320","error":""},"_links":{"self":[{"href":"https:\/\/www.europesays.com\/no\/wp-json\/wp\/v2\/posts\/115390","targetHints":{"allow":["GET"]}}],"collection":[{"href":"https:\/\/www.europesays.com\/no\/wp-json\/wp\/v2\/posts"}],"about":[{"href":"https:\/\/www.europesays.com\/no\/wp-json\/wp\/v2\/types\/post"}],"author":[{"embeddable":true,"href":"https:\/\/www.europesays.com\/no\/wp-json\/wp\/v2\/users\/2"}],"replies":[{"embeddable":true,"href":"https:\/\/www.europesays.com\/no\/wp-json\/wp\/v2\/comments?post=115390"}],"version-history":[{"count":0,"href":"https:\/\/www.europesays.com\/no\/wp-json\/wp\/v2\/posts\/115390\/revisions"}],"wp:featuredmedia":[{"embeddable":true,"href":"https:\/\/www.europesays.com\/no\/wp-json\/wp\/v2\/media\/115391"}],"wp:attachment":[{"href":"https:\/\/www.europesays.com\/no\/wp-json\/wp\/v2\/media?parent=115390"}],"wp:term":[{"taxonomy":"category","embeddable":true,"href":"https:\/\/www.europesays.com\/no\/wp-json\/wp\/v2\/categories?post=115390"},{"taxonomy":"post_tag","embeddable":true,"href":"https:\/\/www.europesays.com\/no\/wp-json\/wp\/v2\/tags?post=115390"}],"curies":[{"name":"wp","href":"https:\/\/api.w.org\/{rel}","templated":true}]}}