{"id":115392,"date":"2025-12-17T10:18:00","date_gmt":"2025-12-17T10:18:00","guid":{"rendered":"https:\/\/www.europesays.com\/no\/115392\/"},"modified":"2025-12-17T10:18:00","modified_gmt":"2025-12-17T10:18:00","slug":"volkswagen-stanser-produksjonen-i-dresden-tysk-bilindustri-i-svaert-alvorlig-krise","status":"publish","type":"post","link":"https:\/\/www.europesays.com\/no\/115392\/","title":{"rendered":"Volkswagen stanser produksjonen i Dresden \u2013 tysk bilindustri i sv\u00e6rt alvorlig krise"},"content":{"rendered":"<p>            <img loading=\"lazy\" decoding=\"async\" width=\"696\" height=\"399\" class=\"entry-thumb\" src=\"https:\/\/www.europesays.com\/no\/wp-content\/uploads\/2025\/12\/volkswagen-dresden.jpg\"   alt=\"\" title=\"Dresden,,Germany,-,May,23,,2025:,Volkswagen,Transparent,Factory,In\"\/>Bilproduksjonen ved Volkswagens prestisjeanlegg i Dresden legge ned. Shutterstock.<\/p>\n<p>Volkswagen <a href=\"https:\/\/www.berliner-zeitung.de\/wirtschaft-verantwortung\/vw-stellt-autoproduktion-in-dresden-ein-erstmals-in-88-jaehriger-geschichte-li.10010231\" rel=\"nofollow noopener\" target=\"_blank\">stopper bilproduksjonen i Gl\u00e4serne Manufaktur<\/a> i Dresden ved utgangen av 2025. Dette er f\u00f8rste gang p\u00e5 88 \u00e5r at VW avslutter produksjon ved et tysk anlegg, men bygningen stenges ikke helt \u2013 den omgj\u00f8res til et innovasjonssenter for KI, robotikk og mobilitet i samarbeid med TU Dresden, og beholdes som kundesenter og opplevelsesarena. De rundt 230 ansatte beholder forel\u00f8pig jobbene sine. Dette inng\u00e5r i VWs st\u00f8rre spareprogram med opptil 35.000 stillingskutt i Tyskland frem til 2030 (uten tvangsoppsigelser takket v\u00e6re avtale med IG Metall).<\/p>\n<p>TU Dresden er Technische Universit\u00e4t Dresden, et stort teknisk og vitenskapelig universitet i Dresden, Tyskland, kjent for sin forskning og utdanning, spesielt innen ingeni\u00f8rfag, naturvitenskap, medisin og humaniora, og er en del av den prestisjetunge DRESDEN-concept forskningsalliansen, som samler flere forskningsinstitusjoner i byen for \u00e5 styrke samarbeid.<\/p>\n<p>Volkswagen (VW-konsernet) er ikke hvilken som helst bilfabrikk. De kan beskrives som hj\u00f8rnesteinen i tysk bilindustri og en av de mest sentrale akt\u00f8rene i hele den tyske \u00f8konomien. Anlegget i Dresden var viktig som et symbol p\u00e5 industriell nyutvikling etter gjenforeninga av Tyskland. Det representerte VWs engasjement i regionen, bidro til Dresdens image som h\u00f8yteknologiby (Silicon Saxony).<\/p>\n<p>VW er Tysklands st\u00f8rste industrielle arbeidsgiver, med rundt 293.000\u2013300.000 ansatte i Tyskland (av totalt ca. 680.000 globalt). Dette utgj\u00f8r en betydelig del av de ca. 780.000 direkte sysselsatte i bilindustrien nasjonalt. Konsernet inkluderer merker som Audi, Porsche, Skoda og Seat, og har stor innflytelse p\u00e5 leverand\u00f8rkjeder som st\u00f8tter millioner av indirekte jobber.<\/p>\n<p>Bilindustrien som helhet bidrar med ca. 5% av Tysklands BNP og st\u00e5r for over 20% av eksporten. VW er den dominerende akt\u00f8ren her \u2013 konsernet er Tysklands (og Europas) st\u00f8rste bilprodusent m\u00e5lt i omsetning (over 320 milliarder euro i 2023), og har historisk v\u00e6rt motoren i landets eksportbaserte vekstmodell. S\u00e6rlig i delstaten Niedersachsen (hvor hovedkvarteret i Wolfsburg ligger) er VW ekstremt viktig, med en enorm andel av regional verdiskaping og sysselsetting.<\/p>\n<p>Volkswagen er intet mindre enn det fremste symbolet p\u00e5 tysk ingeni\u00f8rkunst og \u00abWirtschaftswunder\u00bb. N\u00e5r de legger ned et viktig anlegg er det samtidig et symbol p\u00e5 et helt system i djup krise.<\/p>\n<p>Hvordan st\u00e5r det til med resten av tysk bilindustri?<\/p>\n<p>Hele den tyske bilindustrien er i ei <a href=\"https:\/\/www.ey.com\/de_de\/newsroom\/2025\/03\/ey-automobilstandort-deutschland-2025\" rel=\"nofollow noopener\" target=\"_blank\">djup krise<\/a> per desember 2025, med sviktende salg (spesielt i Kina og p\u00e5 grunn av USA-toll), h\u00f8ye kostnader, overgang til elbil (som g\u00e5r tregere enn ventet) og sterk konkurranse fra kinesiske produsenter.<\/p>\n<ul class=\"wp-block-list\">\n<li>Over 50.000 jobber har forsvunnet i bransjen det siste \u00e5ret (ca. 7 % reduksjon). VW, Mercedes, BMW, Bosch, ZF og andre har annonserte store kuttprogrammer.<\/li>\n<li>Summen av overskudd for VW, Mercedes og BMW falt med rundt 46% i f\u00f8rste ni m\u00e5neder av 2025. Tredje kvartal 2025 var det svakeste for tyske produsenter siden finanskrisen i 2009 (operativt overskudd ned 76% til ca. 1,7 milliarder euro for de tre store).<\/li>\n<\/ul>\n<p>Resten av Europa: En bransje i krise<\/p>\n<p>Den europeiske bilindustrien (utenfor Tyskland) sliter med mange av de samme utfordringene som i Tyskland: svakt salg, treg overgang til elbil, sterk kinesisk konkurranse, h\u00f8ye kostnader, USA-toll og strengere CO2-regler. Bransjen beskrives ofte som i en \u00abeksistensiell krise\u00bb eller \u00abmortal danger\u00bb, med overkapasitet, fallende profitt og massive strukturelle endringer.<\/p>\n<p>Over 100.000 jobber har blitt annonsert kuttet eller truet i 2024\u20132025. Eksempler:<\/p>\n<ul class=\"wp-block-list\">\n<li>Stellantis (Peugeot, Citro\u00ebn, Fiat, Opel, Jeep m.m.): Har kuttet nesten 10.000 jobber i Italia de siste fire \u00e5rene, midlertidig stoppet produksjon ved flere fabrikker (inkludert i Frankrike, Italia og Tyskland), og planlegger flere kutt. Fabrikker som Mirafiori (Italia) og Luton (UK, Vauxhall) er stengt eller truet.<\/li>\n<li>Ford: Planlegger 4000 kutt i Europa frem til 2027, mest i Tyskland og UK.<\/li>\n<li>Andre: Bosch (opptil 5500 kutt), ZF (12.000 i Tyskland), Continental (7150 globalt), Schaeffler (4700 i Europa). Audi (VW-gruppen) stenger fabrikk i Brussel. Totalt trues opptil 106.000 jobber i restruktureringer.<\/li>\n<\/ul>\n<p>Bransjen sysselsetter ca. 13\u201314 millioner direkte\/indirekte i EU (6% av arbeidsstyrken), og bidrar med rundt 8% av BNP.<\/p>\n<p>Bransjen har vendt seg til EU for \u00e5 bli reddet: <strong><a href=\"https:\/\/www.euronews.com\/my-europe\/2025\/09\/08\/car-industry-seeks-eu-life-support-from-near-death-experience\" rel=\"nofollow noopener\" target=\"_blank\">Crash or rescue: European carmakers look to EU for salvation<\/a><\/strong>.<\/p>\n<p>De kunne jo tro det! EU har nok med \u00e5 pr\u00f8ve \u00e5 redde seg sj\u00f8l.<\/p>\n<p><img data-recalc-dims=\"1\" fetchpriority=\"high\" decoding=\"async\" width=\"696\" height=\"525\" src=\"https:\/\/www.europesays.com\/no\/wp-content\/uploads\/2025\/12\/image-23.png\" alt=\"\" class=\"wp-image-155597\"  \/><\/p>\n<p>Her ser vi hvordan Kina dominerer bilbransjen internasjonalt og hvordan denne dominansen er blitt mye sterkere p\u00e5 15 \u00e5r. Vi ser ogs\u00e5 hvor ubetydelig europeisk bilindustri er blitt. <\/p>\n<p>Dette er igjen et symbol p\u00e5 hvor ubetydelig europeisk industri er blitt i de globale produksjonskjedene.<\/p>\n","protected":false},"excerpt":{"rendered":"Bilproduksjonen ved Volkswagens prestisjeanlegg i Dresden legge ned. Shutterstock. Volkswagen stopper bilproduksjonen i Gl\u00e4serne Manufaktur i Dresden ved&hellip;\n","protected":false},"author":2,"featured_media":115393,"comment_status":"","ping_status":"","sticky":false,"template":"","format":"standard","meta":{"footnotes":""},"categories":[56],"tags":[60,61,62,30,28,29],"class_list":{"0":"post-115392","1":"post","2":"type-post","3":"status-publish","4":"format-standard","5":"has-post-thumbnail","7":"category-naeringsliv","8":"tag-business","9":"tag-economy","10":"tag-naeringsliv","11":"tag-no","12":"tag-norge","13":"tag-norway"},"share_on_mastodon":{"url":"https:\/\/pubeurope.com\/@no\/115734400700040332","error":""},"_links":{"self":[{"href":"https:\/\/www.europesays.com\/no\/wp-json\/wp\/v2\/posts\/115392","targetHints":{"allow":["GET"]}}],"collection":[{"href":"https:\/\/www.europesays.com\/no\/wp-json\/wp\/v2\/posts"}],"about":[{"href":"https:\/\/www.europesays.com\/no\/wp-json\/wp\/v2\/types\/post"}],"author":[{"embeddable":true,"href":"https:\/\/www.europesays.com\/no\/wp-json\/wp\/v2\/users\/2"}],"replies":[{"embeddable":true,"href":"https:\/\/www.europesays.com\/no\/wp-json\/wp\/v2\/comments?post=115392"}],"version-history":[{"count":0,"href":"https:\/\/www.europesays.com\/no\/wp-json\/wp\/v2\/posts\/115392\/revisions"}],"wp:featuredmedia":[{"embeddable":true,"href":"https:\/\/www.europesays.com\/no\/wp-json\/wp\/v2\/media\/115393"}],"wp:attachment":[{"href":"https:\/\/www.europesays.com\/no\/wp-json\/wp\/v2\/media?parent=115392"}],"wp:term":[{"taxonomy":"category","embeddable":true,"href":"https:\/\/www.europesays.com\/no\/wp-json\/wp\/v2\/categories?post=115392"},{"taxonomy":"post_tag","embeddable":true,"href":"https:\/\/www.europesays.com\/no\/wp-json\/wp\/v2\/tags?post=115392"}],"curies":[{"name":"wp","href":"https:\/\/api.w.org\/{rel}","templated":true}]}}