{"id":115410,"date":"2025-12-17T10:37:08","date_gmt":"2025-12-17T10:37:08","guid":{"rendered":"https:\/\/www.europesays.com\/no\/115410\/"},"modified":"2025-12-17T10:37:08","modified_gmt":"2025-12-17T10:37:08","slug":"trafikk-bodotunnelen-rykker-ut-etter-ande-melding-vaer-obs","status":"publish","type":"post","link":"https:\/\/www.europesays.com\/no\/115410\/","title":{"rendered":"Trafikk, Bod\u00f8tunnelen | Rykker ut etter ande-melding: \u2013 V\u00e6r obs!"},"content":{"rendered":"\n<p>Saken oppdateres<\/p>\n<p>Personell rykker ut etter melding om cirka ti ender som er observert ved innkj\u00f8ringen til Bod\u00f8tunnelen p\u00e5 bysiden, melder politiet.<\/p>\n<p>\u2013 Ber om at trafikanter er ekstra observant i omr\u00e5det. Det er personell p\u00e5 vei til stedet for \u00e5 f\u00e5 flokken flyttet av veien, melder Kai Even Sundnes ved Politiets operasjonssentral.<\/p>\n<p>Anders Johansen ved operasjonssentralen sier til AN at de varslet Vegtrafikksentralen etter flere meldinger.<\/p>\n<p>\u2013 S\u00e5 vi har verken arrestert eller flyttet noen ender med makt, sier han.<\/p>\n","protected":false},"excerpt":{"rendered":"Saken oppdateres Personell rykker ut etter melding om cirka ti ender som er observert ved innkj\u00f8ringen til Bod\u00f8tunnelen&hellip;\n","protected":false},"author":2,"featured_media":115411,"comment_status":"","ping_status":"","sticky":false,"template":"","format":"standard","meta":{"footnotes":""},"categories":[12],"tags":[36,1525,13998,20,21,24,25,15,22,23,13,30,28,29,14,16,254,1510,26,27,224,42,43,44,45],"class_list":{"0":"post-115410","1":"post","2":"type-post","3":"status-publish","4":"format-standard","5":"has-post-thumbnail","7":"category-verden","8":"tag-art","9":"tag-bodo","10":"tag-bodotunnelen","11":"tag-breaking-news","12":"tag-breakingnews","13":"tag-featured-news","14":"tag-featurednews","15":"tag-headlines","16":"tag-latest-news","17":"tag-latestnews","18":"tag-news","19":"tag-no","20":"tag-norge","21":"tag-norway","22":"tag-nyheter","23":"tag-overskrifter","24":"tag-politi","25":"tag-story","26":"tag-top-stories","27":"tag-topstories","28":"tag-trafikk","29":"tag-verden","30":"tag-world","31":"tag-world-news","32":"tag-worldnews"},"share_on_mastodon":{"url":"https:\/\/pubeurope.com\/@no\/115734475244978112","error":""},"_links":{"self":[{"href":"https:\/\/www.europesays.com\/no\/wp-json\/wp\/v2\/posts\/115410","targetHints":{"allow":["GET"]}}],"collection":[{"href":"https:\/\/www.europesays.com\/no\/wp-json\/wp\/v2\/posts"}],"about":[{"href":"https:\/\/www.europesays.com\/no\/wp-json\/wp\/v2\/types\/post"}],"author":[{"embeddable":true,"href":"https:\/\/www.europesays.com\/no\/wp-json\/wp\/v2\/users\/2"}],"replies":[{"embeddable":true,"href":"https:\/\/www.europesays.com\/no\/wp-json\/wp\/v2\/comments?post=115410"}],"version-history":[{"count":0,"href":"https:\/\/www.europesays.com\/no\/wp-json\/wp\/v2\/posts\/115410\/revisions"}],"wp:featuredmedia":[{"embeddable":true,"href":"https:\/\/www.europesays.com\/no\/wp-json\/wp\/v2\/media\/115411"}],"wp:attachment":[{"href":"https:\/\/www.europesays.com\/no\/wp-json\/wp\/v2\/media?parent=115410"}],"wp:term":[{"taxonomy":"category","embeddable":true,"href":"https:\/\/www.europesays.com\/no\/wp-json\/wp\/v2\/categories?post=115410"},{"taxonomy":"post_tag","embeddable":true,"href":"https:\/\/www.europesays.com\/no\/wp-json\/wp\/v2\/tags?post=115410"}],"curies":[{"name":"wp","href":"https:\/\/api.w.org\/{rel}","templated":true}]}}