{"id":115416,"date":"2025-12-17T10:40:13","date_gmt":"2025-12-17T10:40:13","guid":{"rendered":"https:\/\/www.europesays.com\/no\/115416\/"},"modified":"2025-12-17T10:40:13","modified_gmt":"2025-12-17T10:40:13","slug":"david-eriksen-om-aldersforskjellen-med-louise-angelica-riise","status":"publish","type":"post","link":"https:\/\/www.europesays.com\/no\/115416\/","title":{"rendered":"David Eriksen om aldersforskjellen med Louise Angelica Riise"},"content":{"rendered":"<p class=\"kicker \" style=\"\">David Eriksen:\u00a0<\/p>\n<p>  Kjendismanageren \u00e5pner om baby-prat &#8211; og den store aldersforskjellen med kj\u00e6resten Louise Angelica Riise.\u00a0<\/p>\n<p>\n    KJ\u00c6RESTER: Louise Angelica Riise og David Eriksen p\u00e5 20-\u00e5rs jubileet til Tone Damli tidligere i h\u00f8st. Foto: Andreas Fadum \/ Se og H\u00f8r\n  <\/p>\n<p>Louise Angelica Riise (35) og David Eriksen (58) har de siste \u00e5rene v\u00e6rt et av kjendisnorges mest profilerte par.\u00a0<\/p>\n<p class=\"font-weight-bold m-font-weight-bold\" data-lab-font_weight=\"font-weight-bold\">I 2023 kunne Se og H\u00f8r avsl\u00f8re at <a href=\"https:\/\/www.seher.no\/kjendis\/tatt-pa-fersken\/79870542\" rel=\"nofollow noopener\" target=\"_blank\">kj\u00e6rligheten blomstret mellom duoen<\/a>, da de ble avbildet sammen p\u00e5 en romantisk ferie i byen Marbella i Spania.\u00a0<\/p>\n<p>    <a itemprop=\"url\" href=\"https:\/\/www.seher.no\/kjendis\/det-blir-trist\/83970437\" rel=\"nofollow noopener\" target=\"_blank\"><\/p>\n<p>        <img loading=\"lazy\" decoding=\"async\" src=\"https:\/\/www.europesays.com\/no\/wp-content\/uploads\/2025\/12\/1765968009_728_83972569.webp\" width=\"980\" height=\"441\" title=\"- Det blir trist\" alt=\"\" class=\"lazyload\" style=\"--aspect-ratio-image: 2.22; \"\/><\/p>\n<p>        &#8211; Det blir trist<\/p>\n<p>    <\/a><\/p>\n<p>Siden den gang har Louise Angelica solgt leiligheten sin i B\u00e6rum, og flyttet inn i Davids leilighet p\u00e5 Frogner i Oslo. Der bor ogs\u00e5 s\u00f8nnen Colin (6), som hun fikk med John Arne Riise (45) i 2019.\u00a0<\/p>\n<p>Onsdag 17. desember er David gjest i podkasten <a href=\"https:\/\/podme.com\/no\/podkast\/ida-med-hjertet-i-handen\/\" rel=\"nofollow noopener\" target=\"_blank\">\u00abIda med hjertet i h\u00e5nden\u00bb<\/a>, der han gir et sjeldent innblikk i forholdet og \u00e5pner opp om aldersforskjellen.\u00a0<\/p>\n<p>        David Eriksen var ikke helt klar for sp\u00f8rsm\u00e5let som ventet han p\u00e5 den r\u00f8de l\u00f8peren. Video: H\u00e5vard Bj\u00f8rnerem Reporter: Sanne Holt<\/p>\n<p>&#8211; Man blir livredd\t<\/p>\n<p>N\u00e5, to og et halvt \u00e5r etter at paret bekreftet forholdet, g\u00e5r det fremdeles veldig bra mellom dem, sier David. I 2024 bekreftet Louise Angelica at hun og David hadde flyttet inn sammen.\u00a0<\/p>\n<p> &#8211; N\u00e5 har jeg det bra med David. Jeg er i dag p\u00e5 et veldig bra sted i livet, alt kjennes trygt og godt &#8211; og Colin er ogs\u00e5 blitt veldig glad i David, sa hun til\u00a0<a href=\"https:\/\/www.dagbladet.no\/tema\/etter-sjokkbruddet-roper-ny-hemmelighet\/81148746\" rel=\"nofollow noopener\" target=\"_blank\">Dagbladet Pluss<\/a>\u00a0i mars 2024. <\/p>\n<p>        <img loading=\"lazy\" decoding=\"async\" src=\"https:\/\/www.europesays.com\/no\/wp-content\/uploads\/2025\/12\/82096538.webp\" width=\"667\" height=\"868\" title=\"HATT SAMTALENB: David Eriksen og Louise Angelica Riise skal ha hatt flere samtaler om \u00e5 f\u00e5 barn sammen. Foto: Instagram \/ @louiseangelica\" alt=\"\" class=\"\" style=\"--aspect-ratio-image: 0.77; \"\/><\/p>\n<p>\n        HATT SAMTALENB: David Eriksen og Louise Angelica Riise skal ha hatt flere samtaler om \u00e5 f\u00e5 barn sammen. Foto: Instagram \/ @louiseangelica\n    <\/p>\n<p>Colin er Louise Angelicas eneste barn, og David r\u00f8per at han og kj\u00e6resten har snakket om \u00e5 f\u00e5 flere barn ved flere anledninger. Han sier imidlertid at han fremdeles trenger betenkningstid.<\/p>\n<p class=\"font-weight-bold m-font-weight-bold\" data-lab-font_weight=\"font-weight-bold\">&#8211; Hvis jeg skulle bli pappa n\u00e5, og jeg blir syk om ti \u00e5r, er det kult at et lite barn mister pappaen sin? sp\u00f8r han retorisk i podkasten.\u00a0<\/p>\n<p>    <a itemprop=\"url\" href=\"https:\/\/www.seher.no\/kjendis\/han-ble-sa-stolt\/83960731\" rel=\"nofollow noopener\" target=\"_blank\"><\/p>\n<p>        <img loading=\"lazy\" decoding=\"async\" src=\"https:\/\/www.europesays.com\/no\/wp-content\/uploads\/2025\/12\/1765968012_751_74934627.webp\" width=\"980\" height=\"441\" title=\"Bekrefter skilsmisse: - Det skjer\" alt=\"\" class=\"lazyload\" style=\"--aspect-ratio-image: 2.22; \"\/><\/p>\n<p>        Bekrefter skilsmisse: &#8211; Det skjer<\/p>\n<p>    <\/a><\/p>\n<p data-lab-font_weight=\"\">Han g\u00e5r ogs\u00e5 inn p\u00e5 aldersforskjellen mellom han og kj\u00e6resten. Det er 23 \u00e5r mellom ham og Louise Angelica, og han r\u00f8per at tanken til tider har gjort ham \u00ablivredd\u00bb.\u00a0<\/p>\n<p data-lab-font_weight=\"\">&#8211; Alderen er alderen. Og s\u00e5 kan jeg si, jeg kan v\u00e6re helt \u00e6rlig p\u00e5 noe som ikke er noe g\u00f8y \u00e5 v\u00e6re \u00e6rlig p\u00e5, men man g\u00e5r jo ogs\u00e5 litt s\u00e5nn og tenker \u00abN\u00e5r er det hun kommer til \u00e5 synes at jeg er for gammel?\u00bb <\/p>\n<p>        <img loading=\"lazy\" decoding=\"async\" src=\"https:\/\/www.europesays.com\/no\/wp-content\/uploads\/2025\/12\/83995657.webp\" width=\"667\" height=\"647\" title=\"BOR SAMMEN: Louise Angelica flyttet inn til David i 2024, sammen med s\u00f8nnen. S\u00f8nnen er bosatt b\u00e5de i Oslo og hjemme hos pappa John Arne Riise. Foto: Instagram \/ @louiseangelica\" alt=\"\" class=\"\" style=\"--aspect-ratio-image: 1.03; \"\/><\/p>\n<p>\n        BOR SAMMEN: Louise Angelica flyttet inn til David i 2024, sammen med s\u00f8nnen. S\u00f8nnen er bosatt b\u00e5de i Oslo og hjemme hos pappa John Arne Riise. Foto: Instagram \/ @louiseangelica\n    <\/p>\n<p data-lab-font_weight=\"\">&#8211; Man blir jo livredd for \u00e5 s\u00e5re seg sj\u00e6l, ikke sant? Dette har jeg faktisk aldri snakket om, utenom med henne. Det er en stygg greie mot seg selv, fordi &#8230; da kan jeg bli irritert.\u00a0<\/p>\n<p>Velter seg i luksus\t<\/p>\n<p>Louise Angelica sier at Colin og David har f\u00e5tt et godt forhold.\u00a0<\/p>\n<p> &#8211; David er en fantastisk snill og god bonuspappa. Relasjonen har vokst frem naturlig over tid, og det er s\u00e5 flott \u00e5 se hvordan de har funnet tonen, sa Louise til Se og H\u00f8r<\/p>\n<p>        BES\u00d8KER BRANNSTASJON: Prinsesse Ingrid Alexandra og Prins Sverre Magnus f\u00e5r pr\u00f8ve seg som brannkonstabel n\u00e5r de bes\u00f8ker Sentrum brannstasjon i Oslo. Video: Danny Son Ngoc To \/Thea Hope\/ R\u00f8d L\u00f8per<\/p>\n<p>Etter at de flyttet inn i den fasjonable leiligheten, tok det ikke lang tid f\u00f8r Louise Angelica gikk drastisk til verks &#8211; og <a href=\"https:\/\/www.seher.no\/kjendis\/det-er-ikke-drugs\/82489144\" rel=\"nofollow noopener\" target=\"_blank\">ville sette sitt preg p\u00e5 boligen<\/a>. <\/p>\n<p> I november 2024\u00a0 skrev Se og H\u00f8r at kjendismanageren og Louise Angelica\u00a0<a href=\"https:\/\/www.seher.no\/kjendis\/avslorer-gladnyhet\/82323957\" rel=\"nofollow noopener\" target=\"_blank\">\u00a0hadde g\u00e5tt til anskaffelse av en fasjonabel hytte p\u00e5 Kvitfjell.<\/a> <\/p>\n<p> &#8211; Vi har kj\u00f8pt oss en deilig hytte p\u00e5 Kvitfjell og gleder oss enormt til \u00e5 tilbringe mye av vinteren der. Hytten er ny, s\u00e5 vi slipper \u00e5 g\u00e5 i gang med nok et oppussingsprosjekt, fortalte David til Se og H\u00f8r. <\/p>\n<p> Paret punget ut 8,3 millioner kroner for hyttedr\u00f8mmen. <\/p>\n<p>Se og H\u00f8r har kontaktet David Eriksen om denne saken, forel\u00f8pig uten \u00e5 f\u00e5 svar.<\/p>\n","protected":false},"excerpt":{"rendered":"David Eriksen:\u00a0 Kjendismanageren \u00e5pner om baby-prat &#8211; og den store aldersforskjellen med kj\u00e6resten Louise Angelica Riise.\u00a0 KJ\u00c6RESTER: Louise&hellip;\n","protected":false},"author":2,"featured_media":115417,"comment_status":"","ping_status":"","sticky":false,"template":"","format":"standard","meta":{"footnotes":""},"categories":[59],"tags":[6784,3068,3252,479,3251,30,28,29,83,82],"class_list":{"0":"post-115416","1":"post","2":"type-post","3":"status-publish","4":"format-standard","5":"has-post-thumbnail","7":"category-sport","8":"tag-aldersforskjell","9":"tag-baby","10":"tag-david-eriksen","11":"tag-kjendis","12":"tag-louise-angelica-riise","13":"tag-no","14":"tag-norge","15":"tag-norway","16":"tag-sport","17":"tag-sports"},"share_on_mastodon":{"url":"https:\/\/pubeurope.com\/@no\/115734487242589552","error":""},"_links":{"self":[{"href":"https:\/\/www.europesays.com\/no\/wp-json\/wp\/v2\/posts\/115416","targetHints":{"allow":["GET"]}}],"collection":[{"href":"https:\/\/www.europesays.com\/no\/wp-json\/wp\/v2\/posts"}],"about":[{"href":"https:\/\/www.europesays.com\/no\/wp-json\/wp\/v2\/types\/post"}],"author":[{"embeddable":true,"href":"https:\/\/www.europesays.com\/no\/wp-json\/wp\/v2\/users\/2"}],"replies":[{"embeddable":true,"href":"https:\/\/www.europesays.com\/no\/wp-json\/wp\/v2\/comments?post=115416"}],"version-history":[{"count":0,"href":"https:\/\/www.europesays.com\/no\/wp-json\/wp\/v2\/posts\/115416\/revisions"}],"wp:featuredmedia":[{"embeddable":true,"href":"https:\/\/www.europesays.com\/no\/wp-json\/wp\/v2\/media\/115417"}],"wp:attachment":[{"href":"https:\/\/www.europesays.com\/no\/wp-json\/wp\/v2\/media?parent=115416"}],"wp:term":[{"taxonomy":"category","embeddable":true,"href":"https:\/\/www.europesays.com\/no\/wp-json\/wp\/v2\/categories?post=115416"},{"taxonomy":"post_tag","embeddable":true,"href":"https:\/\/www.europesays.com\/no\/wp-json\/wp\/v2\/tags?post=115416"}],"curies":[{"name":"wp","href":"https:\/\/api.w.org\/{rel}","templated":true}]}}