{"id":115426,"date":"2025-12-17T10:48:15","date_gmt":"2025-12-17T10:48:15","guid":{"rendered":"https:\/\/www.europesays.com\/no\/115426\/"},"modified":"2025-12-17T10:48:15","modified_gmt":"2025-12-17T10:48:15","slug":"musikk-kultur-disse-skal-spille-under-sommerens-store-musikkfest-i-hamar","status":"publish","type":"post","link":"https:\/\/www.europesays.com\/no\/115426\/","title":{"rendered":"Musikk, Kultur | Disse skal spille under sommerens store musikkfest i Hamar"},"content":{"rendered":"\n<p>1. august 2026 inviteres det nok en gang til fest p\u00e5 Tjuvholmen Arena i Hamar.<\/p>\n<p>I sommer var det Halva Priset, Spinnvill, Carina Dahl, Rune Rudberg, Postgirobygget og TIX som s\u00f8rget for god stemning foran flere tusen publikummere ved Mj\u00f8sas bredd.<\/p>\n<p>Slik s\u00e5 det ut den gang:<\/p>\n<p>  <a href=\"https:\/\/www.h-a.no\/5-139-1794732\" class=\"related-teaser has-image default-gallery-teaser article--c-eRUmMG article--c-eRUmMG-jKCPdD-design-default\" rel=\"nofollow noopener\" target=\"_blank\"><\/p>\n<p>    <img decoding=\"async\" loading=\"lazy\"  src=\"https:\/\/www.europesays.com\/no\/wp-content\/uploads\/2025\/12\/FOL_1883.JPG\" alt=\"\" class=\"brick-c-cFOWSL\" style=\"\"\/><\/p>\n<p>\n            Bildeserie<\/p>\n<p>              Folkefesten er godt i gang: Ser du noen du kjenner?\n        <\/p>\n<p>  <\/a><\/p>\n<p>\u00c9n artist returnerer til Hamar i august, men det er flere nye som st\u00e5r p\u00e5 plakaten. Billettsalget er allerede i gang.<\/p>\n<p><b>Her er lineupen for neste \u00e5rs arrangement:<\/b><\/p>\n<p>DDR<\/p>\n<p>Det har g\u00e5tt 9 \u00e5r siden DDR, med Atle Antonsen, Johan Golden og Berit Boman i spissen kastet inn de svette h\u00e5ndkl\u00e6rne i et Oslo Spektrum med 5.000 publikummere. De lovet \u00e5 gj\u00f8re comeback om 25 \u00e5r, men urolige tider og \u00f8kt polarisering har f\u00f8rt til at brubyggerbandets gjenforening tvang seg frem allerede i 2026. DDR ankommer med sin tidl\u00f8se, evig aktuelle og smultstenkede rockekaskade. I brubyggingens tjeneste er DDR gjerne \u00e5 betrakte som en smie for \u00e5 kreere vennskapskjetting mellom mennesker. Denne gangen strammer vi latexen ytterligere, vrenger dressene, kvesser gitaren, rubber batteriet, sm\u00f8rer bassen, polerer klavianoet og gnukker blank den p\u00e5kosta bl\u00e5serekken. Gj\u00f8r deg klar for et vanvittig og feststemt 12-mannsband, og gjenh\u00f8r med l\u00e5ter som \u00abHier Wird Es Leben, Rai Rai\u00bb, \u00abSchwache Menschen\u00bb, \u00ab99 Luftballons\u00bb og \u00abDie Winde Am Kai\u00bb. Alt pakket inn i tysk, bayermarinert rock.<\/p>\n<p>   <img decoding=\"async\" width=\"3555\" height=\"2517\" fetchpriority=\"low\"  loading=\"lazy\"  src=\"https:\/\/www.europesays.com\/no\/wp-content\/uploads\/2025\/12\/NTB_lTx7AQe8LOY.jpg\" alt=\"OSLO 20090206: Humorbandet DDR med Atle Antonsen, Johan Golden (med briller) og Berit Boman i spissen, slipper n\u00e5 samleplata \" das=\"\" war=\"\" p=\"\" den=\"\" har=\"\" de=\"\" samlet=\"\" noen=\"\" av=\"\" beste=\"\" norske=\"\" coverl=\"\" tysk=\"\" siden=\"\" startet=\"\" i=\"\" foto:=\"\" bj=\"\" sigurds=\"\" ntb=\"\" class=\"brick-c-cFOWSL\" style=\"--brick-image-ratio: 3555 \/ 2517;\"\/><\/p>\n<p>      Foto: Bj\u00f8rn Sigurds\u00f8n \/ NTB\n    <\/p>\n<p>  Halva Priset<\/p>\n<p>Med et sterkt fokus p\u00e5 \u00e5 levere det beste liveshowet publikum noen gang har sett, garanterer gutta bak Halva Priset, med Petter Katastrofe i spissen, god stemning, l\u00f8s jakke og en masterclass i r\u00f8lp. Halva Priset har samarbeidet med flere andre artister, blant andre Stian \u00abStaysman\u00bb Thorbj\u00f8rnsen og Maria Mena. Sistnevnte var med og gjorde \u00abDen fineste Chevy&#8217;n\u00bb til en megahit i 2021 og bandet har totalt over 150 millioner avspillinger p\u00e5 Spotify. Det blir \u00abKjerring ifra by&#8217;n\u00bb, \u00abKonge p\u00e5 b\u00f8gda\u00bb, \u00abRaggarhimlen\u00bb og \u00abKompis\u00bb. Det blir b\u00e5de pyro, r\u00f8lp, allsang og topp stemning fra f\u00f8rste \u00f8yeblikk.<\/p>\n<p>   <img decoding=\"async\" width=\"4500\" height=\"3000\" fetchpriority=\"low\"  loading=\"lazy\"  src=\"https:\/\/www.europesays.com\/no\/wp-content\/uploads\/2025\/12\/NTB_RXHMr6YXASE.jpg\" alt=\"Halva Priset. Allsang p\u00e5 grensen program 7. &#10;Foto: Thomas Andersen \/ TV 2\" class=\"brick-c-cFOWSL\" style=\"--brick-image-ratio: 4500 \/ 3000;\"\/><\/p>\n<p>      Foto: Thomas Andersen \/ TV 2\n    <\/p>\n<p>  Plumbo<\/p>\n<p>Et av Norges mest folkekj\u00e6re liveband. Plumbo er bandet som nekter \u00e5 bli satt i b\u00e5s. Med en s\u00e6regen miks av bygderock, festmusikk, pop, country og allsangfavoritter leverer de en konsertopplevelse med \u00e9n garanti: Full stemning fra f\u00f8rste l\u00e5t til siste tone. I l\u00f8pet av jubileums\u00e5ret 2025 slapp de fem nye l\u00e5ter som allerede har samlet millioner av streams. I 2026 f\u00f8lger de opp med ytterligere fem\u2013seks utgivelser. Publikum og arrang\u00f8rer er samstemte: Plumbo har aldri v\u00e6rt bedre live.<\/p>\n<p>   <img decoding=\"async\" width=\"4896\" height=\"3264\" fetchpriority=\"low\"  loading=\"lazy\"  src=\"https:\/\/www.europesays.com\/no\/wp-content\/uploads\/2025\/12\/NTB_2FSM_Cd9uQc.jpg\" alt=\"Oslo 20120211. Plumbo fremf\u00f8rer l\u00e5ten \" ola=\"\" nordmann=\"\" under=\"\" generalpr=\"\" til=\"\" melodi=\"\" grand=\"\" prix=\"\" i=\"\" oslo=\"\" spektrum=\"\" l=\"\" kveld.=\"\" f.v.=\"\" glenn=\"\" hauger=\"\" lars=\"\" erik=\"\" blokkhus=\"\" og=\"\" tommy=\"\" eldstad.=\"\" foto:=\"\" trond=\"\" reidar=\"\" teigen=\"\" ntb=\"\" class=\"brick-c-cFOWSL\" style=\"--brick-image-ratio: 4896 \/ 3264;\"\/><\/p>\n<p>      Foto: Trond Reidar Teigen \/ NTB\n    <\/p>\n<p>  Sandra Lyng<\/p>\n<p>Med millioner av streams og hitl\u00e5ter som \u00abPlay My Drum\u00bb, \u00abNight After Night\u00bb, \u00abPRTeY\u00bb og flere l\u00e5ter sammen med Hagle, tar Sandra Lyng Haugen med seg b\u00e5de energi og ekte sommerstemning til scenen. Sandra er kjent for sine fengende l\u00e5ter, dansbare beats og en utstr\u00e5ling som fanger publikum fra f\u00f8rste sekund. Dette er soundtracket til dine beste festminner.<\/p>\n<p>   <img decoding=\"async\" width=\"7849\" height=\"5233\" fetchpriority=\"low\"  loading=\"lazy\"  src=\"https:\/\/www.europesays.com\/no\/wp-content\/uploads\/2025\/12\/NTB_oXFbjLPvih4.jpg\" alt=\"Oslo 20230104. &#10;Artistene til den norske Melodi Grand Prix 2023 presenteres hos NRK p\u00e5 Marienlyst. Sandra Lyng er en av artistene som deltar.&#10;Foto: Beate Oma Dahle \/ NTB\" class=\"brick-c-cFOWSL\" style=\"--brick-image-ratio: 7849 \/ 5233;\"\/><\/p>\n<p>      Foto: Beate Oma Dahle \/ NTB\n    <\/p>\n<p>  Tipping for&#8217;n far<\/p>\n<p>V\u00e6las fysisk st\u00f8rste hyllest tel Vazelina Bilopph\u00f8ggers. Tipping for\u2019n Far er et fyrverkeri av et orkester p\u00e5 hele 11 mann! Gled deg til en uforglemmelig kveld p\u00e5 Tjuven, hvor du vil oppleve rockeband, bl\u00e5serrekke, strykere og en solid dose trekkspill, alt i Eldar V\u00e5gans uendelige musikalske univers. Kvelden ledes av en energisk vokalist med Innlandets mest flammende skjegg.<\/p>\n<p>   <img decoding=\"async\" width=\"799\" height=\"533\" fetchpriority=\"low\"  loading=\"lazy\"  src=\"https:\/\/www.europesays.com\/no\/wp-content\/uploads\/2025\/12\/Tipping_for_n_Far__Eivind_Str_mstad004.jpg\" alt=\"Fiskerhytta: Har blitt for liten for det popul\u00e6re Vazelina cover-bandet Tipping for'n Far. Foto fra sommerkonserten 2022.\" class=\"brick-c-cFOWSL\" style=\"--brick-image-ratio: 799 \/ 533;\"\/><\/p>\n<p>      Foto: Jonas Jeremiassen Tomter\n    <\/p>\n<p>  Rydell &amp; Quick<\/p>\n<p>Sveriges beste partyband er klare for \u00e5 spille opp til fest p\u00e5 Tjuvholmen! Gj\u00f8r deg klar for en kveld fylt med h\u00f8y energi, kraftige gitarriff og fengende saxofontoner, Rydell &amp; Quick leverer et av Sveriges mest etterspurte show og alle de som har sett dem skj\u00f8nner hvorfor. Her blir det stor stemning!<\/p>\n<p>   <img decoding=\"async\" width=\"4573\" height=\"2592\" fetchpriority=\"low\"  loading=\"lazy\"  src=\"https:\/\/www.europesays.com\/no\/wp-content\/uploads\/2025\/12\/festival02.jpg\" alt=\"Hamar Music Festival 2013.&#10;&#10;Bandet Rydell &amp; Quick p\u00e5 scenen. &#10;&#10;Original bildetekst:&#10;\" class=\"brick-c-cFOWSL\" style=\"--brick-image-ratio: 4573 \/ 2592;\"\/><\/p>\n<p>      Foto: Martin N\u00e6ss Kristiansen\n    <\/p>\n<p>  Dag Ingebrigtsen<\/p>\n<p>Dag har lagd en rekke legendariske hits som \u00abForelska i l\u00e6rer\u2019n\u00bb \u00abVil du v\u00e6rra\u2019 med meg hj\u00e6m i natt\u00bb \u00abDrums of war\u00bb \u00abHarley Davidson\u00bb \u00abSeven Seas\u00bb \u00abKyss m\u00e6 godnatt\u00bb og mange, mange flere. Han st\u00e5r bak band som The Kids, TNT, Tindrum, og Landeveiens Helter, og er innlemmet i Rockheim HALL of FAME. Her blir det h\u00f8y allsangfaktor, brei fotstilling og enda breiere smil.<\/p>\n<p>   <img decoding=\"async\" width=\"3500\" height=\"2624\" fetchpriority=\"low\"  loading=\"lazy\"  src=\"https:\/\/www.europesays.com\/no\/wp-content\/uploads\/2025\/12\/NTB_DE67eubzsmA.jpg\" alt=\"Allsang p\u00e5 grensen program 4. &#10;Dag Ingebrigtsen. Foto: Thomas Andersen \/ TV 2\" class=\"brick-c-cFOWSL\" style=\"--brick-image-ratio: 3500 \/ 2624;\"\/><\/p>\n<p>      Foto: Thomas Andersen \/ TV 2\n    <\/p>\n","protected":false},"excerpt":{"rendered":"1. august 2026 inviteres det nok en gang til fest p\u00e5 Tjuvholmen Arena i Hamar. I sommer var&hellip;\n","protected":false},"author":2,"featured_media":115427,"comment_status":"","ping_status":"","sticky":false,"template":"","format":"standard","meta":{"footnotes":""},"categories":[58],"tags":[36,71,1552,410,221,30,28,29,1510,72],"class_list":{"0":"post-115426","1":"post","2":"type-post","3":"status-publish","4":"format-standard","5":"has-post-thumbnail","7":"category-underholdning","8":"tag-art","9":"tag-entertainment","10":"tag-hamar","11":"tag-kultur","12":"tag-musikk","13":"tag-no","14":"tag-norge","15":"tag-norway","16":"tag-story","17":"tag-underholdning"},"share_on_mastodon":{"url":"https:\/\/pubeurope.com\/@no\/115734518739146244","error":""},"_links":{"self":[{"href":"https:\/\/www.europesays.com\/no\/wp-json\/wp\/v2\/posts\/115426","targetHints":{"allow":["GET"]}}],"collection":[{"href":"https:\/\/www.europesays.com\/no\/wp-json\/wp\/v2\/posts"}],"about":[{"href":"https:\/\/www.europesays.com\/no\/wp-json\/wp\/v2\/types\/post"}],"author":[{"embeddable":true,"href":"https:\/\/www.europesays.com\/no\/wp-json\/wp\/v2\/users\/2"}],"replies":[{"embeddable":true,"href":"https:\/\/www.europesays.com\/no\/wp-json\/wp\/v2\/comments?post=115426"}],"version-history":[{"count":0,"href":"https:\/\/www.europesays.com\/no\/wp-json\/wp\/v2\/posts\/115426\/revisions"}],"wp:featuredmedia":[{"embeddable":true,"href":"https:\/\/www.europesays.com\/no\/wp-json\/wp\/v2\/media\/115427"}],"wp:attachment":[{"href":"https:\/\/www.europesays.com\/no\/wp-json\/wp\/v2\/media?parent=115426"}],"wp:term":[{"taxonomy":"category","embeddable":true,"href":"https:\/\/www.europesays.com\/no\/wp-json\/wp\/v2\/categories?post=115426"},{"taxonomy":"post_tag","embeddable":true,"href":"https:\/\/www.europesays.com\/no\/wp-json\/wp\/v2\/tags?post=115426"}],"curies":[{"name":"wp","href":"https:\/\/api.w.org\/{rel}","templated":true}]}}