{"id":115430,"date":"2025-12-17T10:52:12","date_gmt":"2025-12-17T10:52:12","guid":{"rendered":"https:\/\/www.europesays.com\/no\/115430\/"},"modified":"2025-12-17T10:52:12","modified_gmt":"2025-12-17T10:52:12","slug":"jonas-gahr-store-lover-endringer-i-skjenkereglene","status":"publish","type":"post","link":"https:\/\/www.europesays.com\/no\/115430\/","title":{"rendered":"Jonas Gahr St\u00f8re lover endringer i skjenkereglene"},"content":{"rendered":"\n<p class=\"_lead_o9xde_2 _lead_xtcu6_50 layout-component text-serif-m layout-normal text-serif-l layout-component layout-wide layout-padded _wide_17hqh_1 layout-padded\">Regjeringen vil endre reglene for nattskjenkingen under fotball-VM.<\/p>\n<p><img alt=\"St\u00f8re tapper en \u00f8l under et bes\u00f8k p\u00e5 \u00d8yafestivalen 2024 i Oslo. Foto: Amanda Pedersen Giske \/ NTB\" class=\"_image_qp4xg_65 layout-component layout-wide\" data-fullscreen- data-track-element-type=\"Article image fullscreen\" data-track-name=\"ImageFullscreen\" fetchpriority=\"high\" decoding=\"sync\" loading=\"eager\" height=\"3937\" itemprop=\"image\"  src=\"https:\/\/www.europesays.com\/no\/wp-content\/uploads\/2025\/12\/84269a4e-c8dd-4038-84c0-35204912e7ef\"  style=\"object-position:0% 0%\" width=\"5906\"\/>St\u00f8re tapper en \u00f8l under et bes\u00f8k p\u00e5 \u00d8yafestivalen 2024 i Oslo. Foto: Amanda Pedersen Giske \/ NTB<\/p>\n<ul aria-hidden=\"true\" class=\"_images_ntbth_112\">\n<li><a class=\"_link_ntbth_117\" href=\"https:\/\/www.vg.no\/forfatter\/fredrik-ouren-jostad\" style=\"z-index:1\" title=\"Fredrik Ouren Jostad\" rel=\"nofollow noopener\" target=\"_blank\"><img alt=\"Bilde av Fredrik Ouren Jostad\" class=\"_image_ntbth_93\" fetchpriority=\"low\" loading=\"lazy\" decoding=\"async\" itemprop=\"image\"  src=\"https:\/\/www.europesays.com\/no\/wp-content\/uploads\/2025\/12\/1765968731_584_44a138e9-ee61-47be-8b25-b699b8f538d1\"  width=\"480\"\/><\/a><\/li>\n<\/ul>\n<p> Oppdatert onsdag 17. desember kl. 10:27    <\/p>\n<ul class=\"_list_o9xde_3 _list_64s2r_85 _unordered_o9xde_106 text-sans-m\">\n<li class=\"_item_o9xde_30\">Regjeringen vil endre skjenkereglene under fotball-VM i 2026.<\/li>\n<li class=\"_item_o9xde_30\">Jonas Gahr St\u00f8re lover at nordmenn skal f\u00e5 se kampene ferdig med \u00f8lservering.<\/li>\n<li class=\"_item_o9xde_30\">N\u00e5v\u00e6rende regler stopper alkoholservering kl. 03.00.<\/li>\n<li class=\"_item_o9xde_30\">H\u00f8yres Erlend Svardal B\u00f8e kritiserer regjeringen for \u00e5 v\u00e6re vag i sine l\u00f8fter.<\/li>\n<\/ul>\n<p>Vis mer <\/p>\n<p class=\"_paragraph_o9xde_4 _paragraph_xtcu6_10 layout-component text-serif-m layout-normal text-serif-m layout-padded\">Statsminister Jonas Gahr St\u00f8re (Ap) lover at nordmenn skal f\u00e5 se ferdig VM-kampene og drikke \u00f8l til siste slutt.<\/p>\n<p class=\"_paragraph_o9xde_4 _paragraph_xtcu6_10 layout-component text-serif-m layout-normal text-serif-m layout-padded\">\u2013 Sitter du p\u00e5 en pub eller ser kampen med venner, skal du f\u00e5 se kampen ferdig, drikke opp \u00f8len og gjerne kj\u00f8pe en til, sier St\u00f8re i Politisk kvarter, skriver <a href=\"https:\/\/www.nrk.no\/nyheter\/store-om-vm-skjenking_-du-skal-fa-drikke-opp-olen-1.17696077\" class=\"_link_o9xde_39\" rel=\"nofollow noopener\" target=\"_blank\">NRK.<\/a><\/p>\n<p class=\"_paragraph_o9xde_4 _paragraph_xtcu6_10 layout-component text-serif-m layout-normal text-serif-m layout-padded\">Kampene spilles i en annen tidssone, noe som skaper utfordringer for skjenkereglene. I dag m\u00e5 utesteder slutte \u00e5 servere alkohol klokka 03.00.<\/p>\n<p><img alt=\"Statsminister Jonas Gahr St\u00f8re lover en ordning i skjenkereglene.  Foto: Cornelius Poppe \/ NTB\" class=\"_image_qp4xg_65 layout-component layout-normal\" data-fullscreen- data-track-element-type=\"Article image fullscreen\" data-track-name=\"ImageFullscreen\" decoding=\"async\" loading=\"lazy\" height=\"5760\" itemprop=\"image\"  src=\"https:\/\/www.europesays.com\/no\/wp-content\/uploads\/2025\/12\/eac75b8d-5d26-4e35-8abe-91783c65860d\"  style=\"object-position:0% 0%\" width=\"8640\"\/>Statsminister Jonas Gahr St\u00f8re lover en ordning i skjenkereglene.  Foto: Cornelius Poppe \/ NTB<\/p>\n<p class=\"_paragraph_o9xde_4 _paragraph_xtcu6_10 layout-component text-serif-m layout-normal text-serif-m layout-padded\">\u2013 Da f\u00e5r vi rette opp i det, sier statsministeren til statskanalen.<\/p>\n<p class=\"_paragraph_o9xde_4 _paragraph_xtcu6_10 layout-component text-serif-m layout-normal text-serif-m layout-padded\">St\u00f8re sier detaljene kommer senere, men at ordningen skal gjelde de norske kampene.<\/p>\n<p class=\"_paragraph_o9xde_4 _paragraph_xtcu6_10 layout-component text-serif-m layout-normal text-serif-m layout-padded\">Fotball-VM avholdes i Nord-Amerika Nord-Amerika USA, Mexico og Canada er vertsnasjoner.neste \u00e5r, og Norge har kvalifisert seg for f\u00f8rste gang p\u00e5 27 \u00e5r.<\/p>\n<p class=\"_paragraph_o9xde_4 _paragraph_xtcu6_10 layout-component text-serif-m layout-normal text-serif-m layout-padded\">H\u00f8yre mener regjeringen er for vag i sine l\u00f8fter.<\/p>\n<p class=\"_paragraph_o9xde_4 _paragraph_xtcu6_10 layout-component text-serif-m layout-normal text-serif-m layout-padded\">\u2013 Jeg mener St\u00f8re b\u00f8r si rett ut at han vil sikre at utestedene kan servere \u00f8l etter klokka 03.00. Det er ingen grunn til \u00e5 mumle rundt dette, sier stortingsrepresentant Erlend Svardal B\u00f8e (H).<\/p>\n<p><img alt=\"Erlend Svardal B\u00f8e.  Foto: Fredrik Ouren Jostad \/ VG\" class=\"_image_qp4xg_65 layout-component layout-normal\" data-fullscreen- data-track-element-type=\"Article image fullscreen\" data-track-name=\"ImageFullscreen\" decoding=\"async\" loading=\"lazy\" height=\"5464\" itemprop=\"image\"  src=\"https:\/\/www.europesays.com\/no\/wp-content\/uploads\/2025\/12\/b4a56855-84db-4325-96b7-473a6a363500\"  style=\"object-position:0% 0%\" width=\"8192\"\/>Erlend Svardal B\u00f8e.  Foto: Fredrik Ouren Jostad \/ VG<\/p>\n<p class=\"_paragraph_o9xde_4 _paragraph_xtcu6_10 layout-component text-serif-m layout-normal text-serif-m layout-padded\">Han mener regjeringen m\u00e5 gj\u00f8re n\u00f8dvendige endringer i god tid f\u00f8r fotball-VM starter, for \u00e5 unng\u00e5 problemer n\u00e5r kampene skal spilles.<\/p>\n","protected":false},"excerpt":{"rendered":"Regjeringen vil endre reglene for nattskjenkingen under fotball-VM. St\u00f8re tapper en \u00f8l under et bes\u00f8k p\u00e5 \u00d8yafestivalen 2024&hellip;\n","protected":false},"author":2,"featured_media":115431,"comment_status":"","ping_status":"","sticky":false,"template":"","format":"standard","meta":{"footnotes":""},"categories":[10],"tags":[20,21,24,25,15,22,23,13,30,28,29,14,16,26,27],"class_list":{"0":"post-115430","1":"post","2":"type-post","3":"status-publish","4":"format-standard","5":"has-post-thumbnail","7":"category-norge","8":"tag-breaking-news","9":"tag-breakingnews","10":"tag-featured-news","11":"tag-featurednews","12":"tag-headlines","13":"tag-latest-news","14":"tag-latestnews","15":"tag-news","16":"tag-no","17":"tag-norge","18":"tag-norway","19":"tag-nyheter","20":"tag-overskrifter","21":"tag-top-stories","22":"tag-topstories"},"share_on_mastodon":{"url":"https:\/\/pubeurope.com\/@no\/115734534272054095","error":""},"_links":{"self":[{"href":"https:\/\/www.europesays.com\/no\/wp-json\/wp\/v2\/posts\/115430","targetHints":{"allow":["GET"]}}],"collection":[{"href":"https:\/\/www.europesays.com\/no\/wp-json\/wp\/v2\/posts"}],"about":[{"href":"https:\/\/www.europesays.com\/no\/wp-json\/wp\/v2\/types\/post"}],"author":[{"embeddable":true,"href":"https:\/\/www.europesays.com\/no\/wp-json\/wp\/v2\/users\/2"}],"replies":[{"embeddable":true,"href":"https:\/\/www.europesays.com\/no\/wp-json\/wp\/v2\/comments?post=115430"}],"version-history":[{"count":0,"href":"https:\/\/www.europesays.com\/no\/wp-json\/wp\/v2\/posts\/115430\/revisions"}],"wp:featuredmedia":[{"embeddable":true,"href":"https:\/\/www.europesays.com\/no\/wp-json\/wp\/v2\/media\/115431"}],"wp:attachment":[{"href":"https:\/\/www.europesays.com\/no\/wp-json\/wp\/v2\/media?parent=115430"}],"wp:term":[{"taxonomy":"category","embeddable":true,"href":"https:\/\/www.europesays.com\/no\/wp-json\/wp\/v2\/categories?post=115430"},{"taxonomy":"post_tag","embeddable":true,"href":"https:\/\/www.europesays.com\/no\/wp-json\/wp\/v2\/tags?post=115430"}],"curies":[{"name":"wp","href":"https:\/\/api.w.org\/{rel}","templated":true}]}}