{"id":115436,"date":"2025-12-17T10:58:11","date_gmt":"2025-12-17T10:58:11","guid":{"rendered":"https:\/\/www.europesays.com\/no\/115436\/"},"modified":"2025-12-17T10:58:11","modified_gmt":"2025-12-17T10:58:11","slug":"utenriksdepartementet-thailand-utenriksdepartementet-skjerper-reiseadvarslene-for-thailand-og-kambodsja","status":"publish","type":"post","link":"https:\/\/www.europesays.com\/no\/115436\/","title":{"rendered":"Utenriksdepartementet, Thailand | Utenriksdepartementet skjerper reiseadvarslene for Thailand og Kambodsja"},"content":{"rendered":"\n<p>\u2013 Utenriksdepartementet har besluttet \u00e5 skjerpe reiseadvarslene ved \u00e5 frar\u00e5de alle reiser som ligger innenfor 50 kilometer p\u00e5 hver side av grensen mellom Thailand og Kambodsja. I tillegg frar\u00e5des ikke n\u00f8dvendige reiser til de resterende omr\u00e5dene i alle provinser som ligger p\u00e5 begge sider av grensen mellom Thailand og Kambodsja, skriver Utenriksdepartementet i en melding tirsdag kveld.<\/p>\n","protected":false},"excerpt":{"rendered":"\u2013 Utenriksdepartementet har besluttet \u00e5 skjerpe reiseadvarslene ved \u00e5 frar\u00e5de alle reiser som ligger innenfor 50 kilometer p\u00e5&hellip;\n","protected":false},"author":2,"featured_media":115437,"comment_status":"","ping_status":"","sticky":false,"template":"","format":"standard","meta":{"footnotes":""},"categories":[12],"tags":[20,21,24,25,15,22,23,13,30,28,29,14,16,26,27,42,43,44,45],"class_list":{"0":"post-115436","1":"post","2":"type-post","3":"status-publish","4":"format-standard","5":"has-post-thumbnail","7":"category-verden","8":"tag-breaking-news","9":"tag-breakingnews","10":"tag-featured-news","11":"tag-featurednews","12":"tag-headlines","13":"tag-latest-news","14":"tag-latestnews","15":"tag-news","16":"tag-no","17":"tag-norge","18":"tag-norway","19":"tag-nyheter","20":"tag-overskrifter","21":"tag-top-stories","22":"tag-topstories","23":"tag-verden","24":"tag-world","25":"tag-world-news","26":"tag-worldnews"},"share_on_mastodon":{"url":"https:\/\/pubeurope.com\/@no\/115734557925039026","error":""},"_links":{"self":[{"href":"https:\/\/www.europesays.com\/no\/wp-json\/wp\/v2\/posts\/115436","targetHints":{"allow":["GET"]}}],"collection":[{"href":"https:\/\/www.europesays.com\/no\/wp-json\/wp\/v2\/posts"}],"about":[{"href":"https:\/\/www.europesays.com\/no\/wp-json\/wp\/v2\/types\/post"}],"author":[{"embeddable":true,"href":"https:\/\/www.europesays.com\/no\/wp-json\/wp\/v2\/users\/2"}],"replies":[{"embeddable":true,"href":"https:\/\/www.europesays.com\/no\/wp-json\/wp\/v2\/comments?post=115436"}],"version-history":[{"count":0,"href":"https:\/\/www.europesays.com\/no\/wp-json\/wp\/v2\/posts\/115436\/revisions"}],"wp:featuredmedia":[{"embeddable":true,"href":"https:\/\/www.europesays.com\/no\/wp-json\/wp\/v2\/media\/115437"}],"wp:attachment":[{"href":"https:\/\/www.europesays.com\/no\/wp-json\/wp\/v2\/media?parent=115436"}],"wp:term":[{"taxonomy":"category","embeddable":true,"href":"https:\/\/www.europesays.com\/no\/wp-json\/wp\/v2\/categories?post=115436"},{"taxonomy":"post_tag","embeddable":true,"href":"https:\/\/www.europesays.com\/no\/wp-json\/wp\/v2\/tags?post=115436"}],"curies":[{"name":"wp","href":"https:\/\/api.w.org\/{rel}","templated":true}]}}