{"id":115467,"date":"2025-12-17T11:47:10","date_gmt":"2025-12-17T11:47:10","guid":{"rendered":"https:\/\/www.europesays.com\/no\/115467\/"},"modified":"2025-12-17T11:47:10","modified_gmt":"2025-12-17T11:47:10","slug":"na-kan-oslo-folk-begraves-hvor-de-selv-vil","status":"publish","type":"post","link":"https:\/\/www.europesays.com\/no\/115467\/","title":{"rendered":"N\u00e5 kan Oslo-folk begraves hvor de selv vil"},"content":{"rendered":"<p class=\"paywall hyperion-css-1j42uic\">Tidligere kunne ikke innbyggerne velge hvor de ville gravlegges. F\u00f8r ble folks siste hvilested bestemt ut ifra hvilket kirkesogn den avd\u00f8de bodde i.<\/p>\n<p class=\"paywall hyperion-css-1j42uic\">Osloborgere kan n\u00e5 velge selv og gravlegges p\u00e5 alle kommunens gravplasser s\u00e5 lenge det er ledig plass.<\/p>\n<p class=\"paywall hyperion-css-1j42uic\">Bakgrunnen for endringen er at Oslo kommune overtok lokal gravplassmyndighet fra Kirkelig fellesr\u00e5d den 1. januar 2024. Skillet i ansvarsomr\u00e5der mellom Oslo kommune og Kirkelig fellesr\u00e5d, som er gjennomg\u00e5ende i de eldre gravplassvedtektene, er derfor ikke gjeldende.<\/p>\n","protected":false},"excerpt":{"rendered":"Tidligere kunne ikke innbyggerne velge hvor de ville gravlegges. F\u00f8r ble folks siste hvilested bestemt ut ifra hvilket&hellip;\n","protected":false},"author":2,"featured_media":914,"comment_status":"","ping_status":"","sticky":false,"template":"","format":"standard","meta":{"footnotes":""},"categories":[10],"tags":[20,21,24,25,15,22,23,13,30,28,29,14,16,26,27],"class_list":{"0":"post-115467","1":"post","2":"type-post","3":"status-publish","4":"format-standard","5":"has-post-thumbnail","7":"category-norge","8":"tag-breaking-news","9":"tag-breakingnews","10":"tag-featured-news","11":"tag-featurednews","12":"tag-headlines","13":"tag-latest-news","14":"tag-latestnews","15":"tag-news","16":"tag-no","17":"tag-norge","18":"tag-norway","19":"tag-nyheter","20":"tag-overskrifter","21":"tag-top-stories","22":"tag-topstories"},"share_on_mastodon":{"url":"https:\/\/pubeurope.com\/@no\/115734750342785172","error":""},"_links":{"self":[{"href":"https:\/\/www.europesays.com\/no\/wp-json\/wp\/v2\/posts\/115467","targetHints":{"allow":["GET"]}}],"collection":[{"href":"https:\/\/www.europesays.com\/no\/wp-json\/wp\/v2\/posts"}],"about":[{"href":"https:\/\/www.europesays.com\/no\/wp-json\/wp\/v2\/types\/post"}],"author":[{"embeddable":true,"href":"https:\/\/www.europesays.com\/no\/wp-json\/wp\/v2\/users\/2"}],"replies":[{"embeddable":true,"href":"https:\/\/www.europesays.com\/no\/wp-json\/wp\/v2\/comments?post=115467"}],"version-history":[{"count":0,"href":"https:\/\/www.europesays.com\/no\/wp-json\/wp\/v2\/posts\/115467\/revisions"}],"wp:featuredmedia":[{"embeddable":true,"href":"https:\/\/www.europesays.com\/no\/wp-json\/wp\/v2\/media\/914"}],"wp:attachment":[{"href":"https:\/\/www.europesays.com\/no\/wp-json\/wp\/v2\/media?parent=115467"}],"wp:term":[{"taxonomy":"category","embeddable":true,"href":"https:\/\/www.europesays.com\/no\/wp-json\/wp\/v2\/categories?post=115467"},{"taxonomy":"post_tag","embeddable":true,"href":"https:\/\/www.europesays.com\/no\/wp-json\/wp\/v2\/tags?post=115467"}],"curies":[{"name":"wp","href":"https:\/\/api.w.org\/{rel}","templated":true}]}}