{"id":115472,"date":"2025-12-17T11:54:15","date_gmt":"2025-12-17T11:54:15","guid":{"rendered":"https:\/\/www.europesays.com\/no\/115472\/"},"modified":"2025-12-17T11:54:15","modified_gmt":"2025-12-17T11:54:15","slug":"kvinnen-i-30-arene-sa-til-vennene-sine-at-den-drapssiktede-skulle-holde-seg-unna","status":"publish","type":"post","link":"https:\/\/www.europesays.com\/no\/115472\/","title":{"rendered":"Kvinnen i 30-\u00e5rene sa til vennene sine at den draps\u00adsiktede skulle holde seg unna"},"content":{"rendered":"\n<ul class=\"_list_o9xde_3 _list_64s2r_85 _unordered_o9xde_106 text-sans-m\">\n<li class=\"_item_o9xde_30\">Kvinne i 30-\u00e5rene funnet drept i Orkland, Tr\u00f8ndelag.<\/li>\n<li class=\"_item_o9xde_30\">J\u00f8rn Andersen (54) siktet for drapet.<\/li>\n<li class=\"_item_o9xde_30\">Kvinnen skal ha uttrykt frykt for siktede f\u00f8r drapet.<\/li>\n<li class=\"_item_o9xde_30\">Andersen har tidligere dommer for drap, vold og trusler.<\/li>\n<\/ul>\n<p>Vis mer <\/p>\n<p class=\"_paragraph_o9xde_4 _paragraph_xtcu6_10 layout-component text-serif-m layout-normal text-serif-m layout-padded\">Grade\u00adstokken viser rundt null\u00adpunktet l\u00f8rdag kveld. Sn\u00f8en ligger som et tykt teppe over L\u00f8kken Verk i Orkland i <a href=\"https:\/\/www.vg.no\/tag\/troendelag?utm_source=vg-article&amp;utm_medium=auto-tagger&amp;utm_campaign=bOKA45\" class=\"_link_o9xde_39\" rel=\"nofollow noopener\" target=\"_blank\">Tr\u00f8ndelag<\/a>.<\/p>\n<p class=\"_paragraph_o9xde_4 _paragraph_xtcu6_10 layout-component text-serif-m layout-normal text-serif-m layout-padded\">Like etter klokken 18.00 sender en kvinne i 30-\u00e5rene noen meldinger i en gruppechat:<\/p>\n<p class=\"_paragraph_o9xde_4 _paragraph_xtcu6_10 layout-component text-serif-m layout-normal text-serif-m layout-padded\">\u00abTom\u00bb er Tom Ketil Krogstad, kvinnens arbeidsgiver ved Bj\u00f8rnli Gjesteheim. Der er hun satt opp p\u00e5 vakt klokken 20 den kvelden.<\/p>\n<p class=\"_paragraph_o9xde_4 _paragraph_xtcu6_10 layout-component text-serif-m layout-normal text-serif-m layout-padded\"><strong class=\"_strong_o9xde_25\">S\u00e5 blir hun drept. <\/strong><\/p>\n<p class=\"_paragraph_o9xde_4 _paragraph_xtcu6_10 layout-component text-serif-m layout-normal text-serif-m layout-padded\">Klokken 21.41 blir politiet oppringt av en tilfeldig forbi\u00adpasserende som har funnet kvinnen d\u00f8d utend\u00f8rs, rundt hundre meter fra arbeidsplassen: <\/p>\n<p class=\"_paragraph_o9xde_4 _paragraph_xtcu6_10 layout-component text-serif-m layout-normal text-serif-m layout-padded\">Politiet er p\u00e5 stedet klokken 21.59, og finner at hun har skader som gj\u00f8r det klart at hun er drept. <\/p>\n<p class=\"_paragraph_o9xde_4 _paragraph_xtcu6_10 layout-component text-serif-m layout-normal text-serif-m layout-padded\">Da f\u00e5r kvinnens n\u00e6rmeste beskjed. <\/p>\n<p class=\"_paragraph_o9xde_4 _paragraph_xtcu6_10 layout-component text-serif-m layout-normal text-serif-m layout-padded\">\u2013 Vi er alle i dyp sorg, sier en av dem til VG. <\/p>\n<p class=\"_paragraph_o9xde_4 _paragraph_xtcu6_10 layout-component text-serif-m layout-normal text-serif-m layout-padded\">Klokken 23.22 blir <a href=\"https:\/\/www.vg.no\/nyheter\/i\/q6ngEz\/opplysninger-til-vg-joern-andersen-siktet-for-drap-i-orkland\" data-track-element-type=\"Link\" data-track-id=\"link:q6ngEz\" class=\"_link_o9xde_39\" rel=\"nofollow noopener\" target=\"_blank\">54 \u00e5r gamle J\u00f8rn Andersen<\/a> p\u00e5grepet p\u00e5 Bj\u00f8rnli Gjesteheim, der de to jobbet sammen. <\/p>\n<p class=\"_paragraph_o9xde_4 _paragraph_xtcu6_10 layout-component text-serif-m layout-normal text-serif-m layout-padded\">Han er siktet for \u00e5 ha drept kvinnen i 30-\u00e5rene. Det er ikke kjent hvordan han stiller seg til siktelsen. Andersen ble<a href=\"https:\/\/www.vg.no\/nyheter\/i\/q6ngEz\/opplysninger-til-vg-joern-andersen-siktet-for-drap-i-orkland\" data-track-element-type=\"Link\" data-track-id=\"link:q6ngEz\" class=\"_link_o9xde_39\" rel=\"nofollow noopener\" target=\"_blank\"> mandag varetekts\u00adfengslet <\/a>i fire uker med brev- og bes\u00f8ksforbud. <\/p>\n<p class=\"_paragraph_o9xde_4 _paragraph_xtcu6_10 layout-component text-serif-m layout-normal text-serif-m layout-padded\">I kjennelsen fra Tr\u00f8ndelag tingrett heter det at de mener det er grunn til \u00e5 fengsle ham, men at det samtidig mangler klare og sikre tekniske bevis som knytter ham til draps\u00adhandlingen.<\/p>\n<p class=\"_paragraph_o9xde_4 _paragraph_xtcu6_10 layout-component text-serif-m layout-normal text-serif-m layout-padded\">\u2013 Politiet jobber bredt, og vi har fremdeles ikke utelukket hypotesen om at siktede er uskyldig. Per n\u00e5 st\u00e5r likevel mistanken fast, og den videre etterforskningen vil vise hvilken hypotese som st\u00e5r igjen til slutt, sier politiadvokat Ole Andreas Afret til VG.<\/p>\n<p><img alt=\"Politi og krimteknikere gj\u00f8r unders\u00f8kelser p\u00e5 stedet tirsdag.  Foto: Jonas Nilsson \/ VG\" class=\"_image_qp4xg_65 layout-component layout-normal\" data-fullscreen- data-track-element-type=\"Article image fullscreen\" data-track-name=\"ImageFullscreen\" decoding=\"async\" loading=\"lazy\" height=\"3146\" itemprop=\"image\"  src=\"https:\/\/www.europesays.com\/no\/wp-content\/uploads\/2025\/12\/fea3c6de-b244-4a20-8fe1-745d9eca235f\"  style=\"object-position:0% 0%\" width=\"4385\"\/>Politi og krimteknikere gj\u00f8r unders\u00f8kelser p\u00e5 stedet tirsdag.  Foto: Jonas Nilsson \/ VG<\/p>\n<p class=\"_paragraph_o9xde_4 _paragraph_xtcu6_10 layout-component text-serif-m layout-normal text-serif-m layout-padded\">VG har i arbeidet med denne saken rettet sp\u00f8rsm\u00e5l til Andersens forsvarer Fredrik Sch\u00f8ne Brodwall i advokatfirmaet Brodwall Kvanvik. Han skriver at han ikke har noen kommentar. <\/p>\n<p>   Hadde oppvaskm\u00f8te<\/p>\n<p class=\"_paragraph_o9xde_4 _paragraph_xtcu6_10 layout-component text-serif-m layout-normal text-serif-m layout-padded\">Onsdag forrige uke var det m\u00f8te mellom kvinnen, siktede Andersen og deres felles arbeids\u00adgiver Krogstad. Andersen skal ogs\u00e5 ha hatt tilhold ved gjestehjemmet siden i sommer.<\/p>\n<p class=\"_paragraph_o9xde_4 _paragraph_xtcu6_10 layout-component text-serif-m layout-normal text-serif-m layout-padded\">Temaet skal ha v\u00e6rt at hun over tid hadde reagert p\u00e5 Andersens opptreden overfor henne. <\/p>\n<p class=\"_paragraph_o9xde_4 _paragraph_xtcu6_10 layout-component text-serif-m layout-normal text-serif-m layout-padded\"><strong class=\"_strong_o9xde_25\">Slik VG forst\u00e5r det, skal hun ha gitt uttrykk for at hun var redd for ham. <\/strong><\/p>\n<p class=\"_paragraph_o9xde_4 _paragraph_xtcu6_10 layout-component text-serif-m layout-normal text-serif-m layout-padded\">Politiet har opplyst at de ikke har registrert noen saker p\u00e5 de to.<\/p>\n<p class=\"_paragraph_o9xde_4 _paragraph_xtcu6_10 layout-component text-serif-m layout-normal text-serif-m layout-padded\">Arbeidsgiver Krogstad bekrefter at m\u00f8tet fant sted, og at det ble \u00abavholdt for at de to skulle kunne omg\u00e5s som venner\u00bb.<\/p>\n<p class=\"_paragraph_o9xde_4 _paragraph_xtcu6_10 layout-component text-serif-m layout-normal text-serif-m layout-padded\"><strong class=\"_strong_o9xde_25\">Resultatet av m\u00f8tet skal blant annet ha v\u00e6rt at Andersen skulle holde seg unna henne.<\/strong><\/p>\n<p class=\"_paragraph_o9xde_4 _paragraph_xtcu6_10 layout-component text-serif-m layout-normal text-serif-m layout-padded\">F\u00f8r hun kom p\u00e5 jobb fredag kveld fortalte hun om dette i gruppechatten. Der var vennene lettet: <\/p>\n<p class=\"_paragraph_o9xde_4 _paragraph_xtcu6_10 layout-component text-serif-m layout-normal text-serif-m layout-padded\">Hun antyder at Andersen risikerer \u00e5 bli kastet ut dersom han n\u00e6rmer seg henne. <\/p>\n<p class=\"_paragraph_o9xde_4 _paragraph_xtcu6_10 layout-component text-serif-m layout-normal text-serif-m layout-padded\">Senere den kvelden blir kvinnen drept.<\/p>\n<p>Har forklart seg<\/p>\n<p class=\"_paragraph_o9xde_4 _paragraph_xtcu6_10 layout-component text-serif-m layout-normal text-serif-m layout-padded\">Arbeidsgiver Krogstad sier til VG at han har avgitt en grundig forklaring til politiet om \u00abdet som skjedde mellom den avd\u00f8de og den siktede fra de ble kjent med hverandre\u00bb.<\/p>\n<p class=\"_paragraph_o9xde_4 _paragraph_xtcu6_10 layout-component text-serif-m layout-normal text-serif-m layout-padded\">Han sier videre at politiet har g\u00e5tt gjennom telefonene til siktede, avd\u00f8de og han selv. Han mener at de telefonene inneholder svaret p\u00e5 hva som har skjedd, og at alt vil komme frem i retten.<\/p>\n<p class=\"_paragraph_o9xde_4 _paragraph_xtcu6_10 layout-component text-serif-m layout-normal text-serif-m layout-padded\"><strong class=\"_strong_o9xde_25\">\u2013 B\u00e5de politiet og jeg har god kjennskap til hvordan det forholdet der utviklet seg, hevder han. <\/strong><\/p>\n<p><img alt=\"Det var her p\u00e5 Bj\u00f8rnli Gjestheim at b\u00e5de den avd\u00f8de og den drapssiktede arbeidet.  Foto: Hedda Kurseth\/VG\" class=\"_image_qp4xg_65 layout-component layout-normal\" data-fullscreen- data-track-element-type=\"Article image fullscreen\" data-track-name=\"ImageFullscreen\" decoding=\"async\" loading=\"lazy\" height=\"4480\" itemprop=\"image\"  src=\"https:\/\/www.europesays.com\/no\/wp-content\/uploads\/2025\/12\/d7ef4e1b-2742-44b0-b2e2-e34059857073\"  style=\"object-position:0% 0%\" width=\"6720\"\/>Det var her p\u00e5 Bj\u00f8rnli Gjestheim at b\u00e5de den avd\u00f8de og den drapssiktede arbeidet.  Foto: Hedda Kurseth\/VG<\/p>\n<p class=\"_paragraph_o9xde_4 _paragraph_xtcu6_10 layout-component text-serif-m layout-normal text-serif-m layout-padded\">Han har beskrevet kvinnen som en meget god medarbeider og en venn i livet. <\/p>\n<p class=\"_paragraph_o9xde_4 _paragraph_xtcu6_10 layout-component text-serif-m layout-normal text-serif-m layout-padded\">\u2013 Hun var et bedre menneske enn de aller fleste og vil bli dypt savnet og husket med masse positive minner.<\/p>\n<p>\u2013 Gjorde alt for vennene sine<\/p>\n<p class=\"_paragraph_o9xde_4 _paragraph_xtcu6_10 layout-component text-serif-m layout-normal text-serif-m layout-padded\">Politiet har opplyst at en av teoriene de jobber ut fra, er at det skal ha v\u00e6rt en kj\u00e6reste\u00adrelasjon mellom kvinnen og den draps\u00adsiktede.<\/p>\n<p class=\"_paragraph_o9xde_4 _paragraph_xtcu6_10 layout-component text-serif-m layout-normal text-serif-m layout-padded\">\u2013 Vi reagerte p\u00e5 at det ble sagt. Det var ikke det, det var det aldri, er den klare oppfatningen til en av kvinnens n\u00e6rst\u00e5ende. <\/p>\n<p class=\"_paragraph_o9xde_4 _paragraph_xtcu6_10 layout-component text-serif-m layout-normal text-serif-m layout-padded\">\u2013 Det er bare s\u00e5 j\u00e6vlig trist. Hun var bare en fantastisk person og ble utsatt for noe forferdelig, sier han.<\/p>\n<p class=\"_paragraph_o9xde_4 _paragraph_xtcu6_10 layout-component text-serif-m layout-normal text-serif-m layout-padded\">Laila Afelad i Advokatfirmaet Bratlien er oppnevnt som bistandsadvokat for de etterlatte.<\/p>\n<p class=\"_paragraph_o9xde_4 _paragraph_xtcu6_10 layout-component text-serif-m layout-normal text-serif-m layout-padded\">\u2013 Dette er en sv\u00e6rt vanskelig tid for familien, som n\u00e5 s\u00f8rger og trenger ro. Av hensyn til etterforskningen og privatlivet vil det ikke bli gitt ytterligere kommentarer, skrev hun i en e-post til VG mandag.<\/p>\n<p>Tidligere d\u00f8mt for drap<\/p>\n<p class=\"_paragraph_o9xde_4 _paragraph_xtcu6_10 layout-component text-serif-m layout-normal text-serif-m layout-padded\">Andersen er tidligere d\u00f8mt for \u00e5 ha <a href=\"https:\/\/www.vg.no\/nyheter\/i\/0pE8gE\/drapsmannen-siktet-helt-for-jaevlig\" data-track-element-type=\"Link\" data-track-id=\"link:0pE8gE\" class=\"_link_o9xde_39\" rel=\"nofollow noopener\" target=\"_blank\">drept 16 \u00e5r gamle Linn Charlott Nesblom<\/a> i 1999.<\/p>\n<p class=\"_paragraph_o9xde_4 _paragraph_xtcu6_10 layout-component text-serif-m layout-normal text-serif-m layout-padded\">Andersen var da 28 \u00e5r gammel, og het J\u00f8rn-Are Andersen S\u00e6le. Han ble d\u00f8mt til fengsel i 15 \u00e5r for drapet.<\/p>\n<p class=\"_paragraph_o9xde_4 _paragraph_xtcu6_10 layout-component text-serif-m layout-normal layout-padded\"><strong class=\"_strong_o9xde_25\">Les ogs\u00e5:<\/strong> <a href=\"https:\/\/www.vg.no\/i\/0pE8gE\" data-track-element-type=\"Link\" data-track-id=\"link:0pE8gE\" class=\"_link_o9xde_39\" rel=\"nofollow noopener\" target=\"_blank\">Draps\u00admannen siktet: \u2013 Helt for j\u00e6vlig<\/a><\/p>\n<p class=\"_paragraph_o9xde_4 _paragraph_xtcu6_10 layout-component text-serif-m layout-normal text-serif-m layout-padded\">Han <a href=\"https:\/\/www.vg.no\/nyheter\/i\/0pE8gE\/drapsmannen-siktet-helt-for-jaevlig\" data-track-element-type=\"Link\" data-track-id=\"link:0pE8gE\" class=\"_link_o9xde_39\" rel=\"nofollow noopener\" target=\"_blank\">er ogs\u00e5 d\u00f8mt<\/a> for flere tilfeller av vold og trusler mot kvinner. <\/p>\n<p><img alt=\"Foto: Hedda Kurseth\" class=\"_image_qp4xg_65 layout-component layout-normal\" data-fullscreen- data-track-element-type=\"Article image fullscreen\" data-track-name=\"ImageFullscreen\" decoding=\"async\" loading=\"lazy\" height=\"4480\" itemprop=\"image\"  src=\"https:\/\/www.europesays.com\/no\/wp-content\/uploads\/2025\/12\/eeba6bb7-64ac-4ad4-875a-6350c3867203\"  style=\"object-position:0% 0%\" width=\"6720\"\/>Foto: Hedda Kurseth<\/p>\n<p class=\"_paragraph_o9xde_4 _paragraph_xtcu6_10 layout-component text-serif-m layout-normal text-serif-m layout-padded\">Andersen ble i 2011 d\u00f8mt til forvaring i fire \u00e5r og seks m\u00e5neder for \u00e5 ha v\u00e6rt voldelig mot, kvalt og truet en kj\u00e6reste. I 2016 <a href=\"https:\/\/www.vg.no\/nyheter\/i\/0pE8gE\/drapsmannen-siktet-helt-for-jaevlig\" data-track-element-type=\"Link\" data-track-id=\"link:0pE8gE\" class=\"_link_o9xde_39\" rel=\"nofollow noopener\" target=\"_blank\">ble han l\u00f8slatt av lagmannsretten<\/a>, da de mente at de strenge vilk\u00e5rene for forvaring ikke var oppfylt.<\/p>\n<p class=\"_paragraph_o9xde_4 _paragraph_xtcu6_10 layout-component text-serif-m layout-normal text-serif-m layout-padded\">I sommer ble han d\u00f8mt til fengsel i 24 dager for trafikklov\u00adbrudd. Politiet har opplyst til <a href=\"https:\/\/www.tv2.no\/nyheter\/innenriks\/hadde-ni-dager-i-frihet-sa-ble-han-siktet-for-drap\/18387023\/\" class=\"_link_o9xde_39\" rel=\"nofollow noopener\" target=\"_blank\">TV 2<\/a> at han slapp ut av soning for den dommen 4. desember.<\/p>\n<p class=\"_paragraph_o9xde_4 _paragraph_xtcu6_10 layout-component text-serif-m layout-normal text-serif-m layout-padded\">Ni dager senere ble han p\u00e5grepet for drap.<\/p>\n","protected":false},"excerpt":{"rendered":"Kvinne i 30-\u00e5rene funnet drept i Orkland, Tr\u00f8ndelag. J\u00f8rn Andersen (54) siktet for drapet. Kvinnen skal ha uttrykt&hellip;\n","protected":false},"author":2,"featured_media":115473,"comment_status":"","ping_status":"","sticky":false,"template":"","format":"standard","meta":{"footnotes":""},"categories":[10],"tags":[20,21,2320,24,25,15,148,22,23,13831,13,30,28,29,14,16,26,27,270],"class_list":{"0":"post-115472","1":"post","2":"type-post","3":"status-publish","4":"format-standard","5":"has-post-thumbnail","7":"category-norge","8":"tag-breaking-news","9":"tag-breakingnews","10":"tag-drap-i-norge","11":"tag-featured-news","12":"tag-featurednews","13":"tag-headlines","14":"tag-kriminalitet","15":"tag-latest-news","16":"tag-latestnews","17":"tag-lokken-verk","18":"tag-news","19":"tag-no","20":"tag-norge","21":"tag-norway","22":"tag-nyheter","23":"tag-overskrifter","24":"tag-top-stories","25":"tag-topstories","26":"tag-trondelag"},"share_on_mastodon":{"url":"https:\/\/pubeurope.com\/@no\/115734778098236059","error":""},"_links":{"self":[{"href":"https:\/\/www.europesays.com\/no\/wp-json\/wp\/v2\/posts\/115472","targetHints":{"allow":["GET"]}}],"collection":[{"href":"https:\/\/www.europesays.com\/no\/wp-json\/wp\/v2\/posts"}],"about":[{"href":"https:\/\/www.europesays.com\/no\/wp-json\/wp\/v2\/types\/post"}],"author":[{"embeddable":true,"href":"https:\/\/www.europesays.com\/no\/wp-json\/wp\/v2\/users\/2"}],"replies":[{"embeddable":true,"href":"https:\/\/www.europesays.com\/no\/wp-json\/wp\/v2\/comments?post=115472"}],"version-history":[{"count":0,"href":"https:\/\/www.europesays.com\/no\/wp-json\/wp\/v2\/posts\/115472\/revisions"}],"wp:featuredmedia":[{"embeddable":true,"href":"https:\/\/www.europesays.com\/no\/wp-json\/wp\/v2\/media\/115473"}],"wp:attachment":[{"href":"https:\/\/www.europesays.com\/no\/wp-json\/wp\/v2\/media?parent=115472"}],"wp:term":[{"taxonomy":"category","embeddable":true,"href":"https:\/\/www.europesays.com\/no\/wp-json\/wp\/v2\/categories?post=115472"},{"taxonomy":"post_tag","embeddable":true,"href":"https:\/\/www.europesays.com\/no\/wp-json\/wp\/v2\/tags?post=115472"}],"curies":[{"name":"wp","href":"https:\/\/api.w.org\/{rel}","templated":true}]}}