{"id":115490,"date":"2025-12-17T12:20:11","date_gmt":"2025-12-17T12:20:11","guid":{"rendered":"https:\/\/www.europesays.com\/no\/115490\/"},"modified":"2025-12-17T12:20:11","modified_gmt":"2025-12-17T12:20:11","slug":"700-000-utanfor-arbeidslivet-fa-hjelp-da-er-alt-mogleg","status":"publish","type":"post","link":"https:\/\/www.europesays.com\/no\/115490\/","title":{"rendered":"700.000 utanfor arbeidslivet: \u2013 F\u00e5 hjelp, d\u00e5 er alt mogleg"},"content":{"rendered":"<p>Saka oppsummert<\/p>\n<ul>\n<li>Rosita Ervik fekk livet snudd opp ned d\u00e5 ho fekk vite at synet hennar kunne bli sterkt svekka.<\/li>\n<li>Etter \u00e5 ha mista h\u00e5pet om arbeid, fekk ho hjelp fr\u00e5 arbeids- og inkluderingskonsulenten i Brisk.<\/li>\n<li>Gjennom st\u00f8tte og kurs er ho no klar for praksis som lettmatros i br\u00f8nnb\u00e5treiarlaget S\u00f8lvtrans.<\/li>\n<li>Pilotprosjektet Vaktskiftet jobbar for \u00e5 redusere utanforskap ved \u00e5 inkludere fleire i arbeidslivet.<\/li>\n<li>Prosjektleiar Henrik Dalelid Vedde meiner det er viktig \u00e5 sj\u00e5 p\u00e5 dei utanfor som ressursar, ikkje som svake.<\/li>\n<li>Rosita oppmodar andre i same situasjon til \u00e5 s\u00f8kje st\u00f8tte og hjelp for \u00e5 finne nye moglegheiter.<\/li>\n<\/ul>\n<p>Oppsummeringa er laga av ei KI-teneste fr\u00e5 OpenAI. Innhaldet er kvalitetssikra av NRK sine journalistar f\u00f8r publisering.<\/p>\n<p>P\u00e5 kaia i \u00c5lesund ser ho draumen kome mot land. Ein br\u00f8nnb\u00e5t fr\u00e5 reiarlaget S\u00f8lvtrans.<\/p>\n<p>\u2013 Eg blir skikkeleg gira. Eg er heilt klar for \u00e5 kome i gang, seier Rosita Ervik.<\/p>\n<p>For to \u00e5r sidan var ho alt anna enn gira.<\/p>\n<p><img decoding=\"async\"   src=\"data:image\/gif;base64,R0lGODlhAQABAIAAAAAAAP\/\/\/yH5BAEAAAAALAAAAAABAAEAAAIBRAA7\" loading=\"eager\" alt=\"En person st\u00e5r foran et skip i en havn, if\u00f8rt en svart jakke. Omgivelsene er preget av gr\u00e5 himmel og betongoverflater. Skipet har synlige r\u00f8r og utstyr p\u00e5 dekk. Scenen indikerer aktivitet knyttet til maritim sektor.\" title=\"Foto: Frederik Winness Ringnes \/ NRK\"\/><\/p>\n<p class=\"\">Rosita Ervik trudde ikkje ho hadde ei framtid i arbeidslivet.<\/p>\n<p>Foto: Frederik Winness Ringnes \/ NRK<\/p>\n<p>Heilt tilfeldig blei det oppdaga at ho hadde eit gen som ville gjere at synsfeltet hennar sakte men sikkert kom til \u00e5 bli innsnevra til det nesten var borte.<\/p>\n<p>Ho gjekk i kjellaren og tenkte at ho aldri kom til \u00e5 kome seg i arbeid att.<\/p>\n<p><strong>\u2013 Eg s\u00e5g ingen moglegheiter. Det var tungt, seier ho.<\/strong><\/p>\n<p>Mange er utanfor<\/p>\n<p><a href=\"https:\/\/www.nrk.no\/nyheter\/700.000-star-utenfor-i-arbeidslivet_-viser-nav-rapport-1.17520725\" ec-id=\"pp:article:1.17520725\" ec-name=\"700.000 personar i arbeidsf\u00f8r alder\" rel=\"nofollow noopener\" target=\"_blank\">700.000 personar i arbeidsf\u00f8r alder <\/a>er utanfor arbeidsliv eller utdanning her i landet.<\/p>\n<p>Det vil seie at ein av fem er i utanforskap. Det \u00f8nsker organisasjonen Kopano \u00e5 gjere noko med.<\/p>\n<p>Dei er paraplyorganisasjonen til dei leiande arbeids- og inkluderingsbedriftene i landet, og har starta pilotprosjektet Vaktskiftet i M\u00f8re og Romsdal.<\/p>\n<p><img decoding=\"async\"   src=\"data:image\/gif;base64,R0lGODlhAQABAIAAAAAAAP\/\/\/yH5BAEAAAAALAAAAAABAAEAAAIBRAA7\" loading=\"eager\" alt=\"En mann st\u00e5r utenfor en bygning med store vinduer, if\u00f8rt jakke og genser. Det er en solfylt dag med fjell og vann i bakgrunnen. Flere biler er parkert langs veien hvor mannen st\u00e5r. Omgivelsene bidrar til en rolig atmosf\u00e6re.\" title=\"Foto: Frederik Winness Ringnes \/ NRK\"\/><\/p>\n<p class=\"\">Prosjektleiar i Vaktskiftet, Henrik Dalelid Vedde.<\/p>\n<p>Foto: Frederik Winness Ringnes \/ NRK<\/p>\n<p>M\u00e5let til prosjektleiar Henrik Dalelid Vedde er at dette skal bli eit landsomfattande prosjekt der inkluderingsbedriftene g\u00e5r saman med n\u00e6ringslivet for \u00e5 jobbe aktivt med \u00e5 f\u00e5 folk i utanforskap ut i arbeid.<\/p>\n<p>\u2013 Vi m\u00e5 rett og slett ta et krafttak for \u00e5 redusere utanforskapet, seier han.<\/p>\n<p>Vedde meiner det er eit paradoks at vi har eit stabilt h\u00f8gt tal p\u00e5 folk som er utanfor, samtidig som mange bransjar skrik etter arbeidskraft.<\/p>\n<p>Han trur ogs\u00e5 det er viktig at ein ikkje ser p\u00e5 dei som har hamna utanfor som svake, men som ein ressurs.<\/p>\n<p><strong>\u2013 Vi m\u00e5 samle oss, ta et steg fram og f\u00e5 folk i arbeid, seier han.<\/strong><\/p>\n<p><img decoding=\"async\"   src=\"data:image\/gif;base64,R0lGODlhAQABAIAAAAAAAP\/\/\/yH5BAEAAAAALAAAAAABAAEAAAIBRAA7\" loading=\"eager\" alt=\"Tre personer sitter rundt et bord i et moderne m\u00f8terom. Utsikten viser bygninger utenfor vinduet. Den midterste personen har p\u00e5 seg en vest og observerer de to andre som drikker. En skjerm og lydutstyr finnes i rommet.\" title=\"Foto: Frederik Winness Ringnes \/ NRK\"\/><\/p>\n<p class=\"\">Rosita Ervik, Trine Otterlei og Elisabeth Garnes.<\/p>\n<p>Foto: Frederik Winness Ringnes \/ NRK<\/p>\n<p>Fekk hjelp<\/p>\n<p>For Rosita Ervik var det arbeids- og inkluderingskonsulenten i Brisk, Elisabeth Garnes, som vart redninga i ein fortvila situasjon.<\/p>\n<p><strong>\u2013 Ho har bygd meg opp, gitt meg h\u00e5p og vilje til \u00e5 satse.<\/strong><\/p>\n<p>Ervik har tatt alle kurs som trengs for \u00e5 reise til sj\u00f8s, og har no f\u00e5tt godkjent praksisplass om bord i ein av br\u00f8nnb\u00e5tane til reiarlaget S\u00f8lvtrans.<\/p>\n<p>Dermed blir jula feira til sj\u00f8s i \u00e5r.<\/p>\n<p>Ho har ogs\u00e5 tatt ein ny synstest, og sidan synet ikkje har endra seg p\u00e5 to \u00e5r, vel ho \u00e5 tru at genet ikkje skal skape problem for henne.<\/p>\n<p><img decoding=\"async\"   src=\"data:image\/gif;base64,R0lGODlhAQABAIAAAAAAAP\/\/\/yH5BAEAAAAALAAAAAABAAEAAAIBRAA7\" loading=\"eager\" alt=\"En ansatt st\u00e5r i resepsjonen til S\u00f8ytrans. De har p\u00e5 seg en bl\u00e5 vest og en hvit skjorte. Bakgrunnen viser en moderne kontorinnredning med store vinduer. Det er ogs\u00e5 en datamaskin og noe innredning synlig i omr\u00e5det.\" title=\"Foto: Frederik Winness Ringnes \/ NRK\"\/><\/p>\n<p class=\"\">Trine Otterlei er mannskapssjef hos S\u00f8lvtrans.<\/p>\n<p>Foto: Frederik Winness Ringnes \/ NRK<\/p>\n<p>Mannskapskoordinator i selskapet, Trine Otterlei, er heilt klar p\u00e5 at mange av dei som har hamna utanfor arbeidslivet kan bli ein stor ressurs. Men nokre gongar kan alle kompetansekrava vere til hinder for at det er mogleg \u00e5 f\u00e5 til.<\/p>\n<p><strong>\u2013 Dei som har eit brennande \u00f8nske om \u00e5 reise p\u00e5 sj\u00f8en. Dei m\u00e5 f\u00e5 ein sjanse. Det er dei eg vil ha, seier ho. <\/strong><\/p>\n<p>    <img alt=\"En person st\u00e5r p\u00e5 kaien og ser p\u00e5 to store b\u00e5ter i havnen. I bakgrunnen ses flere bygninger og b\u00e5ter. Himmlen er delvis skyet, og vannoverflaten er rolig. Den enkelte personen har p\u00e5 seg en svart jakke med hette.\"  loading=\"lazy\"\/><img alt=\"En arbeidstaker i r\u00f8d dress st\u00e5r ved kaien og holder en line som er festet til skipet &quot;Ronja Strand&quot;. Skipets front er synlig, med en dyp bl\u00e5 farge og hvite detaljer. I bakgrunnen sees en by med flere bygninger og fjell. V\u00e6rforholdene er delvis overskyet.\"  loading=\"lazy\"\/>Foto: Frederik Ringnes\/ NRK<\/p>\n<p>R\u00f8rt<\/p>\n<p>Elisabeth Garnes i Brisk har verkeleg trua p\u00e5 prosjektet der n\u00e6ringsliv, Nav og inkluderingsbedrifter samarbeider betre for \u00e5 gjere vegen tilbake til arbeidslivet lettare for dei som har hamna utanfor.<\/p>\n<p>Ho er sv\u00e6rt stolt og glad over det Rosita Ervik har oppn\u00e5dd, og at ho no er klar for eit liv p\u00e5 havet.<\/p>\n<p><img decoding=\"async\"   src=\"data:image\/gif;base64,R0lGODlhAQABAIAAAAAAAP\/\/\/yH5BAEAAAAALAAAAAABAAEAAAIBRAA7\" loading=\"eager\" alt=\"En person i svart jakke st\u00e5r foran en vannkilde, med en mikrofon i fokus. Bakgrunnen viser en kystlinje med bygninger og fjell. Det er overskyet v\u00e6r, og personens h\u00e5r flagrer i vinden. Bildekvaliteten gir en klar fremstilling av scenen.\" title=\"Foto: Frederik Winness Ringnes \/ NRK\"\/><\/p>\n<p class=\"\">Elisabeth Garnes er veldig glad for at Rosita Ervik no er klar for arbeidslivet igjen.<\/p>\n<p>Foto: Frederik Winness Ringnes \/ NRK<\/p>\n<p>\u2013 Det er r\u00f8rande. Eg kjenner eg blir varm, for det har vore ei reise. \u00c5 f\u00e5 jobbe i grensesnittet mellom utanforskap og moglegheitene i arbeidslivet, er fantastisk, seier Garnes.<\/p>\n<p>Ho er omtrent like spent som Rosita Ervik p\u00e5 det som no ventar. Og Ervik har eitt r\u00e5d til andre som hamanr i same situasjon som ho gjorde:<\/p>\n<p>\u2013 F\u00e5 ein st\u00f8ttespelar. F\u00e5 hjelp. D\u00e5 er alt mogleg.<\/p>\n<p>Publisert<\/p>\n<p>17.12.2025, kl. 11.32<\/p>\n","protected":false},"excerpt":{"rendered":"Saka oppsummert Rosita Ervik fekk livet snudd opp ned d\u00e5 ho fekk vite at synet hennar kunne bli&hellip;\n","protected":false},"author":2,"featured_media":115491,"comment_status":"","ping_status":"","sticky":false,"template":"","format":"standard","meta":{"footnotes":""},"categories":[10],"tags":[20,21,24,25,15,22,23,13,30,28,29,14,16,26,27],"class_list":{"0":"post-115490","1":"post","2":"type-post","3":"status-publish","4":"format-standard","5":"has-post-thumbnail","7":"category-norge","8":"tag-breaking-news","9":"tag-breakingnews","10":"tag-featured-news","11":"tag-featurednews","12":"tag-headlines","13":"tag-latest-news","14":"tag-latestnews","15":"tag-news","16":"tag-no","17":"tag-norge","18":"tag-norway","19":"tag-nyheter","20":"tag-overskrifter","21":"tag-top-stories","22":"tag-topstories"},"share_on_mastodon":{"url":"https:\/\/pubeurope.com\/@no\/115734880604253465","error":""},"_links":{"self":[{"href":"https:\/\/www.europesays.com\/no\/wp-json\/wp\/v2\/posts\/115490","targetHints":{"allow":["GET"]}}],"collection":[{"href":"https:\/\/www.europesays.com\/no\/wp-json\/wp\/v2\/posts"}],"about":[{"href":"https:\/\/www.europesays.com\/no\/wp-json\/wp\/v2\/types\/post"}],"author":[{"embeddable":true,"href":"https:\/\/www.europesays.com\/no\/wp-json\/wp\/v2\/users\/2"}],"replies":[{"embeddable":true,"href":"https:\/\/www.europesays.com\/no\/wp-json\/wp\/v2\/comments?post=115490"}],"version-history":[{"count":0,"href":"https:\/\/www.europesays.com\/no\/wp-json\/wp\/v2\/posts\/115490\/revisions"}],"wp:featuredmedia":[{"embeddable":true,"href":"https:\/\/www.europesays.com\/no\/wp-json\/wp\/v2\/media\/115491"}],"wp:attachment":[{"href":"https:\/\/www.europesays.com\/no\/wp-json\/wp\/v2\/media?parent=115490"}],"wp:term":[{"taxonomy":"category","embeddable":true,"href":"https:\/\/www.europesays.com\/no\/wp-json\/wp\/v2\/categories?post=115490"},{"taxonomy":"post_tag","embeddable":true,"href":"https:\/\/www.europesays.com\/no\/wp-json\/wp\/v2\/tags?post=115490"}],"curies":[{"name":"wp","href":"https:\/\/api.w.org\/{rel}","templated":true}]}}