{"id":115492,"date":"2025-12-17T12:21:16","date_gmt":"2025-12-17T12:21:16","guid":{"rendered":"https:\/\/www.europesays.com\/no\/115492\/"},"modified":"2025-12-17T12:21:16","modified_gmt":"2025-12-17T12:21:16","slug":"barneminister-lene-vagslid-apmoter-motstand-om-15-arsgrensen","status":"publish","type":"post","link":"https:\/\/www.europesays.com\/no\/115492\/","title":{"rendered":"Barneminister Lene V\u00e5gslid (Ap)m\u00f8ter motstand om 15-\u00e5rsgrensen"},"content":{"rendered":"\n<ul class=\"_list_o9xde_3 _list_64s2r_85 _unordered_o9xde_106 text-sans-m\">\n<li class=\"_item_o9xde_30\">Mange 7. klassinger er mot en 15-\u00e5rsgrense p\u00e5 sosiale medier, viser h\u00f8ringsuttalelser.<\/li>\n<li class=\"_item_o9xde_30\">Barneminister Lene V\u00e5gslid bes\u00f8kte Kolbotn skole og h\u00f8rte elevenes mening.<\/li>\n<li class=\"_item_o9xde_30\">60 prosent av elevene er mot 15-\u00e5rsgrensen.<\/li>\n<li class=\"_item_o9xde_30\">Julia (12) mener en 13-\u00e5rsgrense er bedre og at voksne m\u00e5 bli mer bevisste forbilder.<\/li>\n<li class=\"_item_o9xde_30\">Myndighetene jobber med l\u00f8sninger for alderskontroll p\u00e5 sosiale medier.<\/li>\n<\/ul>\n<p>Vis mer <\/p>\n<p class=\"_paragraph_o9xde_4 _paragraph_xtcu6_10 layout-component text-serif-m layout-normal text-serif-m layout-padded\">12- og 13-\u00e5ringer er for lengst vant med Insta, Snap og TikTok.<\/p>\n<p class=\"_paragraph_o9xde_4 _paragraph_xtcu6_10 layout-component text-serif-m layout-normal text-serif-m layout-padded\"><a href=\"https:\/\/www.vg.no\/nyheter\/i\/8q0lO1\/regjeringen-aldersgrense-15-aar-i-sosiale-medier\" data-track-element-type=\"Link\" data-track-id=\"link:8q0lO1\" class=\"_link_o9xde_39\" rel=\"nofollow noopener\" target=\"_blank\">Med en ny 15-\u00e5rsgrense p\u00e5 sosiale medier<\/a>, blir de utestengt.<\/p>\n<p class=\"_paragraph_o9xde_4 _paragraph_xtcu6_10 layout-component text-serif-m layout-normal text-serif-m layout-padded\">Kolbotn skoles 7. klassinger forlanger \u00e5 bli h\u00f8rt. Da de sendte inn <a href=\"https:\/\/www.regjeringen.no\/no\/dokumenter\/horing-av-forslag-til-lov-om-aldersgrense-for-bruk-av-sosiale-medier\/id3114359\/?uid=8d566ff7-c0e8-4c72-911f-ac531aa3e5c0\" class=\"_link_o9xde_39\" rel=\"nofollow noopener\" target=\"_blank\">sine h\u00f8ringsuttalelser<\/a>, inviterte barneminister Lene V\u00e5gslid (Ap) seg selv p\u00e5 bes\u00f8k til Kolbotn. Der fikk hun h\u00f8re elevenes \u00e6rlige mening om aldersgrensen \u2013 ansikt til ansikt.<\/p>\n<ul class=\"_list_o9xde_3 _list_xtcu6_9 _unordered_o9xde_106 layout-component text-serif-m layout-normal text-serif-m layout-padded\">\n<li class=\"_item_o9xde_30\"><strong class=\"_strong_o9xde_25\">Les ogs\u00e5: <a href=\"https:\/\/www.vg.no\/nyheter\/i\/vrm9aw\/millioner-av-australske-tenaaringer-mistet-tilgang-til-sosiale-medier\" data-track-element-type=\"Link\" data-track-id=\"link:vrm9aw\" class=\"_link_o9xde_39\" rel=\"nofollow noopener\" target=\"_blank\">Her er aldersgrensen innf\u00f8rt<\/a><\/strong><\/li>\n<\/ul>\n<p class=\"_paragraph_o9xde_4 _paragraph_xtcu6_10 layout-component text-serif-m layout-normal text-serif-m layout-padded\">Og aller f\u00f8rst i klasserommet: En h\u00e5ndsopprekning viser at 60 prosent av elevene er mot 15-\u00e5rsgrensen som regjeringen har landet p\u00e5.<\/p>\n<p><img alt=\"ENGASJERT: Flere elever, inkludert lederen i elevr\u00e5det fikk snakket direkte med barneminister Lene V\u00e5gslid (Ap) p\u00e5 Kolbotn skole.  Foto: Gisle Oddstad \/ VG\" class=\"_image_qp4xg_65 layout-component layout-normal\" data-fullscreen- data-track-element-type=\"Article image fullscreen\" data-track-name=\"ImageFullscreen\" decoding=\"async\" loading=\"lazy\" height=\"5265\" itemprop=\"image\"  src=\"https:\/\/www.europesays.com\/no\/wp-content\/uploads\/2025\/12\/9f6e6861-3c59-4c7b-a01e-d27004cc9f1a\"  style=\"object-position:0% 0%\" width=\"7589\"\/>ENGASJERT: Flere elever, inkludert lederen i elevr\u00e5det fikk snakket direkte med barneminister Lene V\u00e5gslid (Ap) p\u00e5 Kolbotn skole.  Foto: Gisle Oddstad \/ VG<\/p>\n<p class=\"_paragraph_o9xde_4 _paragraph_xtcu6_10 layout-component text-serif-m layout-normal text-serif-m layout-padded\">En av dem er Julia (12). Barneministeren har faktisk lest h\u00f8ringsuttalelsen hennes \u2013 \u00e9n av over 8000.<\/p>\n<p class=\"_paragraph_o9xde_4 _paragraph_xtcu6_10 layout-component text-serif-m layout-normal text-serif-m layout-padded\">\u2013 Hvis man ikke har v\u00e6rt borti sosiale medier f\u00f8r man blir 15 \u00e5r, s\u00e5 vet man for lite om hvordan man kan unng\u00e5 utestenging, mobbing og voksne menn som utgir seg for \u00e5 v\u00e6re ungdom, sier Julia til VG.<\/p>\n<p class=\"_paragraph_o9xde_4 _paragraph_xtcu6_10 layout-component text-serif-m layout-normal text-serif-m layout-padded\">Hun mener en 13-\u00e5rsgrense og mer bevisste voksne er riktigst og viktigst.<\/p>\n<p>   Foreldre som forbilder?<\/p>\n<p class=\"_paragraph_o9xde_4 _paragraph_xtcu6_10 layout-component text-serif-m layout-normal text-serif-m layout-padded\">\u2013 For det er viktig at foreldre og l\u00e6rere blir bedre p\u00e5 \u00e5 fortelle oss hvordan vi kan bruke sosiale medier og hvem vi kan stole p\u00e5, sier Julia.<\/p>\n<p class=\"_paragraph_o9xde_4 _paragraph_xtcu6_10 layout-component text-serif-m layout-normal text-serif-m layout-padded\">Hun har rundt to timer skjermtid daglig. Barneminister V\u00e5gslid har selv en skjermtid p\u00e5 tre og en halv time. Og ordf\u00f8rer Cecilie Pind, som ogs\u00e5 er i klasserommet, blir litt sm\u00e5sjokkert n\u00e5r hun oppdager sin egen snitt-skjermtid p\u00e5 over fem timer daglig.<\/p>\n<p><img alt=\"ORDF\u00d8REREN OG MOBILEN: Nordre Follo-ordf\u00f8rer Cecilie Pind (H) ble skikkelig overrasket da hun sjekket egen skjermtid. Hun regner med reaksjoner ogs\u00e5 fra egne barn p\u00e5 tiden hun bruker p\u00e5 mobilen.  Foto: Gisle Oddstad \/ VG\" class=\"_image_qp4xg_65 layout-component layout-normal\" data-fullscreen- data-track-element-type=\"Article image fullscreen\" data-track-name=\"ImageFullscreen\" decoding=\"async\" loading=\"lazy\" height=\"5232\" itemprop=\"image\"  src=\"https:\/\/www.europesays.com\/no\/wp-content\/uploads\/2025\/12\/7423afe6-560b-4bb0-878d-607e7479a052\"  style=\"object-position:0% 0%\" width=\"7589\"\/>ORDF\u00d8REREN OG MOBILEN: Nordre Follo-ordf\u00f8rer Cecilie Pind (H) ble skikkelig overrasket da hun sjekket egen skjermtid. Hun regner med reaksjoner ogs\u00e5 fra egne barn p\u00e5 tiden hun bruker p\u00e5 mobilen.  Foto: Gisle Oddstad \/ VG<\/p>\n<p class=\"_paragraph_o9xde_4 _paragraph_xtcu6_10 layout-component text-serif-m layout-normal text-serif-m layout-padded\">\u2013 Jeg synes voksne og foreldre kan bli mye bedre forbilder. De har et ansvar for \u00e5 gj\u00f8re barn og unge forberedt p\u00e5 hva som m\u00f8ter dem, kommenterer Lovise (12).<\/p>\n<p class=\"_paragraph_o9xde_4 _paragraph_xtcu6_10 layout-component text-serif-m layout-normal text-serif-m layout-padded\">Ordf\u00f8reren for henne og 65.000 andre i Nordre Follo kommune, er ikke stolt av egen skjermtid.<\/p>\n<p class=\"_paragraph_o9xde_4 _paragraph_xtcu6_10 layout-component text-serif-m layout-normal text-serif-m layout-padded\">\u2013 Jeg har en skjermtid p\u00e5 fem timer og 11 minutter. Det var overraskende mye, selv om jeg bruker mobilen veldig mye i jobben min, unnskylder ordf\u00f8rer Pind seg.<\/p>\n<p class=\"_paragraph_o9xde_4 _paragraph_xtcu6_10 layout-component text-serif-m layout-normal text-serif-m layout-padded\">Barneministeren mener voksne m\u00e5 g\u00e5 i seg selv.<\/p>\n<p> Innf\u00f8ring tar tid<\/p>\n<p class=\"_paragraph_o9xde_4 _paragraph_xtcu6_10 layout-component text-serif-m layout-normal text-serif-m layout-padded\">\u2013 Vi som er foreldre har et kjempeansvar her. Vi m\u00e5 skjerpe oss. Sammen kan vi kanskje ta et lite oppgj\u00f8r med egen skjermtid, formaner Lene V\u00e5gslid. Hun er selv utdannet l\u00e6rer, og legger ikke skjul p\u00e5 at hun trives foran elevene. <\/p>\n<p class=\"_paragraph_o9xde_4 _paragraph_xtcu6_10 layout-component text-serif-m layout-normal text-serif-m layout-padded\">Statsr\u00e5den bruker humor, smiler og ler. Men enn\u00e5 kan hun ikke si noe om n\u00e5r 15-\u00e5rsgrensen p\u00e5 sosiale medier blir innf\u00f8rt. 12-\u00e5ringene i klasserommet kan komme veldig n\u00e6r 15-\u00e5rsalderen selv f\u00f8r aldersgrensen kommer.<\/p>\n<p><img alt=\"Foto: Gisle Oddstad \/ VG\" class=\"_image_qp4xg_65 layout-component layout-normal\" data-fullscreen- data-track-element-type=\"Article image fullscreen\" data-track-name=\"ImageFullscreen\" decoding=\"async\" loading=\"lazy\" height=\"5193\" itemprop=\"image\"  src=\"https:\/\/www.europesays.com\/no\/wp-content\/uploads\/2025\/12\/6805667a-f169-4abd-ba02-c3402e4ac469\"  style=\"object-position:0% 0%\" width=\"7290\"\/>Foto: Gisle Oddstad \/ VG<\/p>\n<p class=\"_paragraph_o9xde_4 _paragraph_xtcu6_10 layout-component text-serif-m layout-normal text-serif-m layout-padded\">Lovise (12) har l\u00f8ftet en problemstilling om hvor viktig det er \u00e5 ha \u00abriktig\u00bb smarttelefon blant unge. Selv har hun en annen mobil enn de aller fleste andre i syvende.<\/p>\n<p class=\"_paragraph_o9xde_4 _paragraph_xtcu6_10 layout-component text-serif-m layout-normal text-serif-m layout-padded\">\u2013 Jeg skulle jo \u00f8nske jeg hadde en annen mobil. Men det g\u00e5r greit s\u00e5 lenge den funker teknisk. Det stikker ikke s\u00e5 dypt, sier hun.<\/p>\n<p class=\"_paragraph_o9xde_4 _paragraph_xtcu6_10 layout-component text-serif-m layout-normal text-serif-m layout-padded\">Fra elevene f\u00e5r barneminister V\u00e5gslid ogs\u00e5 sp\u00f8rsm\u00e5l om det tross en ny aldersgrense er mulig \u00e5 komme seg inn p\u00e5 apper som <a href=\"https:\/\/www.vg.no\/tag\/snapchat?utm_source=vg-article&amp;utm_medium=auto-tagger&amp;utm_campaign=d4ddBj\" class=\"_link_o9xde_39\" rel=\"nofollow noopener\" target=\"_blank\">Snapchat<\/a> og Instagram selv om man er under 15.<\/p>\n<p class=\"_paragraph_o9xde_4 _paragraph_xtcu6_10 layout-component text-serif-m layout-normal text-serif-m layout-padded\">\u2013 M\u00e5let er at svaret blir nei. M\u00e5let med en absolutt aldersgrense er at man ikke skal kunne f\u00e5 tilgang til sosiale medier, som TikTok, Instagram, Snapchat og Facebook, svarer V\u00e5gslid. <\/p>\n<p>Alderskontroll<\/p>\n<p class=\"_paragraph_o9xde_4 _paragraph_xtcu6_10 layout-component text-serif-m layout-normal text-serif-m layout-padded\">Hun forteller at myndighetene i Norge og flere andre land <a href=\"https:\/\/www.vg.no\/nyheter\/i\/wg4o8L\/sosiale-medier-giganter-paa-teppet-vi-er-ikke-godt-nok-fornoeyd\" data-track-element-type=\"Link\" data-track-id=\"link:wg4o8L\" class=\"_link_o9xde_39\" rel=\"nofollow noopener\" target=\"_blank\">jobber med en l\u00f8sning for alderskontroll.<\/a><\/p>\n<p class=\"_paragraph_o9xde_4 _paragraph_xtcu6_10 layout-component text-serif-m layout-normal text-serif-m layout-padded\">\u2013 Vi \u00f8nsker en ordentlig l\u00f8sning. Gjerne en app eller en felles europeisk l\u00f8sning for aldersverifisering eller alderskontroll for \u00e5 komme inn. Men det er vanskelig arbeid. Og det er ikke gjort p\u00e5 et par uker, forklarer V\u00e5gslid.<\/p>\n<p class=\"_paragraph_o9xde_4 _paragraph_xtcu6_10 layout-component text-serif-m layout-normal text-serif-m layout-padded\">Hun antyder at det kan g\u00e5 ett til to \u00e5r frem i tid. Og da er jo elevene i 7. klassen fort 14 \u00e5r.<\/p>\n<p><img alt=\"LENE OG ELEVENE: Tolv\u00e5ringene Julia (n\u00e6rmest) og Lovise benyttet virkelig anledningen til \u00e5 si fra hva de mener om at regjeringen g\u00e5r inn for 15-\u00e5rs grense p\u00e5 tilgang til sosiale medier.  Foto: Gisle Oddstad \/ VG\" class=\"_image_qp4xg_65 layout-component layout-normal\" data-fullscreen- data-track-element-type=\"Article image fullscreen\" data-track-name=\"ImageFullscreen\" decoding=\"async\" loading=\"lazy\" height=\"3686\" itemprop=\"image\"  src=\"https:\/\/www.europesays.com\/no\/wp-content\/uploads\/2025\/12\/3907e6b3-5117-4b72-8750-93fb935ccf5e\"  style=\"object-position:0% 0%\" width=\"4410\"\/>LENE OG ELEVENE: Tolv\u00e5ringene Julia (n\u00e6rmest) og Lovise benyttet virkelig anledningen til \u00e5 si fra hva de mener om at regjeringen g\u00e5r inn for 15-\u00e5rs grense p\u00e5 tilgang til sosiale medier.  Foto: Gisle Oddstad \/ VG<\/p>\n<p class=\"_paragraph_o9xde_4 _paragraph_xtcu6_10 layout-component text-serif-m layout-normal text-serif-m layout-padded\">Aran (12) rekker h\u00e5nden i v\u00e6ret p\u00e5 slutten av timen.<\/p>\n<p class=\"_paragraph_o9xde_4 _paragraph_xtcu6_10 layout-component text-serif-m layout-normal text-serif-m layout-padded\">\u2013 Hva gj\u00f8r dere for \u00e5 for \u00e5 stoppe all rekrutteringen av unge kriminelle via sosiale medier?<\/p>\n<p class=\"_paragraph_o9xde_4 _paragraph_xtcu6_10 layout-component text-serif-m layout-normal text-serif-m layout-padded\">\u2013 Veldig godt sp\u00f8rsm\u00e5l, skryter barneministeren f\u00f8r hun svarer:<\/p>\n<p class=\"_paragraph_o9xde_4 _paragraph_xtcu6_10 layout-component text-serif-m layout-normal text-serif-m layout-padded\">\u2013 Jeg jobber veldig mye med det sammen med justisministeren. Og en av de viktigste tingene er jo faktisk \u00e5 f\u00e5 denne aldersgrensen i sosiale medier.<\/p>\n<p class=\"_paragraph_o9xde_4 _paragraph_xtcu6_10 layout-component text-serif-m layout-normal text-serif-m layout-padded\">I tillegg m\u00e5 politiets arbeid p\u00e5 nettet styrkes. Alts\u00e5 det \u00e5 klare \u00e5 etterforske og finne ut av hvem som gj\u00f8r dette, svarer V\u00e5gslid. <\/p>\n<p class=\"_paragraph_o9xde_4 _paragraph_xtcu6_10 layout-component text-serif-m layout-normal text-serif-m layout-padded\">Hun understreker at dette er viktig for regjeringen.<\/p>\n<p>Kan lures inn i krim<\/p>\n<p class=\"_paragraph_o9xde_4 _paragraph_xtcu6_10 layout-component text-serif-m layout-normal text-serif-m layout-padded\">Statsr\u00e5den var nylig i Sverige. Ogs\u00e5 der er de klar over det: <\/p>\n<p class=\"_paragraph_o9xde_4 _paragraph_xtcu6_10 layout-component text-serif-m layout-normal text-serif-m layout-padded\">\u2013 At den st\u00f8rste av arenaene for \u00e5 bli lurt inn i kriminalitet, er sosiale medier. Og det skjer fra noen som kan love bort mye penger, og der du plutselig kan v\u00e6re l\u00e5st i en situasjon du ikke kommer deg ut av. Det er livsfarlig, advarer barneministeren.<\/p>\n<p class=\"_paragraph_o9xde_4 _paragraph_xtcu6_10 layout-component text-serif-m layout-normal text-serif-m layout-padded\">Som hun advarer mot voksne menn som utgir seg for \u00e5 v\u00e6re barn og unge med sikte p\u00e5 \u00e5 lure unge brukere av sosiale medier.<\/p>\n<p>Norsk app ukjent for elevene<\/p>\n<p class=\"_paragraph_o9xde_4 _paragraph_xtcu6_10 layout-component text-serif-m layout-normal text-serif-m layout-padded\">Regjeringen jobber ogs\u00e5 med f\u00f8lgene av en absolutt aldersgrense. For eksempel finne ut hvordan gj\u00f8re unntak for meldingstjenester. Hun nevner den norske appen Spond. <\/p>\n<p class=\"_paragraph_o9xde_4 _paragraph_xtcu6_10 layout-component text-serif-m layout-normal text-serif-m layout-padded\">Ingen av elevene nikker gjenkjennende til den.<\/p>\n","protected":false},"excerpt":{"rendered":"Mange 7. klassinger er mot en 15-\u00e5rsgrense p\u00e5 sosiale medier, viser h\u00f8ringsuttalelser. Barneminister Lene V\u00e5gslid bes\u00f8kte Kolbotn skole&hellip;\n","protected":false},"author":2,"featured_media":115493,"comment_status":"","ping_status":"","sticky":false,"template":"","format":"standard","meta":{"footnotes":""},"categories":[5],"tags":[20,21,24,25,434,15,19,4883,22,23,17,18,13,30,28,29,14,2208,16,805,832,3222,2046,26,27,1995],"class_list":{"0":"post-115492","1":"post","2":"type-post","3":"status-publish","4":"format-standard","5":"has-post-thumbnail","7":"category-overskrifter","8":"tag-breaking-news","9":"tag-breakingnews","10":"tag-featured-news","11":"tag-featurednews","12":"tag-foreldre-og-barn","13":"tag-headlines","14":"tag-hovedoppslag","15":"tag-instagram","16":"tag-latest-news","17":"tag-latestnews","18":"tag-main-news","19":"tag-mainnews","20":"tag-news","21":"tag-no","22":"tag-norge","23":"tag-norway","24":"tag-nyheter","25":"tag-oppvekst","26":"tag-overskrifter","27":"tag-skole-og-utdanning","28":"tag-snapchat","29":"tag-sosiale-medier","30":"tag-tiktok","31":"tag-top-stories","32":"tag-topstories","33":"tag-vghelseoglivet"},"share_on_mastodon":{"url":"https:\/\/pubeurope.com\/@no\/115734884279802569","error":""},"_links":{"self":[{"href":"https:\/\/www.europesays.com\/no\/wp-json\/wp\/v2\/posts\/115492","targetHints":{"allow":["GET"]}}],"collection":[{"href":"https:\/\/www.europesays.com\/no\/wp-json\/wp\/v2\/posts"}],"about":[{"href":"https:\/\/www.europesays.com\/no\/wp-json\/wp\/v2\/types\/post"}],"author":[{"embeddable":true,"href":"https:\/\/www.europesays.com\/no\/wp-json\/wp\/v2\/users\/2"}],"replies":[{"embeddable":true,"href":"https:\/\/www.europesays.com\/no\/wp-json\/wp\/v2\/comments?post=115492"}],"version-history":[{"count":0,"href":"https:\/\/www.europesays.com\/no\/wp-json\/wp\/v2\/posts\/115492\/revisions"}],"wp:featuredmedia":[{"embeddable":true,"href":"https:\/\/www.europesays.com\/no\/wp-json\/wp\/v2\/media\/115493"}],"wp:attachment":[{"href":"https:\/\/www.europesays.com\/no\/wp-json\/wp\/v2\/media?parent=115492"}],"wp:term":[{"taxonomy":"category","embeddable":true,"href":"https:\/\/www.europesays.com\/no\/wp-json\/wp\/v2\/categories?post=115492"},{"taxonomy":"post_tag","embeddable":true,"href":"https:\/\/www.europesays.com\/no\/wp-json\/wp\/v2\/tags?post=115492"}],"curies":[{"name":"wp","href":"https:\/\/api.w.org\/{rel}","templated":true}]}}