{"id":115494,"date":"2025-12-17T12:26:07","date_gmt":"2025-12-17T12:26:07","guid":{"rendered":"https:\/\/www.europesays.com\/no\/115494\/"},"modified":"2025-12-17T12:26:07","modified_gmt":"2025-12-17T12:26:07","slug":"brann-pa-tivoli-i-kobenhavn-nrk-urix-utenriksnyheter-og-dokumentarer","status":"publish","type":"post","link":"https:\/\/www.europesays.com\/no\/115494\/","title":{"rendered":"Brann p\u00e5 Tivoli i K\u00f8benhavn \u2013 NRK Urix \u2013 Utenriksnyheter og -dokumentarer"},"content":{"rendered":"<p>\u2013 Brannvesenet er i gang med \u00e5 lufte ut p\u00e5 stedet. Det har med stor sannsynlighet v\u00e6rt snakk om en kortslutning, noe vi unders\u00f8ker n\u00e6rmere, skriver politiet p\u00e5 X.<\/p>\n<p>N\u00f8detatene fikk melding om brannen klokka 12.14 onsdag.<\/p>\n<p>Klokken12.31 opplyste politiet at det er flammer fra taket i Pantomimeteateret, n\u00e6r den vestlige inngangen til parken.<\/p>\n<p>\u2013Vi er til stede i Tivoliet etter en melding om r\u00f8ykutvikling i Pantomimeteateret. Det er sett flammer p\u00e5 taket. Forel\u00f8pig ingen melding om personskader. Vi oppdaterer n\u00e5r vi har mer informasjon, skrev politiet i K\u00f8benhavn p\u00e5 <a href=\"https:\/\/x.com\/KobenhavnPoliti\/status\/2001253904953303505\" ec-id=\"https:\/\/x.com\/KobenhavnPoliti\/status\/2001253904953303505\" ec-name=\"X\" rel=\"nofollow\">X<\/a>.<\/p>\n<p>Restaurant Gr\u00f8ften er evakuert, og Vesterbrogade er stengt mellom HC Andersens Boulevard og Bernstorffsgad.<\/p>\n<p>If\u00f8lge DR ble Pantomimeteatret ble bygget i 1874, tegnet av arkitektene Vilhelm Dahlerup og Ove Petersen.<\/p>\n<p>Publisert<\/p>\n<p>17.12.2025, kl. 12.45<\/p>\n<p>Oppdatert<\/p>\n<p>17.12.2025, kl. 13.09<\/p>\n","protected":false},"excerpt":{"rendered":"\u2013 Brannvesenet er i gang med \u00e5 lufte ut p\u00e5 stedet. Det har med stor sannsynlighet v\u00e6rt snakk&hellip;\n","protected":false},"author":2,"featured_media":115495,"comment_status":"","ping_status":"","sticky":false,"template":"","format":"standard","meta":{"footnotes":""},"categories":[12],"tags":[20,21,24,25,15,22,23,13,30,28,29,14,16,26,27,42,43,44,45],"class_list":{"0":"post-115494","1":"post","2":"type-post","3":"status-publish","4":"format-standard","5":"has-post-thumbnail","7":"category-verden","8":"tag-breaking-news","9":"tag-breakingnews","10":"tag-featured-news","11":"tag-featurednews","12":"tag-headlines","13":"tag-latest-news","14":"tag-latestnews","15":"tag-news","16":"tag-no","17":"tag-norge","18":"tag-norway","19":"tag-nyheter","20":"tag-overskrifter","21":"tag-top-stories","22":"tag-topstories","23":"tag-verden","24":"tag-world","25":"tag-world-news","26":"tag-worldnews"},"share_on_mastodon":{"url":"https:\/\/pubeurope.com\/@no\/115734903854238930","error":""},"_links":{"self":[{"href":"https:\/\/www.europesays.com\/no\/wp-json\/wp\/v2\/posts\/115494","targetHints":{"allow":["GET"]}}],"collection":[{"href":"https:\/\/www.europesays.com\/no\/wp-json\/wp\/v2\/posts"}],"about":[{"href":"https:\/\/www.europesays.com\/no\/wp-json\/wp\/v2\/types\/post"}],"author":[{"embeddable":true,"href":"https:\/\/www.europesays.com\/no\/wp-json\/wp\/v2\/users\/2"}],"replies":[{"embeddable":true,"href":"https:\/\/www.europesays.com\/no\/wp-json\/wp\/v2\/comments?post=115494"}],"version-history":[{"count":0,"href":"https:\/\/www.europesays.com\/no\/wp-json\/wp\/v2\/posts\/115494\/revisions"}],"wp:featuredmedia":[{"embeddable":true,"href":"https:\/\/www.europesays.com\/no\/wp-json\/wp\/v2\/media\/115495"}],"wp:attachment":[{"href":"https:\/\/www.europesays.com\/no\/wp-json\/wp\/v2\/media?parent=115494"}],"wp:term":[{"taxonomy":"category","embeddable":true,"href":"https:\/\/www.europesays.com\/no\/wp-json\/wp\/v2\/categories?post=115494"},{"taxonomy":"post_tag","embeddable":true,"href":"https:\/\/www.europesays.com\/no\/wp-json\/wp\/v2\/tags?post=115494"}],"curies":[{"name":"wp","href":"https:\/\/api.w.org\/{rel}","templated":true}]}}