{"id":115500,"date":"2025-12-17T12:34:08","date_gmt":"2025-12-17T12:34:08","guid":{"rendered":"https:\/\/www.europesays.com\/no\/115500\/"},"modified":"2025-12-17T12:34:08","modified_gmt":"2025-12-17T12:34:08","slug":"helseministeren-vil-finne-ut-om-for-mange-barn-og-unge-far-adhd-medisin","status":"publish","type":"post","link":"https:\/\/www.europesays.com\/no\/115500\/","title":{"rendered":"Helseministeren vil finne ut om for mange barn og unge f\u00e5r ADHD-medisin"},"content":{"rendered":"\n<ul class=\"_list_o9xde_3 _list_64s2r_85 _unordered_o9xde_106 text-sans-m\">\n<li class=\"_item_o9xde_30\">Helseminister Vestre og kunnskapsminister Nordtun er bekymret over \u00f8kt antall ADHD-diagnoser hos barn og unge.<\/li>\n<li class=\"_item_o9xde_30\">Kunnskapsminister Nordtun frykter mange f\u00e5r un\u00f8dvendige diagnoser.<\/li>\n<li class=\"_item_o9xde_30\">De vil kartlegge ADHD-utredninger, spesielt i det private markedet.<\/li>\n<li class=\"_item_o9xde_30\">FHI p\u00e5peker at det ikke alltid er samsvar mellom ADHD-diagnoser og reelle tilstander.<\/li>\n<\/ul>\n<p>Vis mer <\/p>\n<p class=\"_paragraph_o9xde_4 _paragraph_xtcu6_10 layout-component text-serif-m layout-normal text-serif-m layout-padded\">\u2013 Vi ser med stor bekymring p\u00e5 at antallet utredninger og diagnoser har \u00f8kt betydelig de siste \u00e5rene, uten at vi helt vet hvorfor. Vi kan risikere \u00e5 gi en diagnose som f\u00e5r store konsekvenser, der man f\u00f8rst burde fors\u00f8kt andre tiltak. Dette tar veldig mye kapasitet fra helsetjenesten v\u00e5r, som i verste fall g\u00e5r utover de som faktisk trenger det, sier helseminister <a href=\"https:\/\/www.vg.no\/tag\/jan-christian-vestre?utm_source=vg-article&amp;utm_medium=auto-tagger&amp;utm_campaign=8pwoXG\" class=\"_link_o9xde_39\" rel=\"nofollow noopener\" target=\"_blank\">Jan Christian Vestre<\/a> (Ap) til VG.<\/p>\n<p class=\"_paragraph_o9xde_4 _paragraph_xtcu6_10 layout-component text-serif-m layout-normal text-serif-m layout-padded\">Han advarer mot at n\u00e5r man setter i gang behandling hvor det ikke er behov for det, s\u00e5 risikerer man jo ogs\u00e5 at den kan gj\u00f8re ting verre i et menneskes livsl\u00f8p.<\/p>\n<p><img alt=\"Foto: Frank Ertesv\u00e5g \/ VG\" class=\"_image_qp4xg_65 layout-component layout-normal\" data-fullscreen- data-track-element-type=\"Article image fullscreen\" data-track-name=\"ImageFullscreen\" decoding=\"async\" loading=\"lazy\" height=\"4990\" itemprop=\"image\"  src=\"https:\/\/www.europesays.com\/no\/wp-content\/uploads\/2025\/12\/d46c12b5-d822-40ee-a7b2-38d3b70bc83a\"  style=\"object-position:0% 0%\" width=\"3447\"\/>Foto: Frank Ertesv\u00e5g \/ VG<\/p>\n<p class=\"_paragraph_o9xde_4 _paragraph_xtcu6_10 layout-component text-serif-m layout-normal text-serif-m layout-padded\">Men \u2013 det er et stort men, understreker Vestre og ser bort p\u00e5 regjeringspartner og partikamerat kunnskapsminister Kari Nessa Nordtun:<\/p>\n<p class=\"_paragraph_o9xde_4 _paragraph_xtcu6_10 layout-component text-serif-m layout-normal text-serif-m layout-padded\">\u2013 Det er jo alltid s\u00e5nn at det m\u00e5 v\u00e6re faglige vurderinger som ligger til grunn n\u00e5r en pasient blir henvist og vurdert. Og det er faglige vurderinger, ikke politiske vurderinger som skal bestemme her ogs\u00e5. Men det er v\u00e5rt ansvar \u00e5 ta tak n\u00e5r vi ser at denne utviklingen akselererer uten at noen kan gi gode svar p\u00e5 hvorfor det er s\u00e5nn, nyanserer Vestre.<\/p>\n<p class=\"_paragraph_o9xde_4 _paragraph_xtcu6_10 layout-component text-serif-m layout-normal text-serif-m layout-padded\"><strong class=\"_strong_o9xde_25\">Les ogs\u00e5: <a href=\"https:\/\/www.vg.no\/nyheter\/i\/wgdo64\/barne-og-ungdomspsykiater-om-adhd-medisineringen-har-sklidd-ut\" data-track-element-type=\"Link\" data-track-id=\"link:wgdo64\" class=\"_link_o9xde_39\" rel=\"nofollow noopener\" target=\"_blank\">\u2013 Medisineringen har sklidd ut<\/a><\/strong><\/p>\n<p class=\"_paragraph_o9xde_4 _paragraph_xtcu6_10 layout-component text-serif-m layout-normal text-serif-m layout-padded\">Han vil blant annet n\u00e5 kartlegge det private markedet for ADHD-utredning.<\/p>\n<p>Bred bekymring<\/p>\n<p class=\"_paragraph_o9xde_4 _paragraph_xtcu6_10 layout-component text-serif-m layout-normal text-serif-m layout-padded\">For det er b\u00e5de klinikere og fagfolk som er bekymret over denne utviklingen.<\/p>\n<p class=\"_paragraph_o9xde_4 _paragraph_xtcu6_10 layout-component text-serif-m layout-normal text-serif-m layout-padded\">Sammen med kunnskapsminister og trebarnsmor Kari Nessa Nordtun (Ap) m\u00f8ter han VG utenfor Stortinget.<\/p>\n<p class=\"_paragraph_o9xde_4 _paragraph_xtcu6_10 layout-component text-serif-m layout-normal text-serif-m layout-padded\">De er begge bekymret over diagnose-tallene. Og de ser foreldre som er bekymret over dette, som synes at det er merkelig at det n\u00e6rmest har blitt \u00abnormalen\u00bb \u00e5 utredes for en\u00a0tilstand som gir en\u00a0diagnose. <\/p>\n<p>Kraftig \u00f8kning<\/p>\n<ul class=\"_list_o9xde_3 _list_xtcu6_9 _list_16v91_9 _unordered_o9xde_106 layout-component text-serif-m layout-normal text-sans-m layout-padded\">\n<li class=\"_item_o9xde_30\">2012: 12841 personer, 1,6 prosent.<\/li>\n<li class=\"_item_o9xde_30\">2013: 13014 pers. 1,6 prosent.<\/li>\n<li class=\"_item_o9xde_30\">2014: 12838 pers. 1,5 prosent.<\/li>\n<li class=\"_item_o9xde_30\">2015: 12798 pers. 1,5 prosent.<\/li>\n<li class=\"_item_o9xde_30\">2016: 12941 pers. 1,5 prosent.<\/li>\n<li class=\"_item_o9xde_30\">2017: 14511 pers, 1,7 prosent.<\/li>\n<li class=\"_item_o9xde_30\">2018: 14787 pers. 1,7 prosent.<\/li>\n<li class=\"_item_o9xde_30\">2019: 15243 pers. 1,8 prosent.<\/li>\n<li class=\"_item_o9xde_30\">2020: 15940 pers. 1,9 prosent.<\/li>\n<li class=\"_item_o9xde_30\">2021: 18317 pers. 2,1 prosent.<\/li>\n<li class=\"_item_o9xde_30\">2022: 21179 pers. 2,5 prosent.<\/li>\n<li class=\"_item_o9xde_30\">Tallene viser antallet personer i alderen 6\u201318 \u00e5r som har v\u00e6rt registrert minst \u00e9n gang i et \u00e5r med ADHD i Norsk pasientregister i perioden 2012\u20132022.<\/li>\n<li class=\"_item_o9xde_30\">FHI (Folkehelseinstituttet) ser kun p\u00e5 barn over 5 \u00e5r, siden ADHD sv\u00e6rt sjelden diagnostiseres tidligere. <\/li>\n<li class=\"_item_o9xde_30\">I hele perioden har \u00f8kningen i ADHD-diagnoser v\u00e6rt st\u00f8rst blant barn av to norske foreldre med b\u00e5de lav utdanning og lav inntekt.<\/li>\n<li class=\"_item_o9xde_30\">Barn med to innvandrerforeldre f\u00e5r ADHD-diagnoser betydelig sjeldnere enn<br \/>andre barn.<\/li>\n<li class=\"_item_o9xde_30\">I l\u00f8pet av de siste 3\u20135 \u00e5rene med statistikk har det v\u00e6rt en markant \u00f8kning i ADHD-diagnoser<br \/>blant jenter i ungdomsskolealder.<\/li>\n<\/ul>\n<p class=\"_paragraph_o9xde_4 _paragraph_xtcu6_10 _paragraph_16v91_10 layout-component text-serif-m layout-normal text-sans-m layout-padded\">(Kilder: Folkehelseinstituttet, Norsk pasientregister, Kunnskapsdepartementet, Helse- og omsorgsdepartementet)<\/p>\n<p>Vis mer<\/p>\n<p class=\"_paragraph_o9xde_4 _paragraph_xtcu6_10 layout-component text-serif-m layout-normal text-serif-m layout-padded\">Ting som kanskje for en generasjon siden handlet om barn- og ungdomstid og adferd man vokste fra seg, som var en naturlig del av det \u00e5 bli voksen.<\/p>\n<p class=\"_paragraph_o9xde_4 _paragraph_xtcu6_10 layout-component text-serif-m layout-normal text-serif-m layout-padded\">\u2013 Dere vil stoppe opp og bremse diagnose-eksplosjonen blant barn og unge?<\/p>\n<p class=\"_paragraph_o9xde_4 _paragraph_xtcu6_10 layout-component text-serif-m layout-normal text-serif-m layout-padded\">\u2013 Dette f\u00f8rer jo med seg en belastning for barn og foreldre som de m\u00e5 st\u00e5 i. Men ogs\u00e5 l\u00e6rere og skoleledere \u2013 med medisinering og tilrettelegging. Alts\u00e5, det krever store ressurser \u00e5 f\u00f8lge opp barnet n\u00e5r det f\u00f8rst er satt en diagnose. Men sp\u00f8rsm\u00e5let er hvordan vi kom dit, sier Kari Nessa Nordtun. <\/p>\n<p>Mer gutteskole?<\/p>\n<p class=\"_paragraph_o9xde_4 _paragraph_xtcu6_10 layout-component text-serif-m layout-normal text-serif-m layout-padded\">Hun sp\u00f8r seg ogs\u00e5 om skolen kan innrette seg enda bedre, spesielt for de yngste og s\u00e6rlig guttene.<\/p>\n<p class=\"_paragraph_o9xde_4 _paragraph_xtcu6_10 layout-component text-serif-m layout-normal text-serif-m layout-padded\">\u2013 Det er nok en del \u00e5 hente ved \u00e5 g\u00e5 vekk fra den stillesittende, teoritunge og kjernefagtunge skolehverdagen hvor du blir inaktiv, sier hun og nevner \u00f8remerkede penger til praktisk utstyr og leker i skolen. <\/p>\n<p><img alt=\"STILLESITTING: Mange flere elever trenger mer avveksling fra en stillesittende skolehverdag, mener kunnskapsministeren. ILLUSTRASJONSFOTO  Foto: Gorm Kallestad \/ NTB\" class=\"_image_qp4xg_65 layout-component layout-normal\" data-fullscreen- data-track-element-type=\"Article image fullscreen\" data-track-name=\"ImageFullscreen\" decoding=\"async\" loading=\"lazy\" height=\"3438\" itemprop=\"image\"  src=\"https:\/\/www.europesays.com\/no\/wp-content\/uploads\/2025\/12\/6986b6a1-5eed-4318-9f17-db45f725cc70\"  style=\"object-position:0% 0%\" width=\"5158\"\/>STILLESITTING: Mange flere elever trenger mer avveksling fra en stillesittende skolehverdag, mener kunnskapsministeren. ILLUSTRASJONSFOTO  Foto: Gorm Kallestad \/ NTB<\/p>\n<p class=\"_paragraph_o9xde_4 _paragraph_xtcu6_10 layout-component text-serif-m layout-normal text-serif-m layout-padded\">Nordtun viser til at de yngste barna i en klasse, og s\u00e6rlig de yngste guttene, har st\u00f8rre mulighet for \u00e5 f\u00e5 en ADHD-diagnose enn andre.<\/p>\n<p class=\"_paragraph_o9xde_4 _paragraph_xtcu6_10 layout-component text-serif-m layout-normal text-serif-m layout-padded\">\u2013 Er det slik at skolen ikke klarer i tilstrekkelig grad \u00e5 tilpasse oppl\u00e6ringen til de yngste barna? sp\u00f8r hun.<\/p>\n<p class=\"_paragraph_o9xde_4 _paragraph_xtcu6_10 layout-component text-serif-m layout-normal text-serif-m layout-padded\">Kartlegginger viser at mange skoler mangler tilstrekkelig med leker.<\/p>\n<p class=\"_paragraph_o9xde_4 _paragraph_xtcu6_10 layout-component text-serif-m layout-normal text-serif-m layout-padded\">\u2013 N\u00e5r leken skal tilbake, da m\u00e5 de faktisk ha leker tilgjengelig, sier Nordtun som viser til \u00f8remerkede midler til leker neste \u00e5r.<\/p>\n<p>Fare for stempling?<\/p>\n<p class=\"_paragraph_o9xde_4 _paragraph_xtcu6_10 layout-component text-serif-m layout-normal text-serif-m layout-padded\">\u2013 Er det ikke en fare for \u00e5 stemple barn som overdiagnostiserte n\u00e5r dere g\u00e5r ut med denne bekymringen, Vestre?<\/p>\n<p class=\"_paragraph_o9xde_4 _paragraph_xtcu6_10 layout-component text-serif-m layout-normal text-serif-m layout-padded\">\u2013 Det er derfor det er s\u00e5 viktig \u00e5 understreke at det er faglige vurderinger som skal gj\u00f8res i en utredning og n\u00e5r en diagnose skal settes. S\u00e5 m\u00e5 vi samtidig som ansvarlige politikere ta p\u00e5 alvor de tilbakemeldingene vi f\u00e5r fra mange av klinikerne. De er veldig bekymret for denne utviklingen, og mange foreldre er bekymret for dette. Dette er jo et tema i mange land, minner helseministeren om.<\/p>\n<p><img alt=\"ADHD-MEDISIN: Eksempel p\u00e5 piller som brukes i norsk skole av en elev med ADHD-diagnose. Medisinen skal hjelpe eleven til \u00e5 konsentrere seg bedre.  Foto: Gabriel Aas Sk\u00e5levik \/ VG\" class=\"_image_qp4xg_65 layout-component layout-normal\" data-fullscreen- data-track-element-type=\"Article image fullscreen\" data-track-name=\"ImageFullscreen\" decoding=\"async\" loading=\"lazy\" height=\"3095\" itemprop=\"image\"  src=\"https:\/\/www.europesays.com\/no\/wp-content\/uploads\/2025\/12\/717a16e3-29c3-402e-a470-cff92839a612\"  style=\"object-position:0% 0%\" width=\"4642\"\/>ADHD-MEDISIN: Eksempel p\u00e5 piller som brukes i norsk skole av en elev med ADHD-diagnose. Medisinen skal hjelpe eleven til \u00e5 konsentrere seg bedre.  Foto: Gabriel Aas Sk\u00e5levik \/ VG<\/p>\n<p class=\"_paragraph_o9xde_4 _paragraph_xtcu6_10 layout-component text-serif-m layout-normal text-serif-m layout-padded\">\u2013 N\u00e5r vi da ikke f\u00e5r gode forklaringer p\u00e5 hvorfor vi ser denne markante \u00f8kningen, s\u00e5 mener vi det er behov for \u00e5 ta grep. Og s\u00e5 m\u00e5 vi bare understreke igjen at de som trenger hjelp skal jo f\u00e5 hjelp. Men det vi risikerer hvis vi ender opp med at altfor mange henvises som egentlig trenger noe helt annet, s\u00e5 vil det kunne g\u00e5 ut over de som faktisk trenger den hjelpen, understreker Jan Christian Vestre.<\/p>\n<p class=\"_paragraph_o9xde_4 _paragraph_xtcu6_10 layout-component text-serif-m layout-normal text-serif-m layout-padded\">Folkehelseinstituttet peker i sin <a href=\"https:\/\/www.fhi.no\/contentassets\/b5b3603ec4794c5cb0c8651589b359f8\/temautgave-barn-og-unges-psykiske-helse_2025.pdf\" class=\"_link_o9xde_39\" rel=\"nofollow noopener\" target=\"_blank\">siste rapport om barn og unges psykiske helse<\/a> fra 2025, at det ikke alltid er samsvar mellom ADHD-diagnose hos barn og den reelle tilstanden hos barnet.<\/p>\n<p class=\"_paragraph_o9xde_4 _paragraph_xtcu6_10 layout-component text-serif-m layout-normal text-serif-m layout-padded\">\u00abSelv om man i journaler ikke beskriver alle detaljer i den kliniske prosessen, ble det avdekket en mulighet for at barn har f\u00e5tt ADHD-diagnose uten reelt \u00e5 ha tilstanden. I en annen studie s\u00e5 man p\u00e5 fylkesvise diagnosetall fra NPR (Norsk pasientregister) og geografiske variasjoner i symptomer hentet fra Den norske mor, far og barn-unders\u00f8kelsen, og fant at variasjon i diagnoser var st\u00f8rre enn variasjon i m\u00e5lte ADHD-symptomniv\u00e5er.\u00bb <\/p>\n<p class=\"_paragraph_o9xde_4 _paragraph_xtcu6_10 layout-component text-serif-m layout-normal text-serif-m layout-padded\">Begge disse unders\u00f8kelsene viser et behov for mer kunnskap om grunnlaget for ADHD-diagnoser i norske klinikker; b\u00e5de n\u00e5r det gjelder om og hvordan retningslinjen for utredning av ADHD brukes, men ogs\u00e5 kompetanse, tilgjengelighet og ressurser i helsetjenestene rundt om i landet, skriver FHI.<\/p>\n","protected":false},"excerpt":{"rendered":"Helseminister Vestre og kunnskapsminister Nordtun er bekymret over \u00f8kt antall ADHD-diagnoser hos barn og unge. Kunnskapsminister Nordtun frykter&hellip;\n","protected":false},"author":2,"featured_media":115501,"comment_status":"","ping_status":"","sticky":false,"template":"","format":"standard","meta":{"footnotes":""},"categories":[10],"tags":[524,20,21,4981,24,25,15,736,1511,1688,22,23,3167,13,30,28,29,14,2208,16,805,568,26,27,1995],"class_list":{"0":"post-115500","1":"post","2":"type-post","3":"status-publish","4":"format-standard","5":"has-post-thumbnail","7":"category-norge","8":"tag-barn-og-unge","9":"tag-breaking-news","10":"tag-breakingnews","11":"tag-diagnose","12":"tag-featured-news","13":"tag-featurednews","14":"tag-headlines","15":"tag-helse","16":"tag-jan-christian-vestre","17":"tag-kari-nessa-nordtun","18":"tag-latest-news","19":"tag-latestnews","20":"tag-medisin","21":"tag-news","22":"tag-no","23":"tag-norge","24":"tag-norway","25":"tag-nyheter","26":"tag-oppvekst","27":"tag-overskrifter","28":"tag-skole-og-utdanning","29":"tag-store-regjeringen","30":"tag-top-stories","31":"tag-topstories","32":"tag-vghelseoglivet"},"share_on_mastodon":{"url":"https:\/\/pubeurope.com\/@no\/115734935314826339","error":""},"_links":{"self":[{"href":"https:\/\/www.europesays.com\/no\/wp-json\/wp\/v2\/posts\/115500","targetHints":{"allow":["GET"]}}],"collection":[{"href":"https:\/\/www.europesays.com\/no\/wp-json\/wp\/v2\/posts"}],"about":[{"href":"https:\/\/www.europesays.com\/no\/wp-json\/wp\/v2\/types\/post"}],"author":[{"embeddable":true,"href":"https:\/\/www.europesays.com\/no\/wp-json\/wp\/v2\/users\/2"}],"replies":[{"embeddable":true,"href":"https:\/\/www.europesays.com\/no\/wp-json\/wp\/v2\/comments?post=115500"}],"version-history":[{"count":0,"href":"https:\/\/www.europesays.com\/no\/wp-json\/wp\/v2\/posts\/115500\/revisions"}],"wp:featuredmedia":[{"embeddable":true,"href":"https:\/\/www.europesays.com\/no\/wp-json\/wp\/v2\/media\/115501"}],"wp:attachment":[{"href":"https:\/\/www.europesays.com\/no\/wp-json\/wp\/v2\/media?parent=115500"}],"wp:term":[{"taxonomy":"category","embeddable":true,"href":"https:\/\/www.europesays.com\/no\/wp-json\/wp\/v2\/categories?post=115500"},{"taxonomy":"post_tag","embeddable":true,"href":"https:\/\/www.europesays.com\/no\/wp-json\/wp\/v2\/tags?post=115500"}],"curies":[{"name":"wp","href":"https:\/\/api.w.org\/{rel}","templated":true}]}}