{"id":115512,"date":"2025-12-17T12:47:45","date_gmt":"2025-12-17T12:47:45","guid":{"rendered":"https:\/\/www.europesays.com\/no\/115512\/"},"modified":"2025-12-17T12:47:45","modified_gmt":"2025-12-17T12:47:45","slug":"en-trussel-for-hele-europa","status":"publish","type":"post","link":"https:\/\/www.europesays.com\/no\/115512\/","title":{"rendered":"&#8211; En trussel for hele Europa"},"content":{"rendered":"<p>  Russland er den betydeligste og mest direkte trusselen mot sikkerhet, fred og stabilitet i Europa, sier \u00e5tte EU-ledere fra land langs EUs \u00f8stlige grenser.<\/p>\n<p>\n    \u00c5tte EU-ledere sier Russland, her representert ved president Vladimir Putin, er en trussel for hele Europa. Foto: Sputnik \/ Reuters \/ NTB\n  <\/p>\n<p>De \u00e5tte lederne fra Finland, Sverige, Estland, Latvia, Litauen, Polen, Bulgaria og Romania m\u00f8ttes i den finske hovedstaden Helsingfors for \u00e5 dr\u00f8fte forsvaret av EUs \u00f8stlige flanke.<\/p>\n<p>Forsvar av den \u00f8stlige flanken er en umiddelbar prioritet for EU p\u00e5 grunn av trusselen fra Russland, heter det i en fellesuttalelse.<\/p>\n<p>        <img loading=\"lazy\" decoding=\"async\" src=\"https:\/\/www.europesays.com\/no\/wp-content\/uploads\/2025\/12\/83993202.webp\" width=\"980\" height=\"559\" title=\"\u00c5tte ledere fra landene langs EUs \u00f8stlige grenser er samlet i Helsingfors for \u00e5 dr\u00f8fte trusselen fra Russland, fra venstre Sveriges statsminister Ulf Kristersson, Litauens president Gitanas Nauseda, Estlands statsminister Kristen Michal, Polens statsminister Donald Tusk, Finlands statsminister Petteri Orpo, Bulgarias statsminister Rossen Jeliazkov, Romanias president Nicusor Dan og Latvias statsminister Evika Silina. Foto: Sergei Grits \/ AP \/ NTB\" alt=\"\" class=\"\" style=\"--aspect-ratio-image: 1.75; \"\/><\/p>\n<p>\n        \u00c5tte ledere fra landene langs EUs \u00f8stlige grenser er samlet i Helsingfors for \u00e5 dr\u00f8fte trusselen fra Russland, fra venstre Sveriges statsminister Ulf Kristersson, Litauens president Gitanas Nauseda, Estlands statsminister Kristen Michal, Polens statsminister Donald Tusk, Finlands statsminister Petteri Orpo, Bulgarias statsminister Rossen Jeliazkov, Romanias president Nicusor Dan og Latvias statsminister Evika Silina. Foto: Sergei Grits \/ AP \/ NTB\n    <\/p>\n<p>\u2013 Russland er en trussel i dag, i morgen og i den overskuelige framtiden for hele Europa, sa Finlands statsminister Petteri Orpo p\u00e5 en pressekonferanse tirsdag.<\/p>\n","protected":false},"excerpt":{"rendered":"Russland er den betydeligste og mest direkte trusselen mot sikkerhet, fred og stabilitet i Europa, sier \u00e5tte EU-ledere&hellip;\n","protected":false},"author":2,"featured_media":115513,"comment_status":"","ping_status":"","sticky":false,"template":"","format":"standard","meta":{"footnotes":""},"categories":[12],"tags":[20,21,279,24,25,1255,15,22,23,13,30,28,29,14,16,188,26,27,2002,42,186,43,44,45],"class_list":{"0":"post-115512","1":"post","2":"type-post","3":"status-publish","4":"format-standard","5":"has-post-thumbnail","7":"category-verden","8":"tag-breaking-news","9":"tag-breakingnews","10":"tag-eu","11":"tag-featured-news","12":"tag-featurednews","13":"tag-finland","14":"tag-headlines","15":"tag-latest-news","16":"tag-latestnews","17":"tag-news","18":"tag-no","19":"tag-norge","20":"tag-norway","21":"tag-nyheter","22":"tag-overskrifter","23":"tag-russland","24":"tag-top-stories","25":"tag-topstories","26":"tag-ukraina-krigen","27":"tag-verden","28":"tag-vladimir-putin","29":"tag-world","30":"tag-world-news","31":"tag-worldnews"},"share_on_mastodon":{"url":"https:\/\/pubeurope.com\/@no\/115734986536230045","error":""},"_links":{"self":[{"href":"https:\/\/www.europesays.com\/no\/wp-json\/wp\/v2\/posts\/115512","targetHints":{"allow":["GET"]}}],"collection":[{"href":"https:\/\/www.europesays.com\/no\/wp-json\/wp\/v2\/posts"}],"about":[{"href":"https:\/\/www.europesays.com\/no\/wp-json\/wp\/v2\/types\/post"}],"author":[{"embeddable":true,"href":"https:\/\/www.europesays.com\/no\/wp-json\/wp\/v2\/users\/2"}],"replies":[{"embeddable":true,"href":"https:\/\/www.europesays.com\/no\/wp-json\/wp\/v2\/comments?post=115512"}],"version-history":[{"count":0,"href":"https:\/\/www.europesays.com\/no\/wp-json\/wp\/v2\/posts\/115512\/revisions"}],"wp:featuredmedia":[{"embeddable":true,"href":"https:\/\/www.europesays.com\/no\/wp-json\/wp\/v2\/media\/115513"}],"wp:attachment":[{"href":"https:\/\/www.europesays.com\/no\/wp-json\/wp\/v2\/media?parent=115512"}],"wp:term":[{"taxonomy":"category","embeddable":true,"href":"https:\/\/www.europesays.com\/no\/wp-json\/wp\/v2\/categories?post=115512"},{"taxonomy":"post_tag","embeddable":true,"href":"https:\/\/www.europesays.com\/no\/wp-json\/wp\/v2\/tags?post=115512"}],"curies":[{"name":"wp","href":"https:\/\/api.w.org\/{rel}","templated":true}]}}