{"id":115516,"date":"2025-12-17T12:50:10","date_gmt":"2025-12-17T12:50:10","guid":{"rendered":"https:\/\/www.europesays.com\/no\/115516\/"},"modified":"2025-12-17T12:50:10","modified_gmt":"2025-12-17T12:50:10","slug":"latterlig-patetisk-og-teit","status":"publish","type":"post","link":"https:\/\/www.europesays.com\/no\/115516\/","title":{"rendered":"\u2013 Latterlig, patetisk og teit"},"content":{"rendered":"\n<p class=\"_lead_o9xde_2 _lead_xtcu6_50 layout-component text-serif-m layout-normal text-serif-l layout-component layout-wide layout-padded _wide_17hqh_1 layout-padded\">Thor Hushovd (47) reagerer sterkt p\u00e5 at hverken Tobias Halland Johannessen (26) eller Jonas Abrahamsen (30) er nominert til \u00ab\u00e5rets mannlige ut\u00f8ver\u00bb. <\/p>\n<p><img alt=\" Foto: Amanda Pedersen Giske \/ NTB\" class=\"_image_qp4xg_65 layout-component layout-wide\" data-fullscreen- data-track-element-type=\"Article image fullscreen\" data-track-name=\"ImageFullscreen\" fetchpriority=\"high\" decoding=\"sync\" loading=\"eager\" height=\"4905\" itemprop=\"image\"  src=\"https:\/\/www.europesays.com\/no\/wp-content\/uploads\/2025\/12\/665db205-e8b8-48ae-97a8-5d4d8b378032\"  style=\"object-position:0% 0%\" width=\"7354\"\/> Foto: Amanda Pedersen Giske \/ NTB<\/p>\n<ul aria-hidden=\"true\" class=\"_images_ntbth_112\">\n<li><a class=\"_link_ntbth_117\" href=\"https:\/\/www.vg.no\/forfatter\/andreas-hopen\" style=\"z-index:2\" title=\"Andreas Hopen\" rel=\"nofollow noopener\" target=\"_blank\"><img alt=\"Bilde av Andreas Hopen\" class=\"_image_ntbth_93\" fetchpriority=\"low\" loading=\"lazy\" decoding=\"async\" itemprop=\"image\"  src=\"https:\/\/www.europesays.com\/no\/wp-content\/uploads\/2025\/12\/1765975809_569_8d697287-ea03-4d54-ab67-6d65b82629eb\"  width=\"480\"\/><\/a><\/li>\n<li><a class=\"_link_ntbth_117\" href=\"https:\/\/www.vg.no\/forfatter\/jens-friberg\" style=\"z-index:1\" title=\"Jens Friberg\" rel=\"nofollow noopener\" target=\"_blank\"><img alt=\"Bilde av Jens Friberg\" class=\"_image_ntbth_93\" fetchpriority=\"low\" loading=\"lazy\" decoding=\"async\" itemprop=\"image\"  src=\"https:\/\/www.europesays.com\/no\/wp-content\/uploads\/2025\/12\/1765975810_286_d5a4433c-4b68-4c86-a3bf-a19d98457272\"  width=\"480\"\/><\/a><\/li>\n<\/ul>\n<p> Oppdatert onsdag 17. desember kl. 13:36    <\/p>\n<ul class=\"_list_o9xde_3 _list_64s2r_85 _unordered_o9xde_106 text-sans-m\">\n<li class=\"_item_o9xde_30\">Thor Hushovd er oppr\u00f8rt over at verken Tobias Halland Johannessen eller Jonas Abrahamsen er nominert til \u00ab\u00e5rets mannlige ut\u00f8ver\u00bb.<\/li>\n<li class=\"_item_o9xde_30\">Johannessen kom p\u00e5 sjetteplass i Tour de France, den beste plasseringen for en nordmann noensinne.<\/li>\n<li class=\"_item_o9xde_30\">Abrahamsen sikret Norges f\u00f8rste etappeseier i Tour de France siden 2020.<\/li>\n<li class=\"_item_o9xde_30\">Juryleder Tore \u00d8vreb\u00f8 sier han forst\u00e5r skuffelsen, men peker p\u00e5 andre gode prestasjoner i \u00e5ret som gikk.<\/li>\n<\/ul>\n<p>Vis mer <\/p>\n<p class=\"_paragraph_o9xde_4 _paragraph_xtcu6_10 layout-component text-serif-m layout-normal text-serif-m layout-padded\">Det til tross for at de p\u00e5 hvert sitt vis skrev norsk sykkelhistorie i sommer.<\/p>\n<p class=\"_paragraph_o9xde_4 _paragraph_xtcu6_10 layout-component text-serif-m layout-normal text-serif-m layout-padded\">Abrahamsen sikret den f\u00f8rste norske etappeseieren siden 2020 \u2013 og den f\u00f8rste til et norsk lag noen gang \u2013 i Tour de France i sommer.<\/p>\n<p class=\"_paragraph_o9xde_4 _paragraph_xtcu6_10 layout-component text-serif-m layout-normal text-serif-m layout-padded\">Halland Johannessen kom p\u00e5 sjetteplass i sammendraget \u2013 tidenes beste plasseringen for en nordmann i verdens st\u00f8rste sykkelritt.<\/p>\n<p class=\"_paragraph_o9xde_4 _paragraph_xtcu6_10 layout-component text-serif-m layout-normal text-serif-m layout-padded\">De ble begge veid og funnet for lett som \u00e5rets mannlige ut\u00f8ver. Her er de nominerte:<\/p>\n<p>Nominerte til \u00ab\u00c5rets mannlige ut\u00f8ver\u00bb<\/p>\n<ul class=\"_list_o9xde_3 _list_xtcu6_9 _list_16v91_9 _unordered_o9xde_106 layout-component text-serif-m layout-normal text-sans-m layout-padded\">\n<li class=\"_item_o9xde_30\">Johannes Thingnes B\u00f8, skiskyting<\/li>\n<li class=\"_item_o9xde_30\">Sander Eitrem, sk\u00f8yter<\/li>\n<li class=\"_item_o9xde_30\">Kasper Harlem Fosser, orientering<\/li>\n<li class=\"_item_o9xde_30\">Erling Braut Haaland, fotball\u00a0<\/li>\n<li class=\"_item_o9xde_30\">Jakob Ingebrigtsen, friidrett<\/li>\n<li class=\"_item_o9xde_30\">Johannes H\u00f8sflot Kl\u00e6bo, langrenn<\/li>\n<li class=\"_item_o9xde_30\">Peder Kongshaug, sk\u00f8yter<\/li>\n<li class=\"_item_o9xde_30\">Sturla Holm L\u00e6greid, skiskyting<\/li>\n<li class=\"_item_o9xde_30\">Kristoffer Reitan, golf<\/li>\n<li class=\"_item_o9xde_30\">Jarl Magnus Riiber, kombinert<\/li>\n<li class=\"_item_o9xde_30\">Birk Ruud, freeski<\/li>\n<li class=\"_item_o9xde_30\">Sander Aae Skotheim, friidrett<\/li>\n<li class=\"_item_o9xde_30\">Casper Stornes, triatlon<\/li>\n<li class=\"_item_o9xde_30\">Martin \u00d8degaard, fotball\u00a0<\/li>\n<\/ul>\n<p>Vis mer<\/p>\n<p class=\"_paragraph_o9xde_4 _paragraph_xtcu6_10 layout-component text-serif-m layout-normal text-serif-m layout-padded\">Det er dette Hushovd reagerer s\u00e5 sterkt p\u00e5. <\/p>\n<p class=\"_paragraph_o9xde_4 _paragraph_xtcu6_10 layout-component text-serif-m layout-normal text-serif-m layout-padded\">\u2013 Jeg synes det er helt latterlig, patetisk og teit. (&#8230;) At det ikke er plass blant de 14 som er nominert, det f\u00e5r meg til \u00e5 steile, sier Hushovd til VG.<\/p>\n<p class=\"_paragraph_o9xde_4 _paragraph_xtcu6_10 layout-component text-serif-m layout-normal text-serif-m layout-padded\">Han er \u00f8verste sjef i sykkellaget Uno-X, som b\u00e5de Johannessen og Abrahamsen representerer, og dermed ikke helt upartisk i denne sammenheng.<\/p>\n<p class=\"_paragraph_o9xde_4 _paragraph_xtcu6_10 layout-component text-serif-m layout-normal text-serif-m layout-padded\">\u2013 Vi m\u00e5 se det store bildet med at det er internasjonale idrettsgrener som er litt unorske hvor vi hevder oss. Ikke bare sykkel, men ogs\u00e5 golf og tennis. Det er mange ting der som ikke blir verdsatt, men s\u00e5 vinner vi gull nr. 3\u2013400 i en annen idrett. Man m\u00e5 sette det i perspektiv, sier Hushovd.<\/p>\n<p class=\"_paragraph_o9xde_4 _paragraph_xtcu6_10 layout-component text-serif-m layout-normal text-serif-m layout-padded\">Han legger t\u00f8rt til at man nok m\u00e5 vinne Tour de France for \u00e5 kunne bli nominert.<\/p>\n<p class=\"_paragraph_o9xde_4 _paragraph_xtcu6_10 layout-component text-serif-m layout-normal text-serif-m layout-padded\">\u2013 Men vi er ydmyke og takknemlige for at vi som lag er nominert, sier Hushovd \u2013 Uno-X er blant de fem nominerte i denne kategorien.<\/p>\n<p class=\"_paragraph_o9xde_4 _paragraph_xtcu6_10 layout-component text-serif-m layout-normal text-serif-m layout-padded\">TV 2s sykkelekspert og tidligere proffsyklist Mads Kaggestad mener ogs\u00e5 de to Uno-X-rytterne fortjener en nominasjon.<\/p>\n<p class=\"_paragraph_o9xde_4 _paragraph_xtcu6_10 layout-component text-serif-m layout-normal text-serif-m layout-padded\">\u00c5 vinne en etappe i Tour de France er som \u00e5 vinne et VM-gull i en mindre idrett, mener sykkeleksperten.<\/p>\n<p class=\"_paragraph_o9xde_4 _paragraph_xtcu6_10 layout-component text-serif-m layout-normal text-serif-m layout-padded\">\u2013 Jeg synes det er helt enormt av Tobias (Halland Johannessen) og skulle gjerne hatt ham nominert. Jeg synes det er feil at han ikke er nominert. Du m\u00e5 vel komme p\u00e5 pallen i Tour de France for \u00e5 bli nominert, virker det som, sier Kaggestad.<\/p>\n<p><img decoding=\"async\" alt=\"Bilde av Mads Kaggestad\" class=\"_image_ygndg_42\" height=\"27\" itemprop=\"image\" loading=\"lazy\"  src=\"https:\/\/www.europesays.com\/no\/wp-content\/uploads\/2025\/12\/6469b818-1a01-40cd-998f-8b773d9c9768\"  width=\"40\"\/><strong class=\"_name_ygndg_51 title-serif-xs\">Mads Kaggestad<\/strong><\/p>\n<p class=\"_paragraph_o9xde_4 text-sans-m _description_ygndg_56\">Tidligere proffsyklist, n\u00e5 TV 2-ekspert<\/p>\n<p class=\"_paragraph_o9xde_4 _paragraph_xtcu6_10 layout-component text-serif-m layout-normal text-serif-m layout-padded\">Det samme gjelder for Abrahamsen, som han mener fortjener en nominasjon p\u00e5 bakgrunn av etappeseieren.<\/p>\n<p class=\"_paragraph_o9xde_4 _paragraph_xtcu6_10 layout-component text-serif-m layout-normal text-serif-m layout-padded\">\u2013 I fare for \u00e5 v\u00e6re konspiratorisk s\u00e5 har det v\u00e6rt en verdikonflikt med henhold til det private. For noen \u00e5r siden var det ganske hett hvor idrettsforbundet gikk hardt ut mot private satsinger. Sykkel er basert p\u00e5 private satsinger, sier Kaggestad.<\/p>\n<p class=\"_paragraph_o9xde_4 _paragraph_xtcu6_10 layout-component text-serif-m layout-normal text-serif-m layout-padded\"><strong class=\"_strong_o9xde_25\">\u2013 I s\u00e5 m\u00e5te er det fremskritt at Uno-X er nominert til \u00e5rets lag.<\/strong><\/p>\n<p class=\"_paragraph_o9xde_4 _paragraph_xtcu6_10 layout-component text-serif-m layout-normal text-serif-m layout-padded\">Juryleder og toppidrettssjef Tore \u00d8vreb\u00f8 er forlagt kritikken fra sykkelmilj\u00f8et.<\/p>\n<p class=\"_paragraph_o9xde_4 _paragraph_xtcu6_10 layout-component text-serif-m layout-normal text-serif-m layout-padded\">\u2013 Jeg skj\u00f8nner godt at de er skuffet. De har hatt flotte prestasjoner. Det er det imidlertid andre som ogs\u00e5 har hatt, sier \u00d8vreb\u00f8 til VG.<\/p>\n<p class=\"_paragraph_o9xde_4 _paragraph_xtcu6_10 layout-component text-serif-m layout-normal text-serif-m layout-padded\">\u2013 Det er noe av situasjonen i norsk toppidrett for tiden. Man m\u00e5 prestere p\u00e5 ekstremt h\u00f8yt niv\u00e5 for \u00e5 bli nominert.<\/p>\n<p class=\"_paragraph_o9xde_4 _paragraph_xtcu6_10 layout-component text-serif-m layout-normal text-serif-m layout-padded\">Han sier det er vanskelig \u00e5 se for seg hvem av de 14 nominerte som skulle viket plass for Uno-X-rytterne.<\/p>\n<p class=\"_paragraph_o9xde_4 _paragraph_xtcu6_10 layout-component text-serif-m layout-normal text-serif-m layout-padded\">I stedet viser han til juryens sammensetning og arbeid. Om Kaggestads p\u00e5stand om at sykkelsportens struktur veier mot dem, sier \u00d8vreb\u00f8 tydelig:<\/p>\n<p class=\"_paragraph_o9xde_4 _paragraph_xtcu6_10 layout-component text-serif-m layout-normal text-serif-m layout-padded\"><strong class=\"_strong_o9xde_25\">\u2013 Det har ikke v\u00e6rt en del av vurderingen overhodet. <\/strong><\/p>\n<p>Dette skriver Idrettsforbundet om juryarbeidet<\/p>\n<p class=\"_paragraph_o9xde_4 _paragraph_xtcu6_10 _paragraph_16v91_10 layout-component text-serif-m layout-normal text-sans-m layout-padded\">Sammen med seg i juryen har \u00d8vreb\u00f8 med Suzann Pettersen, Hanne Haugland, Ragnhild Haga, Ola By Rise og Reidar Sollie. Sistnevnte er ny i juryen, og representerer Norske Sportsjournalisters forbund. De seks jurymedlemmene har v\u00e6rt samlet til tre omfattende m\u00f8ter.<\/p>\n<p class=\"_paragraph_o9xde_4 _paragraph_xtcu6_10 _paragraph_16v91_10 layout-component text-serif-m layout-normal text-sans-m layout-padded\">Selve juryeringen foreg\u00e5r i fire omganger. F\u00f8rst diskuteres kandidatene i \u00e9n og \u00e9n klasse. Deretter er det \u00e5pen poenggivning, hvor alle jurymedlemmene gir poeng til alle kandidatene i hver klasse. <\/p>\n<p class=\"_paragraph_o9xde_4 _paragraph_xtcu6_10 _paragraph_16v91_10 layout-component text-serif-m layout-normal text-sans-m layout-padded\">Denne poenggivningen danner grunnlaget for hvem som blir nominert. Deretter er det ny diskusjonsrunde, hvor de nominerte dr\u00f8ftes, f\u00f8r arbeidet avsluttes med hemmelig avstemning. <\/p>\n<p class=\"_paragraph_o9xde_4 _paragraph_xtcu6_10 _paragraph_16v91_10 layout-component text-serif-m layout-normal text-sans-m layout-padded\">Jurymedlemmene vet alts\u00e5 ikke hvem som er vinnere av de ulike klassene. Med hemmelig avstemning vil man aldri komme i en situasjon hvor prisene blir \u00abfordelt\u00bb av juryen.<\/p>\n<p>Vis mer    <\/p>\n","protected":false},"excerpt":{"rendered":"Thor Hushovd (47) reagerer sterkt p\u00e5 at hverken Tobias Halland Johannessen (26) eller Jonas Abrahamsen (30) er nominert&hellip;\n","protected":false},"author":2,"featured_media":115517,"comment_status":"","ping_status":"","sticky":false,"template":"","format":"standard","meta":{"footnotes":""},"categories":[59],"tags":[13569,5953,30,28,29,83,82,348],"class_list":{"0":"post-115516","1":"post","2":"type-post","3":"status-publish","4":"format-standard","5":"has-post-thumbnail","7":"category-sport","8":"tag-idrettsgallaen","9":"tag-mads-kaggestad","10":"tag-no","11":"tag-norge","12":"tag-norway","13":"tag-sport","14":"tag-sports","15":"tag-thor-hushovd"},"share_on_mastodon":{"url":"https:\/\/pubeurope.com\/@no\/115734998270437095","error":""},"_links":{"self":[{"href":"https:\/\/www.europesays.com\/no\/wp-json\/wp\/v2\/posts\/115516","targetHints":{"allow":["GET"]}}],"collection":[{"href":"https:\/\/www.europesays.com\/no\/wp-json\/wp\/v2\/posts"}],"about":[{"href":"https:\/\/www.europesays.com\/no\/wp-json\/wp\/v2\/types\/post"}],"author":[{"embeddable":true,"href":"https:\/\/www.europesays.com\/no\/wp-json\/wp\/v2\/users\/2"}],"replies":[{"embeddable":true,"href":"https:\/\/www.europesays.com\/no\/wp-json\/wp\/v2\/comments?post=115516"}],"version-history":[{"count":0,"href":"https:\/\/www.europesays.com\/no\/wp-json\/wp\/v2\/posts\/115516\/revisions"}],"wp:featuredmedia":[{"embeddable":true,"href":"https:\/\/www.europesays.com\/no\/wp-json\/wp\/v2\/media\/115517"}],"wp:attachment":[{"href":"https:\/\/www.europesays.com\/no\/wp-json\/wp\/v2\/media?parent=115516"}],"wp:term":[{"taxonomy":"category","embeddable":true,"href":"https:\/\/www.europesays.com\/no\/wp-json\/wp\/v2\/categories?post=115516"},{"taxonomy":"post_tag","embeddable":true,"href":"https:\/\/www.europesays.com\/no\/wp-json\/wp\/v2\/tags?post=115516"}],"curies":[{"name":"wp","href":"https:\/\/api.w.org\/{rel}","templated":true}]}}