{"id":115518,"date":"2025-12-17T12:54:41","date_gmt":"2025-12-17T12:54:41","guid":{"rendered":"https:\/\/www.europesays.com\/no\/115518\/"},"modified":"2025-12-17T12:54:41","modified_gmt":"2025-12-17T12:54:41","slug":"nytt-overgrep-fra-kina","status":"publish","type":"post","link":"https:\/\/www.europesays.com\/no\/115518\/","title":{"rendered":"Nytt overgrep fra Kina"},"content":{"rendered":"<p class=\"kicker \" style=\"\">Jimmy Lai<\/p>\n<p>  Regimevennlige dommere i Hongkong har d\u00f8mt aktivisten Jimmy Lai (78) for konspirasjon med fremmede makter. Han risikerer 20 \u00e5rs fengsel.<\/p>\n<p>\n    KJEMPER FOR FAREN: Sebastien Lai under en pressekonferanse i London til st\u00f8tte for faren, Jimmy Lai (p\u00e5 bildet t.v.), som ble d\u00f8mt p\u00e5 tre punkter i Hongkong mandag. Foto: HENRY NICHOLLS \/ AFP\n  <\/p>\n<p>Kina er en av de statene i verden som bryr seg minst om menneskerettigheter, rettsstatsprinsipper og ytringsfrihet. Det kommer ikke minst til uttrykk i denne ukas dom mot demokratiforkjemper Jimmy Lai, som for \u00f8vrig er britisk statsborger. Det siste gir ikke lenger noen beskyttelse for hongkongkinesere. Tvert imot er det en bekreftelse p\u00e5 at Kina f\u00f8ler seg mindre og mindre forpliktet av avtalene som l\u00e5 til grunn for tilbakef\u00f8ringen av Hongkong fra Storbritannia i 1997. Mottoet\u00a0\u00abett land, to systemer\u00bb gjelder ikke lenger.<\/p>\n<p>Den aldrende mediemagnaten Lai, som var god for flere milliarder kroner, ble arrestert i 2020 etter at avisa hans, Apple Daily st\u00f8ttet studentdemonstrasjonene i Hongkong i 2019. Myndighetene mener han\u00a0 har konspirert mot sitt eget land. Paradoksalt nok er han ogs\u00e5 d\u00f8mt for \u00e5 arbeide mot rettsstaten.<\/p>\n<p>Rettssaken mot Lai har nemlig v\u00e6rt en farse. Tre regimeoppnevnte dommere har enstemmig funnet ham skyldig etter byens omstridte sikkerhetslov, som var noe av bakgrunnen for oppt\u00f8yene. I domspremissene vises det blant annet til at Lai skal ha\u00a0\u00abn\u00e6ret forakt og hat for Kina\u00bb. Straffeutm\u00e5lingen, som kan ende med 20 \u00e5rs fengsel, kommer i januar.<\/p>\n<p>    <a itemprop=\"url\" href=\"https:\/\/www.dagbladet.no\/meninger\/diktaturet-snakker\/82258928\" rel=\"nofollow noopener\" target=\"_blank\"><\/p>\n<p>        <img loading=\"lazy\" decoding=\"async\" src=\"https:\/\/www.europesays.com\/no\/wp-content\/uploads\/2025\/12\/81686771.webp\" width=\"980\" height=\"441\" title=\"Diktaturet snakker\" alt=\"\" class=\"lazyload\" style=\"--aspect-ratio-image: 2.22; \"\/><\/p>\n<p>        Diktaturet snakker<\/p>\n<p>    <\/a><\/p>\n<p>Ordlyden i dommen bekrefter at Jimmy Lai er en politisk fange. Amnesty International har ford\u00f8mt behandlingen av ham. Det samme gj\u00f8r Storbritannia, som ogs\u00e5 kritiseres av Lais familie for ikke \u00e5 stille godt nok opp for sin statsborger. USAs president Donald Trump har tidligere tatt opp Lais situasjon med kinesiske myndigheter.<\/p>\n<p>Det er ikke bare dommen som er foruroligende. Det samme er behandlingen av Lai, som har sittet over fem \u00e5r i varetekt i p\u00e5vente av prosessen. Helsetilstanden hans er betydelig forverret.<\/p>\n<p>    <a itemprop=\"url\" href=\"https:\/\/www.dagbladet.no\/meninger\/kina-knuser-hongkong\/73944641\" rel=\"nofollow noopener\" target=\"_blank\"><\/p>\n<p>        <img loading=\"lazy\" decoding=\"async\" src=\"https:\/\/www.europesays.com\/no\/wp-content\/uploads\/2025\/12\/73945376.webp\" width=\"980\" height=\"441\" title=\"Kina knuser Hongkong\" alt=\"\" class=\"lazyload\" style=\"--aspect-ratio-image: 2.22; \"\/><\/p>\n<p>        Kina knuser Hongkong<\/p>\n<p>    <\/a><\/p>\n<p>Kina har n\u00e5 bare Nord-Korea og Eritrea bak seg p\u00e5 Reportere uten grensers <a href=\"https:\/\/rsf.org\/en\/index\" rel=\"nofollow noopener\" target=\"_blank\">pressefrihetsindeks<\/a>. Det tar de seg \u00e5penbart ikke n\u00e6r av, for toleransen overfor regimekritikere i den gamle bystaten Hongkong bare synker og synker.\u00a0<\/p>\n<p>En unders\u00f8kelse som er presentert av det amerikanske nettstedet <a href=\"https:\/\/www.semafor.com\/article\/12\/15\/2025\/hong-kong-activist-and-media-tycoon-jimmy-lai-convicted\" rel=\"nofollow noopener\" target=\"_blank\">Semafor<\/a> viser at Hongkong siden 2019 har sunket fra \u00e5 ligge over verdensgjennomsnittet i pressefrihet til \u00e5 legge langt under. I samme periode er det registrert at Kina har lagt et betydelig press mot Hongkongs domstoler, som i utgangspunktet har hatt en viss uavhengighet.<\/p>\n<p>Jimmy Lai har kjempet for viktige prinsipper siden kinesiske myndigheter slo ned oppr\u00f8ret p\u00e5 Den himmelske freds plass i Beijing i 1989. Avisa hans var et taler\u00f8r for de samme prinsippene. Han er m\u00f8tt med statlig forf\u00f8lgelse. Saken er et godt bilde p\u00e5 Kinas manglende vilje til \u00e5 f\u00f8lge grunnleggende menneskerettigheter og internasjonale avtaler.\u00a0 Dette b\u00f8r utl\u00f8se langt hardere reaksjoner fra omverdenen enn det vi har sett hittil.<\/p>\n","protected":false},"excerpt":{"rendered":"Jimmy Lai Regimevennlige dommere i Hongkong har d\u00f8mt aktivisten Jimmy Lai (78) for konspirasjon med fremmede makter. Han&hellip;\n","protected":false},"author":2,"featured_media":115519,"comment_status":"","ping_status":"","sticky":false,"template":"","format":"standard","meta":{"footnotes":""},"categories":[12],"tags":[20,21,24,25,15,1443,413,22,23,4129,156,13,30,28,29,14,16,26,27,42,43,44,45],"class_list":{"0":"post-115518","1":"post","2":"type-post","3":"status-publish","4":"format-standard","5":"has-post-thumbnail","7":"category-verden","8":"tag-breaking-news","9":"tag-breakingnews","10":"tag-featured-news","11":"tag-featurednews","12":"tag-headlines","13":"tag-hongkong","14":"tag-kina","15":"tag-latest-news","16":"tag-latestnews","17":"tag-leder1","18":"tag-meninger","19":"tag-news","20":"tag-no","21":"tag-norge","22":"tag-norway","23":"tag-nyheter","24":"tag-overskrifter","25":"tag-top-stories","26":"tag-topstories","27":"tag-verden","28":"tag-world","29":"tag-world-news","30":"tag-worldnews"},"share_on_mastodon":{"url":"https:\/\/pubeurope.com\/@no\/115735014105689654","error":""},"_links":{"self":[{"href":"https:\/\/www.europesays.com\/no\/wp-json\/wp\/v2\/posts\/115518","targetHints":{"allow":["GET"]}}],"collection":[{"href":"https:\/\/www.europesays.com\/no\/wp-json\/wp\/v2\/posts"}],"about":[{"href":"https:\/\/www.europesays.com\/no\/wp-json\/wp\/v2\/types\/post"}],"author":[{"embeddable":true,"href":"https:\/\/www.europesays.com\/no\/wp-json\/wp\/v2\/users\/2"}],"replies":[{"embeddable":true,"href":"https:\/\/www.europesays.com\/no\/wp-json\/wp\/v2\/comments?post=115518"}],"version-history":[{"count":0,"href":"https:\/\/www.europesays.com\/no\/wp-json\/wp\/v2\/posts\/115518\/revisions"}],"wp:featuredmedia":[{"embeddable":true,"href":"https:\/\/www.europesays.com\/no\/wp-json\/wp\/v2\/media\/115519"}],"wp:attachment":[{"href":"https:\/\/www.europesays.com\/no\/wp-json\/wp\/v2\/media?parent=115518"}],"wp:term":[{"taxonomy":"category","embeddable":true,"href":"https:\/\/www.europesays.com\/no\/wp-json\/wp\/v2\/categories?post=115518"},{"taxonomy":"post_tag","embeddable":true,"href":"https:\/\/www.europesays.com\/no\/wp-json\/wp\/v2\/tags?post=115518"}],"curies":[{"name":"wp","href":"https:\/\/api.w.org\/{rel}","templated":true}]}}