{"id":115520,"date":"2025-12-17T12:55:13","date_gmt":"2025-12-17T12:55:13","guid":{"rendered":"https:\/\/www.europesays.com\/no\/115520\/"},"modified":"2025-12-17T12:55:13","modified_gmt":"2025-12-17T12:55:13","slug":"fullstendig-kaos-2","status":"publish","type":"post","link":"https:\/\/www.europesays.com\/no\/115520\/","title":{"rendered":"Fullstendig kaos"},"content":{"rendered":"<p>  Trangt foran skiheisene i Dolomittene i Italia.<\/p>\n<p>\n    FRUSTRASJON: Flere hundre personer ventet foran skiheisen. Foto: Dolomiti Superski \/ Facebook\n  <\/p>\n<p>Sn\u00f8, sol, noen minusgrader, knallbl\u00e5 himmel og en alpinbakke. Kanskje et afterski som gynger. Det kan ikke bli s\u00e5 mye bedre enn det n\u00e5r vinteren setter inn for fullt.<\/p>\n<p>Eller?<\/p>\n<p>I Dolomittene i Italia var realiteten ogs\u00e5 lange k\u00f8er, frustrasjon og et syn som rystet sist helg.<\/p>\n<p>\u00c5rsak:<\/p>\n<p>Mangel p\u00e5 sn\u00f8 gjorde at det hopet seg opp foran enkelte nedfarter.<\/p>\n<p>        <img loading=\"lazy\" decoding=\"async\" src=\"https:\/\/www.europesays.com\/no\/wp-content\/uploads\/2025\/12\/83996696.webp\" width=\"667\" height=\"561\" title=\"LANGE K\u00d8ER: Skituristene m\u00e5tte sm\u00f8re seg med saftig t\u00e5lmodighet i helga. Foto: Dolomiti Superski \/ Facebook\" alt=\"\" class=\"\" style=\"--aspect-ratio-image: 1.19; \"\/><\/p>\n<p>\n        LANGE K\u00d8ER: Skituristene m\u00e5tte sm\u00f8re seg med saftig t\u00e5lmodighet i helga. Foto: Dolomiti Superski \/ Facebook\n    <\/p>\n<p>Flere bilder og videoer viser kaoset i Dolomittene. Dette er et stort fjellomr\u00e5de i Syd-Tirol, Trentino og Belluno i Italia. Den tyske storavisa <a href=\"https:\/\/www.bild.de\/news\/ausland\/kaum-schnee-pisten-dicht-chaos-an-ski-liften-in-dolomiten-694167223e25dcaf036acd47\" rel=\"nofollow noopener\" target=\"_blank\">Bild <\/a>melder om kaos ved heisen mellom Marmolada og Sellaronda.<\/p>\n<p>&#8211; Selv de mest hardbarkede skientusiastene syntes ventetida ble for lenge. De krever n\u00e5 pengene tilbake, rapporterer avisa.<\/p>\n<p>&#8211; I 2300 meters h\u00f8yde &#8211; i forbindelsen mellom Marmolada og Sellaronda &#8211; dannet det seg en gigantisk k\u00f8. Flere hundre mennesker sto der for \u00e5 komme til en av de f\u00e5 preparerte bakkene.<\/p>\n<p>        <img loading=\"lazy\" decoding=\"async\" src=\"https:\/\/www.europesays.com\/no\/wp-content\/uploads\/2025\/12\/83996704.webp\" width=\"667\" height=\"394\" title=\"TRENGSEL: Sparsomt med sn\u00f8 i Dolomittene gj\u00f8r at det hoper seg opp i enkelte omr\u00e5der. Foto: Dolomiti Superski \/ Facebook\" alt=\"\" class=\"\" style=\"--aspect-ratio-image: 1.69; \"\/><\/p>\n<p>\n        TRENGSEL: Sparsomt med sn\u00f8 i Dolomittene gj\u00f8r at det hoper seg opp i enkelte omr\u00e5der. Foto: Dolomiti Superski \/ Facebook\n    <\/p>\n<p>\u00c9n ting er mangel p\u00e5 naturlig sn\u00f8. Men temperaturene har gjort det umulig \u00e5 produsere kunstig sn\u00f8.<\/p>\n<p>&#8211; Til n\u00e5 har det bare v\u00e6rt rundt seks dager med temperaturer under frysepunktet i v\u00e5re h\u00f8yder, sier Marco Grigoletto til giornaletrentino.it.<\/p>\n<p>    <a itemprop=\"url\" href=\"https:\/\/www.dagbladet.no\/sport\/skam\/83995118\" rel=\"nofollow noopener\" target=\"_blank\"><\/p>\n<p>        <img loading=\"lazy\" decoding=\"async\" src=\"https:\/\/www.europesays.com\/no\/wp-content\/uploads\/2025\/12\/83995125.webp\" width=\"980\" height=\"441\" title=\"- Skam\" alt=\"\" class=\"lazyload\" style=\"--aspect-ratio-image: 2.22; \"\/><\/p>\n<p>        &#8211; Skam<\/p>\n<p>    <\/a><\/p>\n<p>Han er regionpresident i skiforbundet ANEF, men er likevel optimist.<\/p>\n<p>&#8211; Vi h\u00e5per at det d\u00e5rlige v\u00e6ret setter inn. F\u00f8rst da kan vi endelig lage sn\u00f8 igjen.<\/p>\n<p>Det snakkes om spesielt lang k\u00f8 ved et knutepunkt i Arabba. Situasjonen omtales som \u00abkaos\u00bb og \u00absirkus\u00bb.\u00a0<\/p>\n<p>P\u00e5 Facebook-sida Dolomiti Superski p\u00e5peker flere at folk m\u00e5 sette seg inn i forholdene.<\/p>\n<p>        <img loading=\"lazy\" decoding=\"async\" src=\"https:\/\/www.europesays.com\/no\/wp-content\/uploads\/2025\/12\/83996724.webp\" width=\"667\" height=\"788\" title=\"KREVER T\u00c5LMODIGHET: Folk venter p\u00e5 sin tur i heisen. Foto: Dolomiti Superski \/ Facebook\" alt=\"\" class=\"\" style=\"--aspect-ratio-image: 0.85; \"\/><\/p>\n<p>\n        KREVER T\u00c5LMODIGHET: Folk venter p\u00e5 sin tur i heisen. Foto: Dolomiti Superski \/ Facebook\n    <\/p>\n<p>Her er enkelte utdrag:<\/p>\n<p>\u00abEtter s\u00e5 mange varme dager, m\u00e5 det v\u00e6re klart at l\u00f8yper kan v\u00e6re stengt.\u00bb<\/p>\n<p>\u00abDu b\u00f8r sjekke p\u00e5 forh\u00e5nd hvilke nedfarter som er \u00e5pne.\u00bb<\/p>\n<p>\u00abHvis skikj\u00f8ring blir et mareritt, b\u00f8r du s\u00f8ke mindre overfylte steder.\u00bb<\/p>\n","protected":false},"excerpt":{"rendered":"Trangt foran skiheisene i Dolomittene i Italia. FRUSTRASJON: Flere hundre personer ventet foran skiheisen. Foto: Dolomiti Superski \/&hellip;\n","protected":false},"author":2,"featured_media":115521,"comment_status":"","ping_status":"","sticky":false,"template":"","format":"standard","meta":{"footnotes":""},"categories":[10],"tags":[249,20,21,24,25,15,22,23,13,30,28,29,14,16,83,26,27],"class_list":{"0":"post-115520","1":"post","2":"type-post","3":"status-publish","4":"format-standard","5":"has-post-thumbnail","7":"category-norge","8":"tag-alpint","9":"tag-breaking-news","10":"tag-breakingnews","11":"tag-featured-news","12":"tag-featurednews","13":"tag-headlines","14":"tag-latest-news","15":"tag-latestnews","16":"tag-news","17":"tag-no","18":"tag-norge","19":"tag-norway","20":"tag-nyheter","21":"tag-overskrifter","22":"tag-sport","23":"tag-top-stories","24":"tag-topstories"},"share_on_mastodon":{"url":"https:\/\/pubeurope.com\/@no\/115735017927946466","error":""},"_links":{"self":[{"href":"https:\/\/www.europesays.com\/no\/wp-json\/wp\/v2\/posts\/115520","targetHints":{"allow":["GET"]}}],"collection":[{"href":"https:\/\/www.europesays.com\/no\/wp-json\/wp\/v2\/posts"}],"about":[{"href":"https:\/\/www.europesays.com\/no\/wp-json\/wp\/v2\/types\/post"}],"author":[{"embeddable":true,"href":"https:\/\/www.europesays.com\/no\/wp-json\/wp\/v2\/users\/2"}],"replies":[{"embeddable":true,"href":"https:\/\/www.europesays.com\/no\/wp-json\/wp\/v2\/comments?post=115520"}],"version-history":[{"count":0,"href":"https:\/\/www.europesays.com\/no\/wp-json\/wp\/v2\/posts\/115520\/revisions"}],"wp:featuredmedia":[{"embeddable":true,"href":"https:\/\/www.europesays.com\/no\/wp-json\/wp\/v2\/media\/115521"}],"wp:attachment":[{"href":"https:\/\/www.europesays.com\/no\/wp-json\/wp\/v2\/media?parent=115520"}],"wp:term":[{"taxonomy":"category","embeddable":true,"href":"https:\/\/www.europesays.com\/no\/wp-json\/wp\/v2\/categories?post=115520"},{"taxonomy":"post_tag","embeddable":true,"href":"https:\/\/www.europesays.com\/no\/wp-json\/wp\/v2\/tags?post=115520"}],"curies":[{"name":"wp","href":"https:\/\/api.w.org\/{rel}","templated":true}]}}