{"id":115528,"date":"2025-12-17T13:01:40","date_gmt":"2025-12-17T13:01:40","guid":{"rendered":"https:\/\/www.europesays.com\/no\/115528\/"},"modified":"2025-12-17T13:01:40","modified_gmt":"2025-12-17T13:01:40","slug":"andrew-mountbatten-windsor-prins-andrew","status":"publish","type":"post","link":"https:\/\/www.europesays.com\/no\/115528\/","title":{"rendered":"Andrew Mountbatten Windsor, Prins Andrew"},"content":{"rendered":"\n<p>Andrew Mountbatten-Windsor (65) har hatt en \u00e6resgrad som viseadmiral. N\u00e5 er han degradert formelt til kommand\u00f8rkaptein. <\/p>\n<p>If\u00f8lge det britiske forsvarsdepartementet trer avgj\u00f8relsen i kraft umiddelbart og er del av \u00aben prosess for \u00e5 fjerne titler og tiltaleformer\u00bb.<\/p>\n<p>Forsvarsminister John Healey har tidligere uttalt at regjeringen \u00f8nsket \u00e5 fjerne Andrews \u00absiste gjenv\u00e6rende tittel\u00bb, etter r\u00e5d og fra kong Charles.<\/p>\n<p><a href=\"https:\/\/www.vg.no\/rampelys\/i\/8pw4P2\/mister-sin-siste-tittel-andrew-degradert-av-marinen\" rel=\"Follow nofollow noopener\" target=\"_blank\">VG <\/a>omtalte nyheten f\u00f8rst. <\/p>\n","protected":false},"excerpt":{"rendered":"Andrew Mountbatten-Windsor (65) har hatt en \u00e6resgrad som viseadmiral. N\u00e5 er han degradert formelt til kommand\u00f8rkaptein. If\u00f8lge det&hellip;\n","protected":false},"author":2,"featured_media":115529,"comment_status":"","ping_status":"","sticky":false,"template":"","format":"standard","meta":{"footnotes":""},"categories":[12],"tags":[20,21,24,25,15,22,23,13,30,28,29,14,16,26,27,42,43,44,45],"class_list":{"0":"post-115528","1":"post","2":"type-post","3":"status-publish","4":"format-standard","5":"has-post-thumbnail","7":"category-verden","8":"tag-breaking-news","9":"tag-breakingnews","10":"tag-featured-news","11":"tag-featurednews","12":"tag-headlines","13":"tag-latest-news","14":"tag-latestnews","15":"tag-news","16":"tag-no","17":"tag-norge","18":"tag-norway","19":"tag-nyheter","20":"tag-overskrifter","21":"tag-top-stories","22":"tag-topstories","23":"tag-verden","24":"tag-world","25":"tag-world-news","26":"tag-worldnews"},"share_on_mastodon":{"url":"https:\/\/pubeurope.com\/@no\/115735041420369584","error":""},"_links":{"self":[{"href":"https:\/\/www.europesays.com\/no\/wp-json\/wp\/v2\/posts\/115528","targetHints":{"allow":["GET"]}}],"collection":[{"href":"https:\/\/www.europesays.com\/no\/wp-json\/wp\/v2\/posts"}],"about":[{"href":"https:\/\/www.europesays.com\/no\/wp-json\/wp\/v2\/types\/post"}],"author":[{"embeddable":true,"href":"https:\/\/www.europesays.com\/no\/wp-json\/wp\/v2\/users\/2"}],"replies":[{"embeddable":true,"href":"https:\/\/www.europesays.com\/no\/wp-json\/wp\/v2\/comments?post=115528"}],"version-history":[{"count":0,"href":"https:\/\/www.europesays.com\/no\/wp-json\/wp\/v2\/posts\/115528\/revisions"}],"wp:featuredmedia":[{"embeddable":true,"href":"https:\/\/www.europesays.com\/no\/wp-json\/wp\/v2\/media\/115529"}],"wp:attachment":[{"href":"https:\/\/www.europesays.com\/no\/wp-json\/wp\/v2\/media?parent=115528"}],"wp:term":[{"taxonomy":"category","embeddable":true,"href":"https:\/\/www.europesays.com\/no\/wp-json\/wp\/v2\/categories?post=115528"},{"taxonomy":"post_tag","embeddable":true,"href":"https:\/\/www.europesays.com\/no\/wp-json\/wp\/v2\/tags?post=115528"}],"curies":[{"name":"wp","href":"https:\/\/api.w.org\/{rel}","templated":true}]}}