{"id":115542,"date":"2025-12-17T13:12:09","date_gmt":"2025-12-17T13:12:09","guid":{"rendered":"https:\/\/www.europesays.com\/no\/115542\/"},"modified":"2025-12-17T13:12:09","modified_gmt":"2025-12-17T13:12:09","slug":"sa-mye-far-norge-fra-fifa-for-a-delta-i-vm","status":"publish","type":"post","link":"https:\/\/www.europesays.com\/no\/115542\/","title":{"rendered":"S\u00e5 mye f\u00e5r Norge fra Fifa for \u00e5 delta i VM"},"content":{"rendered":"\n<p class=\"_lead_o9xde_2 _lead_xtcu6_50 layout-component text-serif-m layout-normal text-serif-l layout-component layout-wide layout-padded _wide_17hqh_1 layout-padded\">Millionregn p\u00e5 NFF etter VM-kvalifiseringen. <\/p>\n<p><img alt=\" Foto: Bj\u00f8rn S. Delebekk \/ VG\" class=\"_image_qp4xg_65 layout-component layout-wide\" data-fullscreen- data-track-element-type=\"Article image fullscreen\" data-track-name=\"ImageFullscreen\" fetchpriority=\"high\" decoding=\"sync\" loading=\"eager\" height=\"4736\" itemprop=\"image\"  src=\"https:\/\/www.europesays.com\/no\/wp-content\/uploads\/2025\/12\/cd1e0808-4fe0-4001-bf6f-eb37bdb9ff1b\"  style=\"object-position:0% 0%\" width=\"7174\"\/> Foto: Bj\u00f8rn S. Delebekk \/ VG<\/p>\n<ul aria-hidden=\"true\" class=\"_images_ntbth_112\">\n<li><a class=\"_link_ntbth_117\" href=\"https:\/\/www.vg.no\/forfatter\/steffen-stenersen\" style=\"z-index:1\" title=\"Steffen Stenersen\" rel=\"nofollow noopener\" target=\"_blank\"><img alt=\"Bilde av Steffen Stenersen\" class=\"_image_ntbth_93\" fetchpriority=\"low\" loading=\"lazy\" decoding=\"async\" itemprop=\"image\"  src=\"https:\/\/www.europesays.com\/no\/wp-content\/uploads\/2025\/12\/1765977129_209_53060b84-6e6f-4eee-9b23-952f524bbbf0\"  width=\"480\"\/><\/a><\/li>\n<\/ul>\n<p> Oppdatert onsdag 17. desember kl. 13:55     <\/p>\n<p class=\"_paragraph_o9xde_4 _paragraph_xtcu6_10 layout-component text-serif-m layout-normal text-serif-m layout-padded\">If\u00f8lge en fersk pressemelding fra Fifa er alle land som deltar i VM garantert 10,5 millioner dollar &#8211; 107 millioner norske kroner. <\/p>\n<p class=\"_paragraph_o9xde_4 _paragraph_xtcu6_10 layout-component text-serif-m layout-normal text-serif-m layout-padded\">FIFA har godkjent en rekordsum p\u00e5 727 millioner dollar som skal deles ut til lagene som deltar i fotball-VM 2026, melder\u00a0<a href=\"https:\/\/www.fifa.com\/news\/fifa-council-approves-record-breaking-fifa-world-cup-2026-financial-contribution\" class=\"_link_o9xde_39\" rel=\"nofollow noopener\" target=\"_blank\">FIFA i en pressemelding<\/a>.<\/p>\n<p><strong>Veien til VM-finalen<\/strong><br \/>\nTotalt 48 lag deltar i fotball-VM. I oversikten under kan du se hvem Norge og andre land kan m\u00f8te i sluttspillet ved \u00e5 rangere alle lagene i gruppespillet.<\/p>\n<p class=\"_paragraph_o9xde_4 _paragraph_xtcu6_10 layout-component text-serif-m layout-normal text-serif-m layout-padded\">Den st\u00f8rste delen \u2013 655 millioner dollar \u2013 g\u00e5r til premiepenger for de 48 deltakerlandene. Det er en \u00f8kning p\u00e5 50 prosent sammenlignet med forrige VM.<\/p>\n<p class=\"_paragraph_o9xde_4 _paragraph_xtcu6_10 layout-component text-serif-m layout-normal text-serif-m layout-padded\">Vinnerlaget f\u00e5r 50 millioner dollar, mens s\u00f8lvmedalj\u00f8rene f\u00e5r 33 millioner. Bronselaget f\u00e5r 29 millioner dollar.<\/p>\n<p>Premiepengene fordeles slik<\/p>\n<p class=\"_paragraph_o9xde_4 _paragraph_xtcu6_10 _paragraph_16v91_10 layout-component text-serif-m layout-normal text-sans-m layout-padded\">Vinner: USD 50 millioner<br \/>Andreplass: USD 33 millioner<br \/>3.-plass: USD 29 millioner<br \/>4.-plass: USD 27 millioner<br \/>5.\u20138.-plass: USD 19 millioner<br \/>9.\u201316.-plass: USD 15 millioner<br \/>17.\u201332.-plass: USD 11 millioner<br \/>33.\u201348.-plass: USD 9 millioner<\/p>\n<p class=\"_paragraph_o9xde_4 _paragraph_xtcu6_10 _paragraph_16v91_10 layout-component text-serif-m layout-normal text-sans-m layout-padded\">I tillegg f\u00e5r alle land 1,5 millioner dollar for \u00e5 dekke kostnader til forberedelser. <\/p>\n<p>Vis mer    <\/p>\n","protected":false},"excerpt":{"rendered":"Millionregn p\u00e5 NFF etter VM-kvalifiseringen. Foto: Bj\u00f8rn S. Delebekk \/ VG Oppdatert onsdag 17. desember kl. 13:55 If\u00f8lge&hellip;\n","protected":false},"author":2,"featured_media":115543,"comment_status":"","ping_status":"","sticky":false,"template":"","format":"standard","meta":{"footnotes":""},"categories":[59],"tags":[8634,3163,30,28,29,83,82],"class_list":{"0":"post-115542","1":"post","2":"type-post","3":"status-publish","4":"format-standard","5":"has-post-thumbnail","7":"category-sport","8":"tag-fotball-vm-2026","9":"tag-herrelandslaget-fotball","10":"tag-no","11":"tag-norge","12":"tag-norway","13":"tag-sport","14":"tag-sports"},"share_on_mastodon":{"url":"https:\/\/pubeurope.com\/@no\/115735084735734509","error":""},"_links":{"self":[{"href":"https:\/\/www.europesays.com\/no\/wp-json\/wp\/v2\/posts\/115542","targetHints":{"allow":["GET"]}}],"collection":[{"href":"https:\/\/www.europesays.com\/no\/wp-json\/wp\/v2\/posts"}],"about":[{"href":"https:\/\/www.europesays.com\/no\/wp-json\/wp\/v2\/types\/post"}],"author":[{"embeddable":true,"href":"https:\/\/www.europesays.com\/no\/wp-json\/wp\/v2\/users\/2"}],"replies":[{"embeddable":true,"href":"https:\/\/www.europesays.com\/no\/wp-json\/wp\/v2\/comments?post=115542"}],"version-history":[{"count":0,"href":"https:\/\/www.europesays.com\/no\/wp-json\/wp\/v2\/posts\/115542\/revisions"}],"wp:featuredmedia":[{"embeddable":true,"href":"https:\/\/www.europesays.com\/no\/wp-json\/wp\/v2\/media\/115543"}],"wp:attachment":[{"href":"https:\/\/www.europesays.com\/no\/wp-json\/wp\/v2\/media?parent=115542"}],"wp:term":[{"taxonomy":"category","embeddable":true,"href":"https:\/\/www.europesays.com\/no\/wp-json\/wp\/v2\/categories?post=115542"},{"taxonomy":"post_tag","embeddable":true,"href":"https:\/\/www.europesays.com\/no\/wp-json\/wp\/v2\/tags?post=115542"}],"curies":[{"name":"wp","href":"https:\/\/api.w.org\/{rel}","templated":true}]}}