{"id":115544,"date":"2025-12-17T13:16:09","date_gmt":"2025-12-17T13:16:09","guid":{"rendered":"https:\/\/www.europesays.com\/no\/115544\/"},"modified":"2025-12-17T13:16:09","modified_gmt":"2025-12-17T13:16:09","slug":"storbritannia-beordrer-abramovitsj-til-a-overfore-chelsea-milliarder-til-ukraina-ofre","status":"publish","type":"post","link":"https:\/\/www.europesays.com\/no\/115544\/","title":{"rendered":"Storbritannia beordrer Abramovitsj til \u00e5 overf\u00f8re Chelsea-milliarder til Ukraina-ofre"},"content":{"rendered":"\n<p class=\"_lead_o9xde_2 _lead_xtcu6_50 layout-component text-serif-m layout-normal text-serif-l layout-component layout-wide layout-padded _wide_17hqh_1 layout-padded\">Britiske myndigheter har gitt formell ordre om \u00e5 overf\u00f8re 2,5 milliarder pund fra Roman Abramovitsjs salg av Chelsea til humanit\u00e6re form\u00e5l i Ukraina.<\/p>\n<p><img alt=\"Roman Abramovitsj ser Chelsea spille i desember 2015.  Foto: Matt Dunham \/ AP \/ NTB\" class=\"_image_qp4xg_65 layout-component layout-wide\" data-fullscreen- data-track-element-type=\"Article image fullscreen\" data-track-name=\"ImageFullscreen\" fetchpriority=\"high\" decoding=\"sync\" loading=\"eager\" height=\"656\" itemprop=\"image\"  src=\"https:\/\/www.europesays.com\/no\/wp-content\/uploads\/2025\/12\/91d2db89-4ef7-41b5-ae73-84145b52b502\"  style=\"object-position:0% 0%\" width=\"960\"\/>Roman Abramovitsj ser Chelsea spille i desember 2015.  Foto: Matt Dunham \/ AP \/ NTB<\/p>\n<ul aria-hidden=\"true\" class=\"_images_ntbth_112\">\n<li><a class=\"_link_ntbth_117\" href=\"https:\/\/www.vg.no\/forfatter\/ntb\" style=\"z-index:1\" title=\"NTB\" rel=\"nofollow noopener\" target=\"_blank\"><img alt=\"Bilde av NTB\" class=\"_image_ntbth_93\" fetchpriority=\"low\" loading=\"lazy\" decoding=\"async\" itemprop=\"image\"  src=\"https:\/\/www.europesays.com\/no\/wp-content\/uploads\/2025\/12\/1765977369_641_c33980b0-5d07-4027-84a1-813f90a7c8d6\"  width=\"480\"\/><\/a><\/li>\n<\/ul>\n<p> Oppdatert onsdag 17. desember kl. 13:59     <\/p>\n<p class=\"_paragraph_o9xde_4 _paragraph_xtcu6_10 layout-component text-serif-m layout-normal text-serif-m layout-padded\"> Dermed risikerer den russiske oligarken \u00e5 bli tatt til retten dersom han lar v\u00e6re, skriver <a href=\"https:\/\/www.theguardian.com\/world\/2025\/dec\/17\/uk-will-transfer-abramovich-cash-from-sale-of-chelsea-to-ukraine-fund-starmer-says\" class=\"_link_o9xde_39\" rel=\"nofollow noopener\" target=\"_blank\">The Guardian<\/a>.<\/p>\n<p class=\"_paragraph_o9xde_4 _paragraph_xtcu6_10 layout-component text-serif-m layout-normal text-serif-m layout-padded\">Statsminister Keir Starmer kunngjorde dette i Underhuset onsdag. Milliard\u00e6ren var lenge best kjent som eieren av storklubben Chelsea, men solgte klubben etter press fra britiske myndigheter i 2022 etter Russlands invasjon av Ukraina. <\/p>\n<p class=\"_paragraph_o9xde_4 _paragraph_xtcu6_10 layout-component text-serif-m layout-normal text-serif-m layout-padded\">Han fikk tillatelse til \u00e5 selge klubben s\u00e5 lenge pengene ble brukt til \u00e5 st\u00f8tte krigens ofre, og midlene ble frosset p\u00e5 en konto i Storbritannia. Abramovitsj er ilagt sanksjoner fra Storbritannia og en rekke andre vestlige land. <\/p>\n<p class=\"_paragraph_o9xde_4 _paragraph_xtcu6_10 layout-component text-serif-m layout-normal text-serif-m layout-padded\">Siden da har det imidlertid p\u00e5g\u00e5tt en langvarig forhandlingsprosess om hvorvidt pengene skal brukes kun i Ukraina, eller om de kan g\u00e5 til saker utenfor landet. Abramovitsj \u00f8nsker \u00e5 bruke pengene p\u00e5 \u00aballe krigens ofre\u00bb.<\/p>\n<p class=\"_paragraph_o9xde_4 _paragraph_xtcu6_10 layout-component text-serif-m layout-normal text-serif-m layout-padded\">N\u00e5 har britiske myndigheter vedtatt \u00e5 etablere en stiftelse for \u00e5 ta seg av pengene, som tilsvarer 34 milliarder norske kroner. <\/p>\n","protected":false},"excerpt":{"rendered":"Britiske myndigheter har gitt formell ordre om \u00e5 overf\u00f8re 2,5 milliarder pund fra Roman Abramovitsjs salg av Chelsea&hellip;\n","protected":false},"author":2,"featured_media":115545,"comment_status":"","ping_status":"","sticky":false,"template":"","format":"standard","meta":{"footnotes":""},"categories":[12],"tags":[20,21,24,25,15,22,23,13,30,28,29,14,16,26,27,42,43,44,45],"class_list":{"0":"post-115544","1":"post","2":"type-post","3":"status-publish","4":"format-standard","5":"has-post-thumbnail","7":"category-verden","8":"tag-breaking-news","9":"tag-breakingnews","10":"tag-featured-news","11":"tag-featurednews","12":"tag-headlines","13":"tag-latest-news","14":"tag-latestnews","15":"tag-news","16":"tag-no","17":"tag-norge","18":"tag-norway","19":"tag-nyheter","20":"tag-overskrifter","21":"tag-top-stories","22":"tag-topstories","23":"tag-verden","24":"tag-world","25":"tag-world-news","26":"tag-worldnews"},"share_on_mastodon":{"url":"https:\/\/pubeurope.com\/@no\/115735100591697144","error":""},"_links":{"self":[{"href":"https:\/\/www.europesays.com\/no\/wp-json\/wp\/v2\/posts\/115544","targetHints":{"allow":["GET"]}}],"collection":[{"href":"https:\/\/www.europesays.com\/no\/wp-json\/wp\/v2\/posts"}],"about":[{"href":"https:\/\/www.europesays.com\/no\/wp-json\/wp\/v2\/types\/post"}],"author":[{"embeddable":true,"href":"https:\/\/www.europesays.com\/no\/wp-json\/wp\/v2\/users\/2"}],"replies":[{"embeddable":true,"href":"https:\/\/www.europesays.com\/no\/wp-json\/wp\/v2\/comments?post=115544"}],"version-history":[{"count":0,"href":"https:\/\/www.europesays.com\/no\/wp-json\/wp\/v2\/posts\/115544\/revisions"}],"wp:featuredmedia":[{"embeddable":true,"href":"https:\/\/www.europesays.com\/no\/wp-json\/wp\/v2\/media\/115545"}],"wp:attachment":[{"href":"https:\/\/www.europesays.com\/no\/wp-json\/wp\/v2\/media?parent=115544"}],"wp:term":[{"taxonomy":"category","embeddable":true,"href":"https:\/\/www.europesays.com\/no\/wp-json\/wp\/v2\/categories?post=115544"},{"taxonomy":"post_tag","embeddable":true,"href":"https:\/\/www.europesays.com\/no\/wp-json\/wp\/v2\/tags?post=115544"}],"curies":[{"name":"wp","href":"https:\/\/api.w.org\/{rel}","templated":true}]}}