{"id":115559,"date":"2025-12-17T13:31:11","date_gmt":"2025-12-17T13:31:11","guid":{"rendered":"https:\/\/www.europesays.com\/no\/115559\/"},"modified":"2025-12-17T13:31:11","modified_gmt":"2025-12-17T13:31:11","slug":"machado-har-forlatt-norge","status":"publish","type":"post","link":"https:\/\/www.europesays.com\/no\/115559\/","title":{"rendered":"Machado har forlatt Norge"},"content":{"rendered":"\n<p class=\"_lead_o9xde_2 _lead_xtcu6_50 layout-component text-serif-m layout-normal text-serif-l layout-component layout-wide layout-padded _wide_17hqh_1 layout-padded\">Nobelprisvinner Maria Corina Machado har forlatt Norge, opplyser statsminister Jonas Gahr St\u00f8re (Ap) til nyhetsbyr\u00e5et Bloomberg onsdag.<\/p>\n<p><img alt=\"Vinner av Nobels fredspris Maria Corina Machado. Foto: Leonhard Foeger \/ Reuters \/ NTB\" class=\"_image_qp4xg_65 layout-component layout-wide\" data-fullscreen- data-track-element-type=\"Article image fullscreen\" data-track-name=\"ImageFullscreen\" fetchpriority=\"high\" decoding=\"sync\" loading=\"eager\" height=\"6282\" itemprop=\"image\"  src=\"https:\/\/www.europesays.com\/no\/wp-content\/uploads\/2025\/12\/12c51fb5-83f0-45b2-8916-4eccaee4d456\"  style=\"object-position:0% 0%\" width=\"8192\"\/>Vinner av Nobels fredspris Maria Corina Machado. Foto: Leonhard Foeger \/ Reuters \/ NTB<\/p>\n<ul aria-hidden=\"true\" class=\"_images_ntbth_112\">\n<li><a class=\"_link_ntbth_117\" href=\"https:\/\/www.vg.no\/forfatter\/fredrik-ouren-jostad\" style=\"z-index:1\" title=\"Fredrik Ouren Jostad\" rel=\"nofollow noopener\" target=\"_blank\"><img alt=\"Bilde av Fredrik Ouren Jostad\" class=\"_image_ntbth_93\" fetchpriority=\"low\" loading=\"lazy\" decoding=\"async\" itemprop=\"image\"  src=\"https:\/\/www.europesays.com\/no\/wp-content\/uploads\/2025\/12\/1765978271_331_44a138e9-ee61-47be-8b25-b699b8f538d1\"  width=\"480\"\/><\/a><\/li>\n<\/ul>\n<p> Oppdatert onsdag 17. desember kl. 14:04     <\/p>\n<p class=\"_paragraph_o9xde_4 _paragraph_xtcu6_10 layout-component text-serif-m layout-normal text-serif-m layout-padded\">Machados talsperson, Magalli Meda, sier til <a href=\"https:\/\/www.bloomberg.com\/news\/articles\/2025-12-17\/venezuelan-nobel-winner-machado-has-left-norway-premier-says?accessToken=eyJhbGciOiJIUzI1NiIsInR5cCI6IkpXVCJ9.eyJzb3VyY2UiOiJTdWJzY3JpYmVyR2lmdGVkQXJ0aWNsZSIsImlhdCI6MTc2NTk3NTAzMSwiZXhwIjoxNzY2NTc5ODMxLCJhcnRpY2xlSWQiOiJUN0VXQkFUOTZPU0cwMCIsImJjb25uZWN0SWQiOiIyMUZFRTExQjdFRTU0MUNCQTA2OUY2REFDODY1RUU2NSJ9.pMqHnHRQOsi_F_B0nFlpeCIniwuMNcOXPlMD1VvAl_o&amp;leadSource=uverify%20wall\" class=\"_link_o9xde_39\" rel=\"nofollow noopener\" target=\"_blank\">Bloomberg<\/a> at fredsprisvinneren tar vare p\u00e5 helsen sin og \u00abhar litt fritid\u00bb.<\/p>\n<p class=\"_paragraph_o9xde_4 _paragraph_xtcu6_10 layout-component text-serif-m layout-normal text-serif-m layout-padded\">Hun har den siste tiden blitt behandlet ved Ullev\u00e5l sykehus for et brudd hun p\u00e5dro seg i ryggen i forbindelse med flukten i d\u00e5rlig v\u00e6r fra Venezuela til Norge.<\/p>\n<p class=\"_paragraph_o9xde_4 _paragraph_xtcu6_10 layout-component text-serif-m layout-normal text-serif-m layout-padded\">F\u00f8r hun viste seg i Oslo forrige uke, hadde hun ikke vist seg offentlig p\u00e5 elleve m\u00e5neder. P\u00e5 grunn av den farlige flukten kom hun for sent til seremonien og datteren mottok fredsprisen p\u00e5 hennes vegne.<\/p>\n<p class=\"_paragraph_o9xde_4 _paragraph_xtcu6_10 layout-component text-serif-m layout-normal text-serif-m layout-padded\">Hvor hun n\u00e5 reiser er ukjent. St\u00f8re ga ingen ytterligere detaljer.<\/p>\n","protected":false},"excerpt":{"rendered":"Nobelprisvinner Maria Corina Machado har forlatt Norge, opplyser statsminister Jonas Gahr St\u00f8re (Ap) til nyhetsbyr\u00e5et Bloomberg onsdag. Vinner&hellip;\n","protected":false},"author":2,"featured_media":115560,"comment_status":"","ping_status":"","sticky":false,"template":"","format":"standard","meta":{"footnotes":""},"categories":[10],"tags":[20,21,24,25,15,22,23,8707,13,30,28,29,14,16,26,27],"class_list":{"0":"post-115559","1":"post","2":"type-post","3":"status-publish","4":"format-standard","5":"has-post-thumbnail","7":"category-norge","8":"tag-breaking-news","9":"tag-breakingnews","10":"tag-featured-news","11":"tag-featurednews","12":"tag-headlines","13":"tag-latest-news","14":"tag-latestnews","15":"tag-maria-corina-machado","16":"tag-news","17":"tag-no","18":"tag-norge","19":"tag-norway","20":"tag-nyheter","21":"tag-overskrifter","22":"tag-top-stories","23":"tag-topstories"},"share_on_mastodon":{"url":"https:\/\/pubeurope.com\/@no\/115735159619512050","error":""},"_links":{"self":[{"href":"https:\/\/www.europesays.com\/no\/wp-json\/wp\/v2\/posts\/115559","targetHints":{"allow":["GET"]}}],"collection":[{"href":"https:\/\/www.europesays.com\/no\/wp-json\/wp\/v2\/posts"}],"about":[{"href":"https:\/\/www.europesays.com\/no\/wp-json\/wp\/v2\/types\/post"}],"author":[{"embeddable":true,"href":"https:\/\/www.europesays.com\/no\/wp-json\/wp\/v2\/users\/2"}],"replies":[{"embeddable":true,"href":"https:\/\/www.europesays.com\/no\/wp-json\/wp\/v2\/comments?post=115559"}],"version-history":[{"count":0,"href":"https:\/\/www.europesays.com\/no\/wp-json\/wp\/v2\/posts\/115559\/revisions"}],"wp:featuredmedia":[{"embeddable":true,"href":"https:\/\/www.europesays.com\/no\/wp-json\/wp\/v2\/media\/115560"}],"wp:attachment":[{"href":"https:\/\/www.europesays.com\/no\/wp-json\/wp\/v2\/media?parent=115559"}],"wp:term":[{"taxonomy":"category","embeddable":true,"href":"https:\/\/www.europesays.com\/no\/wp-json\/wp\/v2\/categories?post=115559"},{"taxonomy":"post_tag","embeddable":true,"href":"https:\/\/www.europesays.com\/no\/wp-json\/wp\/v2\/tags?post=115559"}],"curies":[{"name":"wp","href":"https:\/\/api.w.org\/{rel}","templated":true}]}}