{"id":115565,"date":"2025-12-17T13:34:34","date_gmt":"2025-12-17T13:34:34","guid":{"rendered":"https:\/\/www.europesays.com\/no\/115565\/"},"modified":"2025-12-17T13:34:34","modified_gmt":"2025-12-17T13:34:34","slug":"kjendisene-strommer-til-den-rod-loperen-for-eksklusiv-avatar","status":"publish","type":"post","link":"https:\/\/www.europesays.com\/no\/115565\/","title":{"rendered":"Kjendisene str\u00f8mmer til den r\u00f8d l\u00f8peren for eksklusiv \u00abAvatar"},"content":{"rendered":"<p class=\"kicker \" style=\"\">Eksklusiv visning:<\/p>\n<p>  Det er duket for eksklusiv filmpremiere i Oslo. Se alle bildene fra arrangementet her!<\/p>\n<p>\n    DUKKET OPP: Prinsesse M\u00e4rtha Louise og Durek Verrett er p\u00e5 plass til filmpremieren. Foto: Shad Madian\n  <\/p>\n<p>Tirsdag kveld har flere kjente fjes tatt turen til\u00a0Odeon kino i Oslo, i anledning en lukket og eksklusiv Norgespremiere p\u00e5 Disneys nye \u00abAvatar &#8211; Fire &amp; Ash\u00bb.\u00a0<\/p>\n<p>Filmen er den tredje utgaven i den popul\u00e6re \u00abAvatar\u00bb-serien og er i kjent stil regissert av James Cameron. Han st\u00e5r ogs\u00e5 bak andre storfilmer som \u00abTitanic\u00bb og\u00a0\u00abThe Terminator\u00bb.<\/p>\n<p>    <a itemprop=\"url\" href=\"https:\/\/www.dagbladet.no\/kjendis\/utenkelig\/83989577\" rel=\"nofollow noopener\" target=\"_blank\"><\/p>\n<p>        <img loading=\"lazy\" decoding=\"async\" src=\"https:\/\/www.europesays.com\/no\/wp-content\/uploads\/2025\/12\/1765978466_537_83991225.webp\" width=\"980\" height=\"441\" title=\"- Utenkelig\" alt=\"\" class=\"lazyload\" style=\"--aspect-ratio-image: 2.22; \"\/><\/p>\n<p>        &#8211; Utenkelig<\/p>\n<p>    <\/a><\/p>\n<p>Prinsesse M\u00e4rtha Louise og Durek Verrett er blant de som har ankommet l\u00f8peren, og til Dagbladet letter de p\u00e5 sl\u00f8ret om juleplanene.\u00a0<\/p>\n<p>&#8211; Vi skal tilbringe jula med familien, forteller Verrett.<\/p>\n<p>&#8211; Vi er veldig spente, og vi er ogs\u00e5 spente p\u00e5 \u00e5 v\u00e6re p\u00e5 Avatar-premieren, legger prinsessen til.\u00a0<\/p>\n<p>        \u00c5PNER OPP: &#8211; Durek var min klippe gjennom hele hendelsen, sier M\u00e4rtha Louise om tiden etter Ari Behns d\u00f8dsfall i et intervju med SVTs Carina Bergfeldt. Video: SVT <\/p>\n<p>P\u00e5 et sp\u00f8rsm\u00e5l om hva de tenker om en norsk jul, svarer Verrett at han hadde h\u00e5pet p\u00e5 \u00e5 f\u00e5 en hvit jul i \u00e5r, men:<\/p>\n<p>&#8211; Jeg elsker det, og med gr\u00f8ten og nissen. Jeg liker \u00e5 danse rundt juletreet. Det er noen av favoritt-tingene mine. Jeg elsker norsk jul.\u00a0<\/p>\n<p>&#8211; Jeg tror vi har mer tradisjoner enn amerikanerne, som blant annet \u00e5 g\u00e5 rundt juletreet og \u00e5 gj\u00f8re s\u00e5nne tradisjonelle ting, forteller prinsessen, og legger til at paret har som tradisjon \u00e5 danse rundt treet.\u00a0<\/p>\n<p class=\"font-weight-bold m-font-weight-bold\" data-lab-font_weight=\"font-weight-bold\">Se bildene fra premieren her:<\/p>\n<p>        <img loading=\"lazy\" decoding=\"async\" src=\"https:\/\/www.europesays.com\/no\/wp-content\/uploads\/2025\/12\/83994190.webp\" width=\"686\" height=\"1029\" title=\"Foto: Shad Madian\" alt=\"\" class=\"\" style=\"--aspect-ratio-image: 0.67; \"\/><\/p>\n<p>\n        Foto: Shad Madian\n    <\/p>\n<p>        <img loading=\"lazy\" decoding=\"async\" src=\"https:\/\/www.europesays.com\/no\/wp-content\/uploads\/2025\/12\/1765978470_984_83994086.webp\" width=\"686\" height=\"1029\" title=\"Foto: Shad Madian\" alt=\"\" class=\"\" style=\"--aspect-ratio-image: 0.67; \"\/><\/p>\n<p>\n        Foto: Shad Madian\n    <\/p>\n<p>        <img loading=\"lazy\" decoding=\"async\" src=\"https:\/\/www.europesays.com\/no\/wp-content\/uploads\/2025\/12\/83994084.webp\" width=\"667\" height=\"748\" title=\"Foto: Shad Madian\" alt=\"\" class=\"\" style=\"--aspect-ratio-image: 0.89; \"\/><\/p>\n<p>\n        Foto: Shad Madian\n    <\/p>\n<p>        <img loading=\"lazy\" decoding=\"async\" src=\"https:\/\/www.europesays.com\/no\/wp-content\/uploads\/2025\/12\/83994028.webp\" width=\"686\" height=\"1029\" title=\"Foto: Shad Madian\" alt=\"\" class=\"\" style=\"--aspect-ratio-image: 0.67; \"\/><\/p>\n<p>\n        Foto: Shad Madian\n    <\/p>\n<p>        <img loading=\"lazy\" decoding=\"async\" src=\"https:\/\/www.europesays.com\/no\/wp-content\/uploads\/2025\/12\/83994049.webp\" width=\"686\" height=\"1029\" title=\"Foto: Shad Madian\" alt=\"\" class=\"\" style=\"--aspect-ratio-image: 0.67; \"\/><\/p>\n<p>\n        Foto: Shad Madian\n    <\/p>\n<p>        <img loading=\"lazy\" decoding=\"async\" src=\"https:\/\/www.europesays.com\/no\/wp-content\/uploads\/2025\/12\/83994046.webp\" width=\"686\" height=\"1029\" title=\"Foto: Shad Madian\" alt=\"\" class=\"\" style=\"--aspect-ratio-image: 0.67; \"\/><\/p>\n<p>\n        Foto: Shad Madian\n    <\/p>\n","protected":false},"excerpt":{"rendered":"Eksklusiv visning: Det er duket for eksklusiv filmpremiere i Oslo. Se alle bildene fra arrangementet her! DUKKET OPP:&hellip;\n","protected":false},"author":2,"featured_media":115566,"comment_status":"","ping_status":"","sticky":false,"template":"","format":"standard","meta":{"footnotes":""},"categories":[58],"tags":[11184,71,12368,479,30,28,29,5825,72],"class_list":{"0":"post-115565","1":"post","2":"type-post","3":"status-publish","4":"format-standard","5":"has-post-thumbnail","7":"category-underholdning","8":"tag-avatar","9":"tag-entertainment","10":"tag-filmpremiere","11":"tag-kjendis","12":"tag-no","13":"tag-norge","14":"tag-norway","15":"tag-rod-loper","16":"tag-underholdning"},"share_on_mastodon":{"url":"https:\/\/pubeurope.com\/@no\/115735171490609903","error":""},"_links":{"self":[{"href":"https:\/\/www.europesays.com\/no\/wp-json\/wp\/v2\/posts\/115565","targetHints":{"allow":["GET"]}}],"collection":[{"href":"https:\/\/www.europesays.com\/no\/wp-json\/wp\/v2\/posts"}],"about":[{"href":"https:\/\/www.europesays.com\/no\/wp-json\/wp\/v2\/types\/post"}],"author":[{"embeddable":true,"href":"https:\/\/www.europesays.com\/no\/wp-json\/wp\/v2\/users\/2"}],"replies":[{"embeddable":true,"href":"https:\/\/www.europesays.com\/no\/wp-json\/wp\/v2\/comments?post=115565"}],"version-history":[{"count":0,"href":"https:\/\/www.europesays.com\/no\/wp-json\/wp\/v2\/posts\/115565\/revisions"}],"wp:featuredmedia":[{"embeddable":true,"href":"https:\/\/www.europesays.com\/no\/wp-json\/wp\/v2\/media\/115566"}],"wp:attachment":[{"href":"https:\/\/www.europesays.com\/no\/wp-json\/wp\/v2\/media?parent=115565"}],"wp:term":[{"taxonomy":"category","embeddable":true,"href":"https:\/\/www.europesays.com\/no\/wp-json\/wp\/v2\/categories?post=115565"},{"taxonomy":"post_tag","embeddable":true,"href":"https:\/\/www.europesays.com\/no\/wp-json\/wp\/v2\/tags?post=115565"}],"curies":[{"name":"wp","href":"https:\/\/api.w.org\/{rel}","templated":true}]}}