{"id":115571,"date":"2025-12-17T13:39:14","date_gmt":"2025-12-17T13:39:14","guid":{"rendered":"https:\/\/www.europesays.com\/no\/115571\/"},"modified":"2025-12-17T13:39:14","modified_gmt":"2025-12-17T13:39:14","slug":"forste-begravelser-etter-bondi-massakren","status":"publish","type":"post","link":"https:\/\/www.europesays.com\/no\/115571\/","title":{"rendered":"F\u00f8rste begravelser etter Bondi-massakren"},"content":{"rendered":"\n<p class=\"_lead_o9xde_2 _lead_xtcu6_50 layout-component text-serif-m layout-normal text-serif-l layout-component layout-wide layout-padded _wide_17hqh_1 layout-padded\">Foreldrene til Matilda (10), det yngste offeret for terrorangrepet p\u00e5 Bondi Beach, forteller at de f\u00f8rst trodde skuddene var \u00abfyrverkeri\u00bb og en \u00abd\u00e5rlig sp\u00f8k.\u00bb<\/p>\n<p><img alt=\"BUNNL\u00d8S SORG: Matildas foreldre, Micahel og Valentyna, snakket med pressen onsdag. Foto: Flavio Brancaleone \/ Reuters\" class=\"_image_qp4xg_65 layout-component layout-wide\" data-fullscreen- data-track-element-type=\"Article image fullscreen\" data-track-name=\"ImageFullscreen\" fetchpriority=\"high\" decoding=\"sync\" loading=\"eager\" height=\"3330\" itemprop=\"image\"  src=\"https:\/\/www.europesays.com\/no\/wp-content\/uploads\/2025\/12\/edebb6cb-779d-4b22-9620-9fdc689333b1\"  style=\"object-position:0% 0%\" width=\"4995\"\/>BUNNL\u00d8S SORG: Matildas foreldre, Micahel og Valentyna, snakket med pressen onsdag. Foto: Flavio Brancaleone \/ Reuters<\/p>\n<ul aria-hidden=\"true\" class=\"_images_ntbth_112\">\n<li><a class=\"_link_ntbth_117\" href=\"https:\/\/www.vg.no\/forfatter\/stella-bugge\" style=\"z-index:1\" title=\"Stella Bugge\" rel=\"nofollow noopener\" target=\"_blank\"><img alt=\"Bilde av Stella Bugge\" class=\"_image_ntbth_93\" fetchpriority=\"low\" loading=\"lazy\" decoding=\"async\" itemprop=\"image\"  src=\"https:\/\/www.europesays.com\/no\/wp-content\/uploads\/2025\/12\/1765978752_330_c673ac82-f3e7-47d3-aa1d-79bb6eca457a\"  width=\"480\"\/><\/a><\/li>\n<\/ul>\n<p> Oppdatert onsdag 17. desember kl. 09:31    <\/p>\n<ul class=\"_list_o9xde_3 _list_64s2r_85 _unordered_o9xde_106 text-sans-m\">\n<li class=\"_item_o9xde_30\">Foreldrene til Matilda (10), det yngste offeret for terroren p\u00e5 Bondi Beach, trodde f\u00f8rst skuddene var en \u00abd\u00e5rlig sp\u00f8k.\u00bb<\/li>\n<li class=\"_item_o9xde_30\">Rabbi Eli Schlanger ble ogs\u00e5 drept; han etterlater seg kone og fem barn.<\/li>\n<li class=\"_item_o9xde_30\">Begravelsen for flere av ofrene fant sted onsdag.<\/li>\n<li class=\"_item_o9xde_30\">En gjerningsmann er siktet for 15 drap og terrorhandlinger.<\/li>\n<\/ul>\n<p>Vis mer <\/p>\n<p class=\"_paragraph_o9xde_4 _paragraph_xtcu6_10 layout-component text-serif-m layout-normal text-serif-m layout-padded\">10-\u00e5ringen, som d\u00f8de s\u00f8ndag kveld, er blitt <a href=\"https:\/\/www.vg.no\/nyheter\/i\/0pEypo\/medier-rabbiner-drept-i-terrorangrep\" data-track-element-type=\"Link\" data-track-id=\"link:0pEypo\" class=\"_link_o9xde_39\" rel=\"nofollow noopener\" target=\"_blank\">omtalt<\/a> som et \u00abglad, livlig og energisk barn som spredte glede rundt seg\u00bb.<\/p>\n<p class=\"_paragraph_o9xde_4 _paragraph_xtcu6_10 layout-component text-serif-m layout-normal text-serif-m layout-padded\">\u2013 Hun l\u00f8p rundt og var glad og i neste \u00f8yeblikk ser jeg at hun ligger p\u00e5 bakken og jeg kan ikke forklare hva som skjedde, sier moren Valentyna if\u00f8lge <a href=\"https:\/\/www.reutersconnect.com\/detail?id=tag%3Areuters.com%2C2025%3Anewsml_RW068117122025RP1%3A6&amp;share=true\" class=\"_link_o9xde_39\" rel=\"nofollow noopener\" target=\"_blank\">Reuters.<\/a><\/p>\n<p>La skjorten rundt henne<\/p>\n<p class=\"_paragraph_o9xde_4 _paragraph_xtcu6_10 layout-component text-serif-m layout-normal text-serif-m layout-padded\">\u2013 Vi h\u00f8rte noen skudd, men vi trodde kanskje det bare var noen som hadde bestemt seg for \u00e5 utf\u00f8re en d\u00e5rlig sp\u00f8k, fyrverkeri eller noe. Min f\u00f8rste reaksjon var hvordan kan du gj\u00f8re dette n\u00e6r dette arrangementet siden alle j\u00f8diske samfunn er traumatisert av slike lyder.<\/p>\n<p class=\"_paragraph_o9xde_4 _paragraph_xtcu6_10 layout-component text-serif-m layout-normal text-serif-m layout-padded\">Etter at datteren ble skutt, pr\u00f8vde foreldrene \u00e5 ta vare p\u00e5 henne som best de kunne.<\/p>\n<p class=\"_paragraph_o9xde_4 _paragraph_xtcu6_10 layout-component text-serif-m layout-normal text-serif-m layout-padded\">\u2013 Jeg la skjorten min (rundt Matilda red. anm) og snakket til henne fordi hun var i sjokk. Hun sa til meg: \u2018Det er vanskelig \u00e5 puste\u2019\u00bb. Jeg holdt henne og sa: \u00abRo deg ned, v\u00e6r s\u00e5 snill, v\u00e6r s\u00e5 snill\u00bb, fortalte Matildas far Michael til media onsdag. Familien \u00f8nsker ikke \u00e5 st\u00e5 frem med etternavn.<\/p>\n<p class=\"_paragraph_o9xde_4 _paragraph_xtcu6_10 layout-component text-serif-m layout-normal text-serif-m layout-padded\">Han forteller at han pr\u00f8vde \u00e5 dra datteren vekk fra skuddene.<\/p>\n<p class=\"_paragraph_o9xde_4 _paragraph_xtcu6_10 layout-component text-serif-m layout-normal text-serif-m layout-padded\">\u2013 Men skytingen ville bare ikke stoppe. Vi s\u00e5 oss rundt, politiet, det var ingen politi der.<\/p>\n<p><img alt=\"\" class=\"_image_qp4xg_65 layout-component layout-normal\" data-fullscreen- data-track-element-type=\"Article image fullscreen\" data-track-name=\"ImageFullscreen\" decoding=\"async\" loading=\"lazy\" height=\"964\" itemprop=\"image\"  src=\"https:\/\/www.europesays.com\/no\/wp-content\/uploads\/2025\/12\/e14ca8a3-ece0-4425-8aec-30247b033116\"  style=\"object-position:0% 0%\" width=\"1146\"\/>Derfor het hun Matilda<\/p>\n<p class=\"_paragraph_o9xde_4 _paragraph_xtcu6_10 layout-component text-serif-m layout-normal text-serif-m layout-padded\">Han forteller hvorfor hun het Matilda.<\/p>\n<p class=\"_paragraph_o9xde_4 _paragraph_xtcu6_10 layout-component text-serif-m layout-normal text-serif-m layout-padded\">\u2013 Jeg ga henne navnet Matilda fordi hun var v\u00e5r f\u00f8rste australske. Vi kom hit fra Ukraina og Matilda var den f\u00f8rste som ble f\u00f8dt i Australia og jeg tenkte at \u00abMatilda\u00bb er det mest australske navnet som finnes, s\u00e5 bare husk navnet, husk henne, sa han med t\u00e5rer i \u00f8ynene, if\u00f8lge AP.<\/p>\n<p class=\"_paragraph_o9xde_4 _paragraph_xtcu6_10 layout-component text-serif-m layout-normal text-serif-m layout-padded\">De f\u00f8rste begravelsene etter s\u00f8ndagens terrorangrep p\u00e5 <a href=\"https:\/\/www.vg.no\/tag\/bondi-beach?utm_source=vg-article&amp;utm_medium=auto-tagger&amp;utm_campaign=JO1z6J\" class=\"_link_o9xde_39\" rel=\"nofollow noopener\" target=\"_blank\">Bondi Beach<\/a> fant sted onsdag, da hundrevis av s\u00f8rgende samlet seg for \u00e5 ta farvel med rabbi Eli Schlanger i Sydney.<\/p>\n<p class=\"_paragraph_o9xde_4 _paragraph_xtcu6_10 layout-component text-serif-m layout-normal text-serif-m layout-padded\">Den 41 \u00e5r gamle rabbien organiserte Hanukkah-arrangementet der 15 personer ble drept av to v\u00e6pnede menn, melder <a href=\"https:\/\/edition.cnn.com\/2025\/12\/16\/australia\/bondi-shooting-funerals-sydney-intl-hnk\" class=\"_link_o9xde_39\" rel=\"nofollow noopener\" target=\"_blank\">CNN<\/a>.<\/p>\n<p class=\"_paragraph_o9xde_4 _paragraph_xtcu6_10 layout-component text-serif-m layout-normal text-serif-m layout-padded\">Schlanger ble beskrevet som \u00abBondi-rabbien\u00bb og hadde jobbet som religi\u00f8s leder mange \u00e5r. Han etterlater seg kone og fem barn, det yngste er bare to m\u00e5neder gammelt.<\/p>\n<p><img alt=\"Foto: Jeremy Piper \/ Reuters\" class=\"_image_qp4xg_65 layout-component layout-normal\" data-fullscreen- data-track-element-type=\"Article image fullscreen\" data-track-name=\"ImageFullscreen\" decoding=\"async\" loading=\"lazy\" height=\"2054\" itemprop=\"image\"  src=\"https:\/\/www.europesays.com\/no\/wp-content\/uploads\/2025\/12\/49159fbc-779d-4c8d-8432-98fb3ce111b6\"  style=\"object-position:0% 0%\" width=\"3000\"\/>Foto: Jeremy Piper \/ Reuters<\/p>\n<p class=\"_paragraph_o9xde_4 _paragraph_xtcu6_10 layout-component text-serif-m layout-normal text-serif-m layout-padded\">\u2013 Du er min s\u00f8nn, min venn, min fortrolige, sa svigerfaren rabbi Yehoram Ulman gr\u00e5tende under seremonien.<\/p>\n<p class=\"_paragraph_o9xde_4 _paragraph_xtcu6_10 layout-component text-serif-m layout-normal text-serif-m layout-padded\">\u2013 En dag uten deg er umulig.<\/p>\n<p class=\"_paragraph_o9xde_4 _paragraph_xtcu6_10 layout-component text-serif-m layout-normal text-serif-m layout-padded\">Begravelsen fant sted p\u00e5 Chabad of Bondi-synagogen med mye politi til stede. Blant de fremm\u00f8tte var Australias tidligere statsminister Scott Morrison og delstatspremier Chris Minns, melder <a href=\"https:\/\/www.bbc.com\/news\/articles\/cyvg17y24jmo\" class=\"_link_o9xde_39\" rel=\"nofollow noopener\" target=\"_blank\">BBC.<\/a><\/p>\n<p class=\"_paragraph_o9xde_4 _paragraph_xtcu6_10 layout-component text-serif-m layout-normal text-serif-m layout-padded\">Schlanger var kjent for sitt engasjement i lokalsamfunnet og reiste ofte flere timer for \u00e5 gi religi\u00f8s st\u00f8tte til fanger og syke.<\/p>\n<p><img alt=\"Foto: Hollie Adams \/ AP\" class=\"_image_qp4xg_65 layout-component layout-normal\" data-fullscreen- data-track-element-type=\"Article image fullscreen\" data-track-name=\"ImageFullscreen\" decoding=\"async\" loading=\"lazy\" height=\"3575\" itemprop=\"image\"  src=\"https:\/\/www.europesays.com\/no\/wp-content\/uploads\/2025\/12\/3795b77b-11e7-48ab-96b8-4808bbeab7fd\"  style=\"object-position:0% 0%\" width=\"5091\"\/>Foto: Hollie Adams \/ AP<img alt=\"Foto: MICK TSIKAS \/ Reuters\" class=\"_image_qp4xg_65 layout-component layout-normal\" data-fullscreen- data-track-element-type=\"Article image fullscreen\" data-track-name=\"ImageFullscreen\" decoding=\"async\" loading=\"lazy\" height=\"4903\" itemprop=\"image\"  src=\"https:\/\/www.europesays.com\/no\/wp-content\/uploads\/2025\/12\/bd5ffc58-edde-4653-9e31-64387479d565\"  style=\"object-position:0% 0%\" width=\"7355\"\/>Foto: MICK TSIKAS \/ Reuters<\/p>\n<p class=\"_paragraph_o9xde_4 _paragraph_xtcu6_10 layout-component text-serif-m layout-normal text-serif-m layout-padded\">\u2013 Eli gjorde arbeidet til s\u00e5 mange. Jeg kunne ikke erstatte ham med 20 personer, sa svigerfaren.<\/p>\n<p class=\"_paragraph_o9xde_4 _paragraph_xtcu6_10 layout-component text-serif-m layout-normal text-serif-m layout-padded\">Ogs\u00e5 begravelsene for Reuven Morrison (62), Peter Meagher og rabbi Yaakov Levitan (39) skulle holdes onsdag, if\u00f8lge <a href=\"https:\/\/www.bbc.com\/news\/live\/cd9zg01neydt\" class=\"_link_o9xde_39\" rel=\"nofollow noopener\" target=\"_blank\">BBC<\/a>.<\/p>\n<p class=\"_paragraph_o9xde_4 _paragraph_xtcu6_10 layout-component text-serif-m layout-normal text-serif-m layout-padded\">10 \u00e5r gamle Matilda skal begraves torsdag.<\/p>\n<p>Mistet synet p\u00e5 ett \u00f8ye<\/p>\n<p class=\"_paragraph_o9xde_4 _paragraph_xtcu6_10 layout-component text-serif-m layout-normal text-serif-m layout-padded\">Den overlevende gjerningsmannen Naveed Akram (24) ble onsdag siktet for 59 forhold, inkludert 15 drap og terrorhandlinger. Hans far Sajid (50) ble skutt og drept av politiet under angrepet.<\/p>\n<p class=\"_paragraph_o9xde_4 _paragraph_xtcu6_10 layout-component text-serif-m layout-normal text-serif-m layout-padded\">21 personer ligger fortsatt p\u00e5 sykehus etter angrepet, der en er kritisk skadet.<\/p>\n<p class=\"_paragraph_o9xde_4 _paragraph_xtcu6_10 layout-component text-serif-m layout-normal text-serif-m layout-padded\">Familien til en 22 \u00e5r gammel politimann, som bare hadde st\u00e5tt i jobben i fire m\u00e5neder, sier i en uttalelse at han hadde mistet synet p\u00e5 det ene \u00f8yet og sto overfor en \u00ablang og utfordrende rekonvalesens,\u00bb skriver <a href=\"https:\/\/www.reuters.com\/world\/asia-pacific\/sydney-funerals-begin-bondi-beach-hanukkah-shooting-victims-2025-12-16\/\" class=\"_link_o9xde_39\" rel=\"nofollow noopener\" target=\"_blank\">Reuters.<\/a> Mannen ble skutt to ganger i s\u00f8ndagens terrorangrep.<\/p>\n<p class=\"_paragraph_o9xde_4 _paragraph_xtcu6_10 layout-component text-serif-m layout-normal text-serif-m layout-padded\">\u2013 I m\u00f8te med en voldelig og tragisk hendelse reagerte han med mot, instinkt og uselviskhet, og fortsatte \u00e5 beskytte og hjelpe andre mens han var skadet, helt til han fysisk ikke lenger var i stand til det\u00bb, sa familien.<\/p>\n","protected":false},"excerpt":{"rendered":"Foreldrene til Matilda (10), det yngste offeret for terrorangrepet p\u00e5 Bondi Beach, forteller at de f\u00f8rst trodde skuddene&hellip;\n","protected":false},"author":2,"featured_media":115572,"comment_status":"","ping_status":"","sticky":false,"template":"","format":"standard","meta":{"footnotes":""},"categories":[5],"tags":[47,13899,20,21,24,25,15,19,22,23,17,18,13,30,28,29,14,16,3686,26,27,46],"class_list":{"0":"post-115571","1":"post","2":"type-post","3":"status-publish","4":"format-standard","5":"has-post-thumbnail","7":"category-overskrifter","8":"tag-australia","9":"tag-bondi-beach","10":"tag-breaking-news","11":"tag-breakingnews","12":"tag-featured-news","13":"tag-featurednews","14":"tag-headlines","15":"tag-hovedoppslag","16":"tag-latest-news","17":"tag-latestnews","18":"tag-main-news","19":"tag-mainnews","20":"tag-news","21":"tag-no","22":"tag-norge","23":"tag-norway","24":"tag-nyheter","25":"tag-overskrifter","26":"tag-terror","27":"tag-top-stories","28":"tag-topstories","29":"tag-vgai"},"share_on_mastodon":{"url":"https:\/\/pubeurope.com\/@no\/115735191105537228","error":""},"_links":{"self":[{"href":"https:\/\/www.europesays.com\/no\/wp-json\/wp\/v2\/posts\/115571","targetHints":{"allow":["GET"]}}],"collection":[{"href":"https:\/\/www.europesays.com\/no\/wp-json\/wp\/v2\/posts"}],"about":[{"href":"https:\/\/www.europesays.com\/no\/wp-json\/wp\/v2\/types\/post"}],"author":[{"embeddable":true,"href":"https:\/\/www.europesays.com\/no\/wp-json\/wp\/v2\/users\/2"}],"replies":[{"embeddable":true,"href":"https:\/\/www.europesays.com\/no\/wp-json\/wp\/v2\/comments?post=115571"}],"version-history":[{"count":0,"href":"https:\/\/www.europesays.com\/no\/wp-json\/wp\/v2\/posts\/115571\/revisions"}],"wp:featuredmedia":[{"embeddable":true,"href":"https:\/\/www.europesays.com\/no\/wp-json\/wp\/v2\/media\/115572"}],"wp:attachment":[{"href":"https:\/\/www.europesays.com\/no\/wp-json\/wp\/v2\/media?parent=115571"}],"wp:term":[{"taxonomy":"category","embeddable":true,"href":"https:\/\/www.europesays.com\/no\/wp-json\/wp\/v2\/categories?post=115571"},{"taxonomy":"post_tag","embeddable":true,"href":"https:\/\/www.europesays.com\/no\/wp-json\/wp\/v2\/tags?post=115571"}],"curies":[{"name":"wp","href":"https:\/\/api.w.org\/{rel}","templated":true}]}}