{"id":115575,"date":"2025-12-17T13:41:12","date_gmt":"2025-12-17T13:41:12","guid":{"rendered":"https:\/\/www.europesays.com\/no\/115575\/"},"modified":"2025-12-17T13:41:12","modified_gmt":"2025-12-17T13:41:12","slug":"kultur-underholdning-nyhet-det-virker-som-om-konseptet-treffer","status":"publish","type":"post","link":"https:\/\/www.europesays.com\/no\/115575\/","title":{"rendered":"Kultur &#038; underholdning, Nyhet | \u2013 Det virker som om konseptet treffer"},"content":{"rendered":"\n<p>\u2013 Jeg vil gi Sarpsborg et pusterom f\u00f8r jul, sier Emilie Hellum (26), som tradisjonen tro inviterer til julekonsert i Sarpsborg kirke fredag 19. desember.<\/p>\n<p>Sammen med pianist Carl-Andreas N\u00e6ss setter hun sammen konserten Julero \u2013 tradisjonen tro, der kjente julesanger m\u00f8ter improvisasjon og nye uttrykk. Hellum har hovedfokus p\u00e5 tekstformidling og stemningsutvikling, og forteller at spontaniteten er en viktig del av konserten.<\/p>\n<p>Unikt varemerke<\/p>\n<p>\u2013 Jeg tror levendegj\u00f8ringen som finnes i det uplanlagte gir konserten en egen nerve som publikum merker i klangen, sier hun.<\/p>\n<p>Duoen lar seg inspirere av hverandre underveis, noe som gj\u00f8r at sangene aldri fremf\u00f8res helt likt.<\/p>\n<p>\u2013 Det er v\u00e5rt unike varemerke \u2013 en varm relasjon, b\u00e5de sosialt og musikalsk. Det skaper trygghet, samtidig som det gir rom for overraskelser, sier Hellum.<\/p>\n<p>For mange har julekonserten blitt en fast tradisjon, og if\u00f8lge N\u00e6ss vokser publikum fra \u00e5r til \u00e5r.<\/p>\n<p>\u2013 Med s\u00e5 mange tilbud i f\u00f8rjulstiden er det veldig gledelig at folk velger \u00e5 komme tilbake. Det virker som konseptet treffer, sier han.<\/p>\n<p>Ordkunstner<\/p>\n<p>Ogs\u00e5 i \u00e5r byr programmet p\u00e5 noe nytt. Hellum r\u00f8per at publikum kan vente seg en overraskelse.<\/p>\n<p>\u2013 Jeg har oppdaget en ny ordkunstner som jeg tror er ukjent for de fleste i v\u00e5rt n\u00e6rmilj\u00f8, men mer enn det vil jeg ikke avsl\u00f8re f\u00f8r konserten, sier hun.<\/p>\n<p>Julekonserten finner sted i Sarpsborg kirke fredag 19. desember, og duoen \u00f8nsker alle hjertelig velkommen.<\/p>\n<p>  <a href=\"https:\/\/www.sa.no\/5-46-1929852\" class=\"related-teaser has-image default-story-teaser article--c-eRUmMG article--c-eRUmMG-jKCPdD-design-default\" rel=\"nofollow noopener\" target=\"_blank\"><\/p>\n<p>    <img decoding=\"async\" loading=\"lazy\"  src=\"https:\/\/www.europesays.com\/no\/wp-content\/uploads\/2025\/12\/julekons_01_mereteh.jpeg\" alt=\"\" class=\"brick-c-cFOWSL\" style=\"\"\/><\/p>\n<p>\n            Les ogs\u00e5<\/p>\n<p>              Jorden var deilig i Sarpsborg kirke\n        <\/p>\n<p>  <\/a><\/p>\n","protected":false},"excerpt":{"rendered":"\u2013 Jeg vil gi Sarpsborg et pusterom f\u00f8r jul, sier Emilie Hellum (26), som tradisjonen tro inviterer til&hellip;\n","protected":false},"author":2,"featured_media":115576,"comment_status":"","ping_status":"","sticky":false,"template":"","format":"standard","meta":{"footnotes":""},"categories":[58],"tags":[36,71,5593,282,30,28,29,447,1510,72],"class_list":{"0":"post-115575","1":"post","2":"type-post","3":"status-publish","4":"format-standard","5":"has-post-thumbnail","7":"category-underholdning","8":"tag-art","9":"tag-entertainment","10":"tag-jul","11":"tag-kultur-underholdning","12":"tag-no","13":"tag-norge","14":"tag-norway","15":"tag-nyhet","16":"tag-story","17":"tag-underholdning"},"share_on_mastodon":{"url":"https:\/\/pubeurope.com\/@no\/115735198837959183","error":""},"_links":{"self":[{"href":"https:\/\/www.europesays.com\/no\/wp-json\/wp\/v2\/posts\/115575","targetHints":{"allow":["GET"]}}],"collection":[{"href":"https:\/\/www.europesays.com\/no\/wp-json\/wp\/v2\/posts"}],"about":[{"href":"https:\/\/www.europesays.com\/no\/wp-json\/wp\/v2\/types\/post"}],"author":[{"embeddable":true,"href":"https:\/\/www.europesays.com\/no\/wp-json\/wp\/v2\/users\/2"}],"replies":[{"embeddable":true,"href":"https:\/\/www.europesays.com\/no\/wp-json\/wp\/v2\/comments?post=115575"}],"version-history":[{"count":0,"href":"https:\/\/www.europesays.com\/no\/wp-json\/wp\/v2\/posts\/115575\/revisions"}],"wp:featuredmedia":[{"embeddable":true,"href":"https:\/\/www.europesays.com\/no\/wp-json\/wp\/v2\/media\/115576"}],"wp:attachment":[{"href":"https:\/\/www.europesays.com\/no\/wp-json\/wp\/v2\/media?parent=115575"}],"wp:term":[{"taxonomy":"category","embeddable":true,"href":"https:\/\/www.europesays.com\/no\/wp-json\/wp\/v2\/categories?post=115575"},{"taxonomy":"post_tag","embeddable":true,"href":"https:\/\/www.europesays.com\/no\/wp-json\/wp\/v2\/tags?post=115575"}],"curies":[{"name":"wp","href":"https:\/\/api.w.org\/{rel}","templated":true}]}}