{"id":115586,"date":"2025-12-17T13:54:09","date_gmt":"2025-12-17T13:54:09","guid":{"rendered":"https:\/\/www.europesays.com\/no\/115586\/"},"modified":"2025-12-17T13:54:09","modified_gmt":"2025-12-17T13:54:09","slug":"stromsgodset-bekrefter-varsler-mot-dag-eilev-fagermo","status":"publish","type":"post","link":"https:\/\/www.europesays.com\/no\/115586\/","title":{"rendered":"Str\u00f8msgodset bekrefter varsler mot Dag-Eilev Fagermo"},"content":{"rendered":"\n<p class=\"_lead_o9xde_2 _lead_xtcu6_50 layout-component text-serif-m layout-normal text-serif-l layout-component layout-wide layout-padded _wide_17hqh_1 layout-padded\">Str\u00f8msgodset har bestilt ekstern granskning etter flere varsler p\u00e5 sin egen hovedtrener.<\/p>\n<p><img alt=\" Foto: Terje Bendiksby \/ NTB\" class=\"_image_qp4xg_65 layout-component layout-wide\" data-fullscreen- data-track-element-type=\"Article image fullscreen\" data-track-name=\"ImageFullscreen\" fetchpriority=\"high\" decoding=\"sync\" loading=\"eager\" height=\"4879\" itemprop=\"image\"  src=\"https:\/\/www.europesays.com\/no\/wp-content\/uploads\/2025\/12\/c1ddcbb8-4d33-418c-9084-2dcc3d911808\"  style=\"object-position:0% 0%\" width=\"7318\"\/> Foto: Terje Bendiksby \/ NTB<\/p>\n<ul aria-hidden=\"true\" class=\"_images_ntbth_112\">\n<li><a class=\"_link_ntbth_117\" href=\"https:\/\/www.vg.no\/forfatter\/anders-k-christiansen\" style=\"z-index:2\" title=\"Anders K. Christiansen\" rel=\"nofollow noopener\" target=\"_blank\"><img alt=\"Bilde av Anders K. Christiansen\" class=\"_image_ntbth_93\" fetchpriority=\"low\" loading=\"lazy\" decoding=\"async\" itemprop=\"image\"  src=\"https:\/\/www.europesays.com\/no\/wp-content\/uploads\/2025\/12\/1765979648_44_1e24f0d3-a31a-453a-9ee3-069339de2f03\"  width=\"480\"\/><\/a><\/li>\n<li><a class=\"_link_ntbth_117\" href=\"https:\/\/www.vg.no\/forfatter\/herman-folvik\" style=\"z-index:1\" title=\"Herman Folvik\" rel=\"nofollow noopener\" target=\"_blank\"><img alt=\"Bilde av Herman Folvik\" class=\"_image_ntbth_93\" fetchpriority=\"low\" loading=\"lazy\" decoding=\"async\" itemprop=\"image\"  src=\"https:\/\/www.europesays.com\/no\/wp-content\/uploads\/2025\/12\/1765979649_644_b8d5eb91-9fa9-460c-b9f0-da310ffe35dd\"  width=\"480\"\/><\/a><\/li>\n<\/ul>\n<p> Oppdatert onsdag 17. desember kl. 14:51     <\/p>\n<p class=\"_paragraph_o9xde_4 _paragraph_xtcu6_10 layout-component text-serif-m layout-normal text-serif-m layout-padded\">Det bekrefter drammensklubben i en pressemelding onsdag ettermiddag.<\/p>\n<p class=\"_paragraph_o9xde_4 _paragraph_xtcu6_10 layout-component text-serif-m layout-normal text-serif-m layout-padded\">Nyheten kommer kort tid etter at b\u00e5de VG og Drammens Tidende <a href=\"https:\/\/www.vg.no\/sport\/i\/BxJ8bE\/opplysninger-til-vg-stroemsgodset-oensker-aa-kvitte-seg-med-dag-eilev-fagermo\" data-track-element-type=\"Link\" data-track-id=\"link:BxJ8bE\" class=\"_link_o9xde_39\" rel=\"nofollow noopener\" target=\"_blank\">meldte<\/a> at Str\u00f8msgodset \u00f8nsker \u00e5 kvitte seg med Fagermo, bare et halvt \u00e5r etter at 58-\u00e5ringen fikk jobben som hovedtrener.<\/p>\n<p class=\"_paragraph_o9xde_4 _paragraph_xtcu6_10 layout-component text-serif-m layout-normal text-serif-m layout-padded\">Det endte i h\u00f8st med <a href=\"https:\/\/www.vg.no\/sport\/i\/OoRmvw\/stroemsgodset-og-fagermo-rykket-ned-til-obos-ligaen\" data-track-element-type=\"Link\" data-track-id=\"link:OoRmvw\" class=\"_link_o9xde_39\" rel=\"nofollow noopener\" target=\"_blank\">nedrykk<\/a> fra <a href=\"https:\/\/www.vg.no\/tag\/eliteserien?utm_source=vg-article&amp;utm_medium=auto-tagger&amp;utm_campaign=bOKEkv\" class=\"_link_o9xde_39\" rel=\"nofollow noopener\" target=\"_blank\">Eliteserien<\/a>, og dermed er Godset et Obos-lag i 2026.<\/p>\n<p class=\"_paragraph_o9xde_4 _paragraph_xtcu6_10 layout-component text-serif-m layout-normal text-serif-m layout-padded\">I onsdagens pressemelding heter det blant annet: \u00abStr\u00f8msgodset Toppfotball har mottatt flere varsler som omhandler p\u00e5stander knyttet til trener Dag-Eilev Fagermos adferd. Varslene tas p\u00e5 alvor og h\u00e5ndteres i samsvar med klubbens etablerte rutiner for varsling, arbeidsmilj\u00f8 og internkontroll\u00bb.<\/p>\n<p class=\"_paragraph_o9xde_4 _paragraph_xtcu6_10 layout-component text-serif-m layout-normal text-serif-m layout-padded\">Og:<\/p>\n<p class=\"_paragraph_o9xde_4 _paragraph_xtcu6_10 layout-component text-serif-m layout-normal text-serif-m layout-padded\">\u00abFor \u00e5 sikre en grundig, uavhengig og rettferdig behandling av saken, har klubben engasjert ekstern ekspertise til \u00e5 gjennomf\u00f8re unders\u00f8kelser. Hensikten er \u00e5 etablere et best mulig faktagrunnlag og sikre at alle involverte parter blir h\u00f8rt p\u00e5 en forsvarlig m\u00e5te\u00bb<\/p>\n<p class=\"_paragraph_o9xde_4 _paragraph_xtcu6_10 layout-component text-serif-m layout-normal text-serif-m layout-padded\">Dag-Eilev Fagermo har ikke besvart VGs henvendelser onsdag. Han er blant annet konfrontert med at det skal ha kommet varsler mot ham. Treneren er for tiden sykemeldt.<\/p>\n<p class=\"_paragraph_o9xde_4 _paragraph_xtcu6_10 layout-component text-serif-m layout-normal text-serif-m layout-padded\">\u00abDe eksterne unders\u00f8kelsene gjennomf\u00f8res i tr\u00e5d med gjeldende lover og regler, samt anerkjent beste praksis\u00bb, skriver Str\u00f8msgodset, som ikke \u00f8nsker \u00e5 kommentere saken utover det som fremkommer p\u00e5 klubbens nettsider onsdag ettermiddag.<\/p>\n<p class=\"_paragraph_o9xde_4 _paragraph_xtcu6_10 layout-component text-serif-m layout-normal text-serif-m layout-padded\">Etter det VG forst\u00e5r skal det v\u00e6re bred misn\u00f8ye med 58-\u00e5ringen i flere leire internt i Str\u00f8msgodset. <\/p>\n<p class=\"_paragraph_o9xde_4 _paragraph_xtcu6_10 layout-component text-serif-m layout-normal text-serif-m layout-padded\">58-\u00e5ringen fikk i sommer en kontrakt som strakk seg ut 2027 da han signerte med Str\u00f8msgodset. <\/p>\n<p class=\"_paragraph_o9xde_4 _paragraph_xtcu6_10 layout-component text-serif-m layout-normal text-serif-m layout-padded\">Fagermo har tidligere trent Odd, V\u00e5lerenga og Lillestr\u00f8m blant annet.<\/p>\n","protected":false},"excerpt":{"rendered":"Str\u00f8msgodset har bestilt ekstern granskning etter flere varsler p\u00e5 sin egen hovedtrener. Foto: Terje Bendiksby \/ NTB Oppdatert&hellip;\n","protected":false},"author":2,"featured_media":115587,"comment_status":"","ping_status":"","sticky":false,"template":"","format":"standard","meta":{"footnotes":""},"categories":[5],"tags":[20,21,6935,134,24,25,15,19,22,23,17,18,13,30,28,29,14,16,1942,26,27],"class_list":{"0":"post-115586","1":"post","2":"type-post","3":"status-publish","4":"format-standard","5":"has-post-thumbnail","7":"category-overskrifter","8":"tag-breaking-news","9":"tag-breakingnews","10":"tag-dag-eilev-fagermo","11":"tag-eliteserien","12":"tag-featured-news","13":"tag-featurednews","14":"tag-headlines","15":"tag-hovedoppslag","16":"tag-latest-news","17":"tag-latestnews","18":"tag-main-news","19":"tag-mainnews","20":"tag-news","21":"tag-no","22":"tag-norge","23":"tag-norway","24":"tag-nyheter","25":"tag-overskrifter","26":"tag-stromsgodset-if","27":"tag-top-stories","28":"tag-topstories"},"share_on_mastodon":{"url":"https:\/\/pubeurope.com\/@no\/115735250169469914","error":""},"_links":{"self":[{"href":"https:\/\/www.europesays.com\/no\/wp-json\/wp\/v2\/posts\/115586","targetHints":{"allow":["GET"]}}],"collection":[{"href":"https:\/\/www.europesays.com\/no\/wp-json\/wp\/v2\/posts"}],"about":[{"href":"https:\/\/www.europesays.com\/no\/wp-json\/wp\/v2\/types\/post"}],"author":[{"embeddable":true,"href":"https:\/\/www.europesays.com\/no\/wp-json\/wp\/v2\/users\/2"}],"replies":[{"embeddable":true,"href":"https:\/\/www.europesays.com\/no\/wp-json\/wp\/v2\/comments?post=115586"}],"version-history":[{"count":0,"href":"https:\/\/www.europesays.com\/no\/wp-json\/wp\/v2\/posts\/115586\/revisions"}],"wp:featuredmedia":[{"embeddable":true,"href":"https:\/\/www.europesays.com\/no\/wp-json\/wp\/v2\/media\/115587"}],"wp:attachment":[{"href":"https:\/\/www.europesays.com\/no\/wp-json\/wp\/v2\/media?parent=115586"}],"wp:term":[{"taxonomy":"category","embeddable":true,"href":"https:\/\/www.europesays.com\/no\/wp-json\/wp\/v2\/categories?post=115586"},{"taxonomy":"post_tag","embeddable":true,"href":"https:\/\/www.europesays.com\/no\/wp-json\/wp\/v2\/tags?post=115586"}],"curies":[{"name":"wp","href":"https:\/\/api.w.org\/{rel}","templated":true}]}}