{"id":115596,"date":"2025-12-17T14:08:11","date_gmt":"2025-12-17T14:08:11","guid":{"rendered":"https:\/\/www.europesays.com\/no\/115596\/"},"modified":"2025-12-17T14:08:11","modified_gmt":"2025-12-17T14:08:11","slug":"det-er-et-problem-hvert-ar-nrk-troms-og-finnmark","status":"publish","type":"post","link":"https:\/\/www.europesays.com\/no\/115596\/","title":{"rendered":"\u2013 Det er et problem hvert \u00e5r \u2013 NRK Troms og Finnmark"},"content":{"rendered":"<p><strong>\u2013 Det er et problem hvert \u00e5r.<\/strong><\/p>\n<p>Det fastsl\u00e5r Ulf Stian Andersen. Han bor i Gargia i Alta, og tr\u00e5kker sn\u00f8skuterl\u00f8ypa opp Gargialia p\u00e5 vinterhalv\u00e5ret.<\/p>\n<p>Sist uke m\u00e5tte han rykke ut for \u00e5 hjelpe turister som hadde kj\u00f8rt seg fast i l\u00f8ypa med bil. Folk som kommer langveisfra tror l\u00f8ypa er for biler.<\/p>\n<p>\u2013 De hadde lagt p\u00e5 kjetting f\u00f8r de startet opp, sier Andersen.<\/p>\n<p>Ute var det rundt 20 minusgrader, if\u00f8lge Andersen.<\/p>\n<p>Det har hittil ikke v\u00e6rt noen alvorlige hendelser med turistene som er p\u00e5 villspor, men han har opplevd at turister har v\u00e6rt p\u00e5 vei til fjellet med sommertelt, dongeribukse og sm\u00e5sko.<\/p>\n<p>\u2013 Det er noen potensielle katastrofer vi berger, sier Andersen om utstyret som turistene har med seg mot fjellomr\u00e5det<a href=\"https:\/\/www.nrk.no\/tromsogfinnmark\/hundelop-i---40-effektive-kuldegrader-og-stiv-kuling-1.12143658\" ec-id=\"pp:article:1.12143658\" ec-name=\"Beask\u00e1\u0111as\" rel=\"nofollow noopener\" target=\"_blank\"> Beask\u00e1\u0111as<\/a>.<\/p>\n<p><img decoding=\"async\"   src=\"data:image\/gif;base64,R0lGODlhAQABAIAAAAAAAP\/\/\/yH5BAEAAAAALAAAAAABAAEAAAIBRAA7\" loading=\"eager\" alt=\"Sn\u00f8skuterl\u00f8ypa i Gargialia blir brukt som bilvei av enkelte turister\" title=\"Foto: Ulf Stian Andersen\"\/><\/p>\n<p class=\"\">Ulf Stian Andersen er klar p\u00e5 at de ikke kan ta p\u00e5 seg denne typen oppgaver uten \u00e5 f\u00e5 betalt. N\u00e5 krever de betaling f\u00f8r de bist\u00e5r turister p\u00e5 villspor i sn\u00f8skuterl\u00f8ypa.<\/p>\n<p>Foto: Ulf Stian Andersen<\/p>\n<p>P\u00e5 vei til canyon<\/p>\n<p>\u00d8kningen av vinterturister betyr at de har f\u00e5tt mer \u00e5 gj\u00f8re i Gargia.<\/p>\n<p>\u2013 Det er 7\u20138 stykker hver vinter som har startet opp l\u00f8ypa, sier Andersen.<\/p>\n<p>\u2013 Det er turister som starter fra Troms\u00f8 med leiebil. De bruker Google for \u00e5 finne fram, sier altav\u00e6ringen.<\/p>\n<p>Turistene \u00f8nsker \u00e5 oppleve Alta canyon, som er en popul\u00e6r tur i sommerhalv\u00e5ret.<\/p>\n<p>\u2013 Vi tr\u00e5kker for fine l\u00f8yper i Gargia, sier Andersen med et glimt i \u00f8yet.<\/p>\n<p><img decoding=\"async\"   src=\"data:image\/gif;base64,R0lGODlhAQABAIAAAAAAAP\/\/\/yH5BAEAAAAALAAAAAABAAEAAAIBRAA7\" loading=\"eager\" alt=\"Dronebilder av Alta Canyon og Alta\/Kautokeino vassdraget&#10;Lagt opp av n17184 (Kai Erik Bull)&#10;Se i Potion: https:\/\/potion.felles.ds.nrk.no\/program\/7ef36a1e-948d-4234-b36a-1e948d0234f8\/pub\/7ef36a1e-948d-4234-b36a-1e948d0234f8\" title=\"\"\/><\/p>\n<p class=\"no-credit\">Alta Canyon og Altaelva er et popul\u00e6rt turm\u00e5l, og s\u00e6rlig i sommerhalv\u00e5ret.<\/p>\n<p>Krever betaling<\/p>\n<p>I all hovedsak er oppgavene til Ulf Stian Andersen og hans kolleger \u00e5 tr\u00e5kke sn\u00f8skuterl\u00f8ypa opp Gargialia for en lokal reiselivsbedrift.<\/p>\n<p>Andersen er klar p\u00e5 at de ikke tar p\u00e5 seg denne typen redningsoppdrag gratis, for han har opplevd at turister har kj\u00f8rt fra regningen.<\/p>\n<p>\u2013 Vi tar betalt og de som f\u00e5r hjelp m\u00e5 signere p\u00e5 at vi ikke kan ta ansvar om bilen blir skadet. S\u00e5 man r\u00f8rer ikke bilen f\u00f8r de har betalt.<\/p>\n<p>I vinter har de ogs\u00e5 startet en dialog med en lokal redningstjeneste for \u00e5 f\u00e5 p\u00e5 plass en formell avtale p\u00e5 denne typen redningsoppdrag i skuterl\u00f8ypa.<\/p>\n<p><img decoding=\"async\"   src=\"data:image\/gif;base64,R0lGODlhAQABAIAAAAAAAP\/\/\/yH5BAEAAAAALAAAAAABAAEAAAIBRAA7\" loading=\"eager\" alt=\"Bil kj\u00f8rte seg fast i sn\u00f8skuterl\u00f8ype.\" title=\"Foto: Ulf Stian Andersen\"\/><\/p>\n<p class=\"\">Mange av de som pr\u00f8ver \u00e5 kj\u00f8re opp i skuterl\u00f8ypa har heller ikke kl\u00e6r etter utstyr for vinterv\u00e6ret i Finnmark.<\/p>\n<p>Foto: Ulf Stian Andersen<\/p>\n<p>Har det verre i Troms\u00f8<\/p>\n<p>Selv om Ulf Stian Andersen og de andre beboerne i Gargia har bist\u00e5tt turister i desember, s\u00e5 mener han at det er <a href=\"https:\/\/www.nrk.no\/nyheter\/turister-kjorte-seg-fast-i-skiloype-i-tromso-1.17658608\" ec-id=\"pp:article:1.17658608\" ec-name=\"andre turistdestinasjoner\" rel=\"nofollow noopener\" target=\"_blank\">andre turistdestinasjoner<\/a> som har flere oppdrag av denne typen enn dem.<\/p>\n<p>\u2013 Det er mye mer turister i Troms\u00f8. Der er de enda mer plaget med dette. Mange kj\u00f8rer i skil\u00f8ypene og alpinanlegg der, sier Andersen.<\/p>\n<p>Han er ganske sikker p\u00e5 at det blir flere redningsoppdrag framover.<\/p>\n<p>Publisert<\/p>\n<p>17.12.2025, kl. 12.26<\/p>\n","protected":false},"excerpt":{"rendered":"\u2013 Det er et problem hvert \u00e5r. Det fastsl\u00e5r Ulf Stian Andersen. Han bor i Gargia i Alta,&hellip;\n","protected":false},"author":2,"featured_media":115597,"comment_status":"","ping_status":"","sticky":false,"template":"","format":"standard","meta":{"footnotes":""},"categories":[10],"tags":[20,21,24,25,15,22,23,13,30,28,29,14,16,26,27],"class_list":{"0":"post-115596","1":"post","2":"type-post","3":"status-publish","4":"format-standard","5":"has-post-thumbnail","7":"category-norge","8":"tag-breaking-news","9":"tag-breakingnews","10":"tag-featured-news","11":"tag-featurednews","12":"tag-headlines","13":"tag-latest-news","14":"tag-latestnews","15":"tag-news","16":"tag-no","17":"tag-norge","18":"tag-norway","19":"tag-nyheter","20":"tag-overskrifter","21":"tag-top-stories","22":"tag-topstories"},"share_on_mastodon":{"url":"https:\/\/pubeurope.com\/@no\/115735304926548947","error":""},"_links":{"self":[{"href":"https:\/\/www.europesays.com\/no\/wp-json\/wp\/v2\/posts\/115596","targetHints":{"allow":["GET"]}}],"collection":[{"href":"https:\/\/www.europesays.com\/no\/wp-json\/wp\/v2\/posts"}],"about":[{"href":"https:\/\/www.europesays.com\/no\/wp-json\/wp\/v2\/types\/post"}],"author":[{"embeddable":true,"href":"https:\/\/www.europesays.com\/no\/wp-json\/wp\/v2\/users\/2"}],"replies":[{"embeddable":true,"href":"https:\/\/www.europesays.com\/no\/wp-json\/wp\/v2\/comments?post=115596"}],"version-history":[{"count":0,"href":"https:\/\/www.europesays.com\/no\/wp-json\/wp\/v2\/posts\/115596\/revisions"}],"wp:featuredmedia":[{"embeddable":true,"href":"https:\/\/www.europesays.com\/no\/wp-json\/wp\/v2\/media\/115597"}],"wp:attachment":[{"href":"https:\/\/www.europesays.com\/no\/wp-json\/wp\/v2\/media?parent=115596"}],"wp:term":[{"taxonomy":"category","embeddable":true,"href":"https:\/\/www.europesays.com\/no\/wp-json\/wp\/v2\/categories?post=115596"},{"taxonomy":"post_tag","embeddable":true,"href":"https:\/\/www.europesays.com\/no\/wp-json\/wp\/v2\/tags?post=115596"}],"curies":[{"name":"wp","href":"https:\/\/api.w.org\/{rel}","templated":true}]}}