{"id":115598,"date":"2025-12-17T14:09:13","date_gmt":"2025-12-17T14:09:13","guid":{"rendered":"https:\/\/www.europesays.com\/no\/115598\/"},"modified":"2025-12-17T14:09:13","modified_gmt":"2025-12-17T14:09:13","slug":"erling-braut-haaland-og-martin-odegaard-nominert","status":"publish","type":"post","link":"https:\/\/www.europesays.com\/no\/115598\/","title":{"rendered":"Erling Braut Haaland og Martin \u00d8degaard nominert"},"content":{"rendered":"\n<p class=\"_lead_o9xde_2 _lead_xtcu6_50 layout-component text-serif-m layout-normal text-serif-l layout-component layout-wide layout-padded _wide_17hqh_1 layout-padded\">Fotballherrenes suksess gjenspeiler seg i nominasjonene til Idrettsgallaen i 2026.<\/p>\n<p><img alt=\"Erling Braut Haaland kan score nok et hattrick p\u00e5 Idrettsgallaen p\u00e5 ny\u00e5ret. Foto: Bj\u00f8rn S. Delebekk \/ VG\" class=\"_image_qp4xg_65 layout-component layout-wide\" data-fullscreen- data-track-element-type=\"Article image fullscreen\" data-track-name=\"ImageFullscreen\" fetchpriority=\"high\" decoding=\"sync\" loading=\"eager\" height=\"4498\" itemprop=\"image\"  src=\"https:\/\/www.europesays.com\/no\/wp-content\/uploads\/2025\/12\/f1771e48-9ffb-42f0-9e13-409ef1428dde\"  style=\"object-position:0% 0%\" width=\"6370\"\/>Erling Braut Haaland kan score nok et hattrick p\u00e5 Idrettsgallaen p\u00e5 ny\u00e5ret. Foto: Bj\u00f8rn S. Delebekk \/ VG<\/p>\n<ul aria-hidden=\"true\" class=\"_images_ntbth_112\">\n<li><a class=\"_link_ntbth_117\" href=\"https:\/\/www.vg.no\/forfatter\/mads-thygesen\" style=\"z-index:2\" title=\"Mads Thygesen\" rel=\"nofollow noopener\" target=\"_blank\"><img alt=\"Bilde av Mads Thygesen\" class=\"_image_ntbth_93\" fetchpriority=\"low\" loading=\"lazy\" decoding=\"async\" itemprop=\"image\"  src=\"https:\/\/www.europesays.com\/no\/wp-content\/uploads\/2025\/12\/1765980552_568_d82576b6-c31c-43fc-a223-28ce8745295c\"  width=\"480\"\/><\/a><\/li>\n<li><a class=\"_link_ntbth_117\" href=\"https:\/\/www.vg.no\/forfatter\/ntb\" style=\"z-index:1\" title=\"NTB\" rel=\"nofollow noopener\" target=\"_blank\"><img alt=\"Bilde av NTB\" class=\"_image_ntbth_93\" fetchpriority=\"low\" loading=\"lazy\" decoding=\"async\" itemprop=\"image\"  src=\"https:\/\/www.europesays.com\/no\/wp-content\/uploads\/2025\/12\/1765980553_696_c33980b0-5d07-4027-84a1-813f90a7c8d6\"  width=\"480\"\/><\/a><\/li>\n<\/ul>\n<p> Oppdatert onsdag 17. desember kl. 12:18    <\/p>\n<ul class=\"_list_o9xde_3 _list_64s2r_85 _unordered_o9xde_106 text-sans-m\">\n<li class=\"_item_o9xde_30\">Fotballherrenes suksess speiles i nominasjonene til Idrettsgallaen 2026.<\/li>\n<li class=\"_item_o9xde_30\">Haaland og \u00d8degaard nominert til \u00e5rets mannlige ut\u00f8ver, mens landslaget er nominert til \u00e5rets lag.<\/li>\n<li class=\"_item_o9xde_30\">St\u00e5le Solbakken og Kjetil Knutsen kjemper om \u00e5rets trener.<\/li>\n<li class=\"_item_o9xde_30\">Prisutdelingen finner sted 10. januar i Hamar.<\/li>\n<\/ul>\n<p>Vis mer  <\/p>\n<p class=\"_paragraph_o9xde_4 _paragraph_xtcu6_10 layout-component text-serif-m layout-normal text-serif-m layout-padded\">Juryen har siden oktober, og helt frem til i dag, vurdert kandidatene til de ulike prisene. <\/p>\n<p class=\"_paragraph_o9xde_4 _paragraph_xtcu6_10 layout-component text-serif-m layout-normal text-serif-m layout-padded\">Vinnerne blir k\u00e5ret under Idrettsgallaen p\u00e5 Hamar l\u00f8rdag 10. januar 2026, skriver Norges idrettsforbund i en pressemelding.<\/p>\n<p class=\"_paragraph_o9xde_4 _paragraph_xtcu6_10 layout-component text-serif-m layout-normal text-serif-m layout-padded\">\u2013 2025 har v\u00e6rt et flott \u00e5r for norsk toppidrett. Nominasjonene til idrettsgallaen preges delvis av et fantastisk ski-VM p\u00e5 hjemmebane, men ogs\u00e5 et imponerende toppidrettsmangfold. Det er stor bredde innen norsk toppidrett, og Norge presterer godt b\u00e5de sommer og vinter, sier Tore \u00d8vreb\u00f8, juryleder for idrettsgallaens hovedjury.<\/p>\n<p class=\"_paragraph_o9xde_4 _paragraph_xtcu6_10 layout-component text-serif-m layout-normal text-serif-m layout-padded\">Hovedjuryen best\u00e5r av Suzann Pettersen, Hanne Haugland, Ragnhild Haga, Ola By Rise og Reidar Sollie, i tillegg til \u00d8vreb\u00f8.<\/p>\n<p>De nominerte til \u00e5rets mannlige ut\u00f8ver<\/p>\n<ul class=\"_list_o9xde_3 _list_xtcu6_9 _list_16v91_9 _unordered_o9xde_106 layout-component text-serif-m layout-normal text-sans-m layout-padded\">\n<li class=\"_item_o9xde_30\">Johannes Thingnes B\u00f8, skiskyting<\/li>\n<li class=\"_item_o9xde_30\">Sander Eitrem, sk\u00f8yter<\/li>\n<li class=\"_item_o9xde_30\">Kasper Harlem Fosser, orientering<\/li>\n<li class=\"_item_o9xde_30\">Erling Braut Haaland, fotball\u00a0<\/li>\n<li class=\"_item_o9xde_30\">Jakob Ingebrigtsen, friidrett<\/li>\n<li class=\"_item_o9xde_30\">Johannes H\u00f8sflot Kl\u00e6bo, langrenn<\/li>\n<li class=\"_item_o9xde_30\">Peder Kongshaug, sk\u00f8yter<\/li>\n<li class=\"_item_o9xde_30\">Sturla Holm L\u00e6greid, skiskyting<\/li>\n<li class=\"_item_o9xde_30\">Kristoffer Reitan, golf<\/li>\n<li class=\"_item_o9xde_30\">Jarl Magnus Riiber, kombinert<\/li>\n<li class=\"_item_o9xde_30\">Birk Ruud, freeski<\/li>\n<li class=\"_item_o9xde_30\">Sander Aae Skotheim, friidrett<\/li>\n<li class=\"_item_o9xde_30\">Casper Stornes, triatlon<\/li>\n<li class=\"_item_o9xde_30\">Martin \u00d8degaard, fotball<\/li>\n<\/ul>\n<p>Vis mer   <\/p>\n<p class=\"_paragraph_o9xde_4 _paragraph_xtcu6_10 layout-component text-serif-m layout-normal text-serif-m layout-padded\">Blant annet er Erling Braut Haaland og Martin \u00d8degaard nominert til prisen som \u00e5rets mannlige ut\u00f8ver. <\/p>\n<p class=\"_paragraph_o9xde_4 _paragraph_xtcu6_10 layout-component text-serif-m layout-normal text-serif-m layout-padded\">Haaland er ogs\u00e5 nominert til \u00e5rets navn, mens fotballandslaget for menn er nominert til \u00e5rets lag. Landslagets- og Arsenals kaptein Martin \u00d8degaard er ogs\u00e5 nominert til prisen for \u00e5rets mannlige ut\u00f8ver.<\/p>\n<p class=\"_paragraph_o9xde_4 _paragraph_xtcu6_10 layout-component text-serif-m layout-normal text-serif-m layout-padded\">Kapteinen har st\u00e5tt i spissen for landslaget som kvalifiserte seg til fotball-VM for f\u00f8rste gang p\u00e5 27 \u00e5r, selv om han ikke var \u00e5 se p\u00e5 banen da mesterskapsplassen ble sikret borte mot Italia.<\/p>\n<p>De nominerte til \u00e5rets lag:<\/p>\n<ul class=\"_list_o9xde_3 _list_xtcu6_9 _list_16v91_9 _unordered_o9xde_106 layout-component text-serif-m layout-normal text-sans-m layout-padded\">\n<li class=\"_item_o9xde_30\">Beachvolleygutta, sandvolleyball<\/li>\n<li class=\"_item_o9xde_30\">Bod\u00f8\/Glimt, fotball<\/li>\n<li class=\"_item_o9xde_30\">Fotballandslaget, herrer, fotball<\/li>\n<li class=\"_item_o9xde_30\">H\u00e5ndballjentene, h\u00e5ndball<\/li>\n<li class=\"_item_o9xde_30\">Uno-X, sykkellag, sykkel<\/li>\n<\/ul>\n<p>Vis mer<\/p>\n<p class=\"_paragraph_o9xde_4 _paragraph_xtcu6_10 layout-component text-serif-m layout-normal text-serif-m layout-padded\">I tillegg er St\u00e5le Solbakken med i kampen om \u00e5 bli \u00e5rets trener. Kjetil Knutsen, som kvalifiserte Bod\u00f8\/Glimt til Champions League er ogs\u00e5 nominert.<\/p>\n<p class=\"_paragraph_o9xde_4 _paragraph_xtcu6_10 layout-component text-serif-m layout-normal text-serif-m layout-padded\">Det er ogs\u00e5 h\u00e5ndballjentenes landslagssjef Ole Gustav Gjekstad, som nylig vant EM-gull i sin mesterskapsdebut som trener.<\/p>\n<p class=\"_paragraph_o9xde_4 _paragraph_xtcu6_10 layout-component text-serif-m layout-normal text-serif-m layout-padded\">Det skal deles ut priser i tolv kategorier p\u00e5 Idrettsgallaen.<\/p>\n<p><img alt=\"St\u00e5le Solbakken er nominert til \u00c5rets trener.  Foto: Lise \u00c5serud \/ NTB\" class=\"_image_qp4xg_65 layout-component layout-normal\" data-fullscreen- data-track-element-type=\"Article image fullscreen\" data-track-name=\"ImageFullscreen\" decoding=\"async\" loading=\"lazy\" height=\"2454\" itemprop=\"image\"  src=\"https:\/\/www.europesays.com\/no\/wp-content\/uploads\/2025\/12\/39c287f3-770f-40ac-8a69-e18e916d821f\"  style=\"object-position:0% 0%\" width=\"3670\"\/>St\u00e5le Solbakken er nominert til \u00c5rets trener.  Foto: Lise \u00c5serud \/ NTBDe nominerte til \u00e5rets trener:<\/p>\n<ul class=\"_list_o9xde_3 _list_xtcu6_9 _list_16v91_9 _unordered_o9xde_106 layout-component text-serif-m layout-normal text-sans-m layout-padded\">\n<li class=\"_item_o9xde_30\">Ole Gustav Gjekstad, h\u00e5ndball<\/li>\n<li class=\"_item_o9xde_30\">Unn Merete Lie J\u00e6ger, friidrett<\/li>\n<li class=\"_item_o9xde_30\">Kjetil Knutsen, fotball<\/li>\n<li class=\"_item_o9xde_30\">Siegfried Mazet\/Egil Kristiansen, skiskyting<\/li>\n<li class=\"_item_o9xde_30\">Arild Monsen og Eirik Myhr Nossum, langrenn<\/li>\n<li class=\"_item_o9xde_30\">Bjarne Rykkje, sk\u00f8yter<\/li>\n<li class=\"_item_o9xde_30\">Janne Salmi, orientering<\/li>\n<li class=\"_item_o9xde_30\">St\u00e5le Solbakken, fotball<\/li>\n<\/ul>\n<p>Vis mer<\/p>\n<p class=\"_paragraph_o9xde_4 _paragraph_xtcu6_10 layout-component text-serif-m layout-normal text-serif-m layout-padded\">Prisen for \u00e5rets navn er det en folkejury som bestemmer, basert p\u00e5 nominasjoner fra hovedjuryen. Selve k\u00e5ringen skjer under gallaen p\u00e5 NRKs plattformer. <\/p>\n<p class=\"_paragraph_o9xde_4 _paragraph_xtcu6_10 layout-component text-serif-m layout-normal text-serif-m layout-padded\">Blant de nominerte er h\u00e5ndballm\u00e5lvakt Katrine Lunde, som nylig spilte sin siste mesterskapskamp for h\u00e5ndballjentene.<\/p>\n<p class=\"_paragraph_o9xde_4 _paragraph_xtcu6_10 layout-component text-serif-m layout-normal text-serif-m layout-padded\">De nominerte reduseres til et mindre finalefelt under selve idrettsgallaen.<\/p>\n<p>De nominerte til \u00e5rets navn:<\/p>\n<ul class=\"_list_o9xde_3 _list_xtcu6_9 _list_16v91_9 _unordered_o9xde_106 layout-component text-serif-m layout-normal text-sans-m layout-padded\">\n<li class=\"_item_o9xde_30\">Bod\u00f8\/Glimt, fotball<\/li>\n<li class=\"_item_o9xde_30\">Johannes Thingnes B\u00f8, skiskyting<\/li>\n<li class=\"_item_o9xde_30\">Jeanette Hegg Duestad, skyting<\/li>\n<li class=\"_item_o9xde_30\">Fotballandslaget, herrer, fotball<\/li>\n<li class=\"_item_o9xde_30\">Erling Braut Haaland, fotball<\/li>\n<li class=\"_item_o9xde_30\">H\u00e5ndballjentene, h\u00e5ndball<\/li>\n<li class=\"_item_o9xde_30\">Jakob Ingebrigtsen, friidrett<\/li>\n<li class=\"_item_o9xde_30\">Therese Johaug, langrenn<\/li>\n<li class=\"_item_o9xde_30\">Salum Kashafali, friidrett<\/li>\n<li class=\"_item_o9xde_30\">Johannes H\u00f8sflot Kl\u00e6bo, langrenn<\/li>\n<li class=\"_item_o9xde_30\">Solfrid Koanda, vektl\u00f8fting<\/li>\n<li class=\"_item_o9xde_30\">Katrine Lunde, h\u00e5ndball<\/li>\n<li class=\"_item_o9xde_30\">Solveig L\u00f8vseth, triatlon<\/li>\n<li class=\"_item_o9xde_30\">Frida Maanum, fotball<\/li>\n<li class=\"_item_o9xde_30\">Vilde Nilsen, langrenn<\/li>\n<li class=\"_item_o9xde_30\">Jarl Magnus Riiber, kombinert<\/li>\n<\/ul>\n<p>Vis mer    <\/p>\n","protected":false},"excerpt":{"rendered":"Fotballherrenes suksess gjenspeiler seg i nominasjonene til Idrettsgallaen i 2026. Erling Braut Haaland kan score nok et hattrick&hellip;\n","protected":false},"author":2,"featured_media":115599,"comment_status":"","ping_status":"","sticky":false,"template":"","format":"standard","meta":{"footnotes":""},"categories":[5],"tags":[20,21,24,25,15,19,13569,22,23,17,18,13,30,28,29,14,16,26,27],"class_list":{"0":"post-115598","1":"post","2":"type-post","3":"status-publish","4":"format-standard","5":"has-post-thumbnail","7":"category-overskrifter","8":"tag-breaking-news","9":"tag-breakingnews","10":"tag-featured-news","11":"tag-featurednews","12":"tag-headlines","13":"tag-hovedoppslag","14":"tag-idrettsgallaen","15":"tag-latest-news","16":"tag-latestnews","17":"tag-main-news","18":"tag-mainnews","19":"tag-news","20":"tag-no","21":"tag-norge","22":"tag-norway","23":"tag-nyheter","24":"tag-overskrifter","25":"tag-top-stories","26":"tag-topstories"},"share_on_mastodon":{"url":"https:\/\/pubeurope.com\/@no\/115735309241336159","error":""},"_links":{"self":[{"href":"https:\/\/www.europesays.com\/no\/wp-json\/wp\/v2\/posts\/115598","targetHints":{"allow":["GET"]}}],"collection":[{"href":"https:\/\/www.europesays.com\/no\/wp-json\/wp\/v2\/posts"}],"about":[{"href":"https:\/\/www.europesays.com\/no\/wp-json\/wp\/v2\/types\/post"}],"author":[{"embeddable":true,"href":"https:\/\/www.europesays.com\/no\/wp-json\/wp\/v2\/users\/2"}],"replies":[{"embeddable":true,"href":"https:\/\/www.europesays.com\/no\/wp-json\/wp\/v2\/comments?post=115598"}],"version-history":[{"count":0,"href":"https:\/\/www.europesays.com\/no\/wp-json\/wp\/v2\/posts\/115598\/revisions"}],"wp:featuredmedia":[{"embeddable":true,"href":"https:\/\/www.europesays.com\/no\/wp-json\/wp\/v2\/media\/115599"}],"wp:attachment":[{"href":"https:\/\/www.europesays.com\/no\/wp-json\/wp\/v2\/media?parent=115598"}],"wp:term":[{"taxonomy":"category","embeddable":true,"href":"https:\/\/www.europesays.com\/no\/wp-json\/wp\/v2\/categories?post=115598"},{"taxonomy":"post_tag","embeddable":true,"href":"https:\/\/www.europesays.com\/no\/wp-json\/wp\/v2\/tags?post=115598"}],"curies":[{"name":"wp","href":"https:\/\/api.w.org\/{rel}","templated":true}]}}