{"id":115617,"date":"2025-12-17T14:31:11","date_gmt":"2025-12-17T14:31:11","guid":{"rendered":"https:\/\/www.europesays.com\/no\/115617\/"},"modified":"2025-12-17T14:31:11","modified_gmt":"2025-12-17T14:31:11","slug":"politikk-arbeiderpartiet-auf-leder-kristine-20-reagerer-pa-aps-nye-innvandringspolitikk-veldig-overraskende-tonsbergs-blad","status":"publish","type":"post","link":"https:\/\/www.europesays.com\/no\/115617\/","title":{"rendered":"Politikk, Arbeiderpartiet | AUF-leder Kristine (20) reagerer p\u00e5 Aps nye innvandringspolitikk: \u2013 Veldig overraskende &#8211; T\u00f8nsbergs Blad"},"content":{"rendered":"<ol>\n<li><a href=\"https:\/\/news.google.com\/rss\/articles\/CBMitgFBVV95cUxPc0tJazBlVTFJaklwbTFhT1R3VzdKUWZpeURGWEEzVGRiYjhwMWR4UDRvd253Z1IxM3ZtZ1BDY1JPQnNVbUtQdi0tVE5VRG5GZ3kwN041c1BlcFlmNFRxTThXeVVSTWJZWU53ZFhtRjJCQWtmRDNHVzFvWmo3dnkzd2ZhVFRkMUFGd3pBSGhMeU45NVZ2dTU5UTlPUWJ0bldtNk91aWdGbW5SR3ZTd1Qya0NnbDlRZw?oc=5\" target=\"_blank\" rel=\"nofollow noopener\">Politikk, Arbeiderpartiet | AUF-leder Kristine (20) reagerer p\u00e5 Aps nye innvandringspolitikk: \u2013 Veldig overraskende<\/a>&nbsp;&nbsp;T\u00f8nsbergs Blad<\/li>\n<li><a href=\"https:\/\/news.google.com\/rss\/articles\/CBMiyAFBVV95cUxQZk5rZkZhalYyMnlIeTN2RGtUWGZ0T0NMTUJhQ3Nrc0dRZkZKSjNyeTBzcVZsQnh1LTRTalBFdGpMbnhMdFVKY2FrcDRRR09wbndodXN4aVU2cmZBY0l5LVVRYjBWVHZIYWFnMF9lV3VRNnZLQXJVS3VjQTh1Yk1FaVY1SjhJMnRHOFdTcnROMXlNRlJnbVZ1T1ZyQ1kxbkZCWmNsLVVjOW1kWnpPUk9QR3JCRndYdFlBZURwbkUyVUFDdVlrTm5DVw?oc=5\" target=\"_blank\" rel=\"nofollow noopener\">St\u00f8re forsvarer innvandringsgrep: M\u00e5 f\u00f8lge nabolandene<\/a>&nbsp;&nbsp;adressa.no<\/li>\n<li><a href=\"https:\/\/news.google.com\/rss\/articles\/CBMic0FVX3lxTE84UWxpSFZxc0ZmQ0RUb1k1N0RVbjQ3ZU5ZcWxUd1Nva2FMa3FraFl2ZnZnaWRKNXBWQVViRk5VLXkyUkRWUVVkc3R2X3BHWW9yekFnUXc1T3EyeGNtbEtBUFdSLWlQQnoweUFwellOZ1JUUTQ?oc=5\" target=\"_blank\" rel=\"nofollow noopener\">Uroes av innstramming<\/a>&nbsp;&nbsp;Klassekampen<\/li>\n<li><a href=\"https:\/\/news.google.com\/rss\/articles\/CBMi9AFBVV95cUxNd2ZNeVNiOVJ5Y3lObkhEcjVyR2JsTUtlMjFNbmVLb3NOT3BZYTI2ek9veElhWFFPYWRkMWV6T21jM3JhNkI1NWdBOUdGZTVXeXJabVNJYWZxM3pwZnZRX2l6OWx6QjB3bXdLellaLU0zQkVWM3FNZE5YNC1DcTZrZ21Gd25sMlNVMjZFOVZPUDlEb2hGVjU3YnhvdV93QXdXMFBoeVJnQnZnR1VKa2JwMUlWZWp6cWF5VFVUeXdlMDR1ZHk1RE45RlNBVDVsZUxFWlFNb295aW9GZ0pwVzdaVmJTZ1F6RHNNU2VQUkR2akkzYXhm?oc=5\" target=\"_blank\" rel=\"nofollow noopener\">SV-nestleder: Ikke behov for strengere innvandringspolitikk i Norge<\/a>&nbsp;&nbsp;Nettavisen<\/li>\n<li><a href=\"https:\/\/news.google.com\/rss\/articles\/CBMiqwFBVV95cUxPSENhMWpqTGduaEZwUXhBdWJXR0h1ZUNpMlpwdGJkYlpyX1o1bkFrZUVuSUktV0VubDJTdU15cnpuSDBPZzhZRVFZbGZpRy1OUjFZY3BBc1ZXXzdVNkpxcUcwMmVoSnFUbUh1T1pfTEduX05pUWNveFpYdW9OWGxvUmFXcnluZHlwcW45VDNJQzMtSDJDaDZxZkoxd2VjbWNxcXZOa2o0b1ZVbk0?oc=5\" target=\"_blank\" rel=\"nofollow noopener\">St\u00f8re strammer inn innvandringspolitikken<\/a>&nbsp;&nbsp;VG<\/li>\n<\/ol>\n","protected":false},"excerpt":{"rendered":"Politikk, Arbeiderpartiet | AUF-leder Kristine (20) reagerer p\u00e5 Aps nye innvandringspolitikk: \u2013 Veldig overraskende&nbsp;&nbsp;T\u00f8nsbergs Blad St\u00f8re forsvarer innvandringsgrep:&hellip;\n","protected":false},"author":2,"featured_media":115618,"comment_status":"","ping_status":"","sticky":false,"template":"","format":"standard","meta":{"footnotes":""},"categories":[10],"tags":[20,21,24,25,15,22,23,13,30,28,29,14,16,26,27],"class_list":{"0":"post-115617","1":"post","2":"type-post","3":"status-publish","4":"format-standard","5":"has-post-thumbnail","7":"category-norge","8":"tag-breaking-news","9":"tag-breakingnews","10":"tag-featured-news","11":"tag-featurednews","12":"tag-headlines","13":"tag-latest-news","14":"tag-latestnews","15":"tag-news","16":"tag-no","17":"tag-norge","18":"tag-norway","19":"tag-nyheter","20":"tag-overskrifter","21":"tag-top-stories","22":"tag-topstories"},"share_on_mastodon":{"url":"https:\/\/pubeurope.com\/@no\/115735395269858422","error":""},"_links":{"self":[{"href":"https:\/\/www.europesays.com\/no\/wp-json\/wp\/v2\/posts\/115617","targetHints":{"allow":["GET"]}}],"collection":[{"href":"https:\/\/www.europesays.com\/no\/wp-json\/wp\/v2\/posts"}],"about":[{"href":"https:\/\/www.europesays.com\/no\/wp-json\/wp\/v2\/types\/post"}],"author":[{"embeddable":true,"href":"https:\/\/www.europesays.com\/no\/wp-json\/wp\/v2\/users\/2"}],"replies":[{"embeddable":true,"href":"https:\/\/www.europesays.com\/no\/wp-json\/wp\/v2\/comments?post=115617"}],"version-history":[{"count":0,"href":"https:\/\/www.europesays.com\/no\/wp-json\/wp\/v2\/posts\/115617\/revisions"}],"wp:featuredmedia":[{"embeddable":true,"href":"https:\/\/www.europesays.com\/no\/wp-json\/wp\/v2\/media\/115618"}],"wp:attachment":[{"href":"https:\/\/www.europesays.com\/no\/wp-json\/wp\/v2\/media?parent=115617"}],"wp:term":[{"taxonomy":"category","embeddable":true,"href":"https:\/\/www.europesays.com\/no\/wp-json\/wp\/v2\/categories?post=115617"},{"taxonomy":"post_tag","embeddable":true,"href":"https:\/\/www.europesays.com\/no\/wp-json\/wp\/v2\/tags?post=115617"}],"curies":[{"name":"wp","href":"https:\/\/api.w.org\/{rel}","templated":true}]}}