{"id":115637,"date":"2025-12-17T15:02:11","date_gmt":"2025-12-17T15:02:11","guid":{"rendered":"https:\/\/www.europesays.com\/no\/115637\/"},"modified":"2025-12-17T15:02:11","modified_gmt":"2025-12-17T15:02:11","slug":"politi-e10-to-unge-menn-omkom-i-trafikkulykke-pa-e10-na-har-politiet-konkludert-lofotposten","status":"publish","type":"post","link":"https:\/\/www.europesays.com\/no\/115637\/","title":{"rendered":"Politi, E10 | To unge menn omkom i trafikkulykke p\u00e5 E10 \u2013 n\u00e5 har politiet konkludert &#8211; Lofotposten"},"content":{"rendered":"<ol>\n<li><a href=\"https:\/\/news.google.com\/rss\/articles\/CBMirwFBVV95cUxPdXBESXlpUExFLWFncFAza1NYSURZNWJVRk5lQmF5TzROQW5OOWhfQ2U3dzR3emF4T3J0MktJZWVZTDB6b0tNanUtaHkyNWtGa3pXOGNBLXl3NW1EWTBrdzIxTjlMWHR0dTFqMFNrV284cHVoczdVcXEtcnRoQVNESDlkQUVKQzlTbFEzRkpEUTZDdXpiYmc5NGk3QWZZV2s2UFdZY1RYODVnclZNTEhZ?oc=5\" target=\"_blank\" rel=\"nofollow noopener\">Politi, E10 | To unge menn omkom i trafikkulykke p\u00e5 E10 \u2013 n\u00e5 har politiet konkludert<\/a>&nbsp;&nbsp;Lofotposten<\/li>\n<li><a href=\"https:\/\/news.google.com\/rss\/articles\/CBMioAFBVV95cUxNZk9ibU1BTWJnc2s5bmdxd2tiQmFGWTgtVFJSQnRhdjBvdjVmUWdPVU4yNW03bFBVTXZVaU11Nmk5MjJoa2VfamVfbDdjd3dvZFNRS2EtWFBXbDNza2cwT1dLeFBBOG9mU3dObU95SnJYeFYxSlYxMnlrMUNscXlnOUd3bWE3YmdNUjVxQ1R5dlhQd0daYzlLc1cxNUlvTng0?oc=5\" target=\"_blank\" rel=\"nofollow noopener\">D\u00f8dsulykken p\u00e5 E10 over Bj\u00f8rnfjell: Politiet henlegger saken<\/a>&nbsp;&nbsp;NRK<\/li>\n<li><a href=\"https:\/\/news.google.com\/rss\/articles\/CBMiqgFBVV95cUxQLTJnZDVjajZyQXA1alB4Y2k5NVVVOS1nWFhEOExLdk8yT2dOLWJkLXo2dUQyU0pOWlB3ZHJiUDJVTFZ3Z0FyUUJqanU2dFJ1Z0ZSUEFaaVRKVEpjaEZDcHY3bktmaGdRSkNySkJqNlBZakpxSDZId1h4ZlFfckJlanh1TFlKTE1LZl9BNGV4TVFKNllaUVBkOS1Qc2dIUDA2Q3JXVGw1LUFMZw?oc=5\" target=\"_blank\" rel=\"nofollow noopener\">Ulykke, Bj\u00f8rnfjell | Politiet om Bj\u00f8rnfjellulykka: \u2013 Bileier kj\u00f8rte og h\u00f8y fart var \u00e5rsaken<\/a>&nbsp;&nbsp;Fremover<\/li>\n<li><a href=\"https:\/\/news.google.com\/rss\/articles\/CBMimAFBVV95cUxOeWFSZmhTR3RxMzZXQnlJdm1hSmFORVJHb29uQllEa3Z2TGRqTG1LdWJTbXZkSkJIMEhZU1NubHcwUjBRZmI5WmtlUDRISndMdzJGZzdWeWtLMmo5YWxGWVJYRXF5cEM4NlkzSmR5anIxUVhyR3EtbGRUcUFwZTItcUtVNGNvcHlmWjZrQW01aFVtV05iM2s3Xw?oc=5\" target=\"_blank\" rel=\"nofollow noopener\">Ulykken p\u00e5 Bj\u00f8rnfjell: \u2013\u2060 Holdt fart langt over fartsgrensen<\/a>&nbsp;&nbsp;VG<\/li>\n<li><a href=\"https:\/\/news.google.com\/rss\/articles\/CBMisAFBVV95cUxOZ1JiYVFkUFBkV0tBbm04TFVQWGVpQnFISkJwaWx5LV8tNVRVdzdwdnk3b1d5VGNJcE9uT0owNngyVU4xbFh0WjU1dVRFRmk1UnhEa3hsN2JOQTBZOWJDeEg4STloUUpHWGFvaDVjSENqa1dQdFoyT21jdFk1OFI0NzdWUU5FV05BTndPcnRNZFlNZHVidXZ2MGxPX3ZFd2NpbW1pTmJTVXl5YmpycVlwTQ?oc=5\" target=\"_blank\" rel=\"nofollow noopener\">Bj\u00f8rnfjell, Nyhetsvarsel | Odin (18) og Arion (18) omkom \u2013 n\u00e5 er konklusjonen til politiet klar<\/a>&nbsp;&nbsp;Nettavisen<\/li>\n<\/ol>\n","protected":false},"excerpt":{"rendered":"Politi, E10 | To unge menn omkom i trafikkulykke p\u00e5 E10 \u2013 n\u00e5 har politiet konkludert&nbsp;&nbsp;Lofotposten D\u00f8dsulykken p\u00e5&hellip;\n","protected":false},"author":2,"featured_media":9634,"comment_status":"","ping_status":"","sticky":false,"template":"","format":"standard","meta":{"footnotes":""},"categories":[12],"tags":[20,21,24,25,15,22,23,13,30,28,29,14,16,26,27,42,43,44,45],"class_list":{"0":"post-115637","1":"post","2":"type-post","3":"status-publish","4":"format-standard","5":"has-post-thumbnail","7":"category-verden","8":"tag-breaking-news","9":"tag-breakingnews","10":"tag-featured-news","11":"tag-featurednews","12":"tag-headlines","13":"tag-latest-news","14":"tag-latestnews","15":"tag-news","16":"tag-no","17":"tag-norge","18":"tag-norway","19":"tag-nyheter","20":"tag-overskrifter","21":"tag-top-stories","22":"tag-topstories","23":"tag-verden","24":"tag-world","25":"tag-world-news","26":"tag-worldnews"},"share_on_mastodon":{"url":"https:\/\/pubeurope.com\/@no\/115735517192892562","error":""},"_links":{"self":[{"href":"https:\/\/www.europesays.com\/no\/wp-json\/wp\/v2\/posts\/115637","targetHints":{"allow":["GET"]}}],"collection":[{"href":"https:\/\/www.europesays.com\/no\/wp-json\/wp\/v2\/posts"}],"about":[{"href":"https:\/\/www.europesays.com\/no\/wp-json\/wp\/v2\/types\/post"}],"author":[{"embeddable":true,"href":"https:\/\/www.europesays.com\/no\/wp-json\/wp\/v2\/users\/2"}],"replies":[{"embeddable":true,"href":"https:\/\/www.europesays.com\/no\/wp-json\/wp\/v2\/comments?post=115637"}],"version-history":[{"count":0,"href":"https:\/\/www.europesays.com\/no\/wp-json\/wp\/v2\/posts\/115637\/revisions"}],"wp:featuredmedia":[{"embeddable":true,"href":"https:\/\/www.europesays.com\/no\/wp-json\/wp\/v2\/media\/9634"}],"wp:attachment":[{"href":"https:\/\/www.europesays.com\/no\/wp-json\/wp\/v2\/media?parent=115637"}],"wp:term":[{"taxonomy":"category","embeddable":true,"href":"https:\/\/www.europesays.com\/no\/wp-json\/wp\/v2\/categories?post=115637"},{"taxonomy":"post_tag","embeddable":true,"href":"https:\/\/www.europesays.com\/no\/wp-json\/wp\/v2\/tags?post=115637"}],"curies":[{"name":"wp","href":"https:\/\/api.w.org\/{rel}","templated":true}]}}