{"id":115638,"date":"2025-12-17T15:03:10","date_gmt":"2025-12-17T15:03:10","guid":{"rendered":"https:\/\/www.europesays.com\/no\/115638\/"},"modified":"2025-12-17T15:03:10","modified_gmt":"2025-12-17T15:03:10","slug":"snoscooter-gjennom-isen-i-verdal-nrk-trondelag-lokale-nyheter-tv-og-radio","status":"publish","type":"post","link":"https:\/\/www.europesays.com\/no\/115638\/","title":{"rendered":"Sn\u00f8scooter gjennom isen i Verdal \u2013 NRK Tr\u00f8ndelag \u2013 Lokale nyheter, TV og radio"},"content":{"rendered":"<p>\u2013 <strong>Han har kj\u00f8rt p\u00e5 isen og g\u00e5tt gjennom. Det er usikker is, sa operasjonsleder Trond Volden til NRK. <\/strong><\/p>\n<p>\u2013 F\u00f8reren, en mann i 60-\u00e5ra, greide \u00e5 komme seg opp p\u00e5 isen og tok seg i land, sa innsatsleder Torstein Hansen.<\/p>\n<p>Mannen satt fast ute p\u00e5 en liten holme i vannet og var kald og bl\u00f8t.<\/p>\n<p>    \u2190<\/p>\n<ul data-scroll-container=\"\" role=\"list\" aria-label=\"Bildegalleri\">\n<li><img alt=\"Bildet viser en delvis islagt vannflate, med omr\u00e5der av \u00e5pen vann og islagte sekvenser. I venstre del er det sn\u00f8- og isstrukturer, mens en del av isen er brutt opp i midten. \u00d8verst til h\u00f8yre kan man se en skogkledt kystlinje. Det er ingen personer eller aktiviteter synlige i bildet. (Bildebeskrivelsen er laget av en KI-tjeneste)\"  width=\"3840\" height=\"2159\" loading=\"lazy\"\/> Foto: Jan Arne Austad \/ NRK <\/li>\n<li><img alt=\"Bilde viser et sn\u00f8dekt landskap med innsj\u00f8er og tett skog. T\u00e5ke henger over noen omr\u00e5der av innsj\u00f8en, mens sn\u00f8dekte fjell er synlige i bakgrunnen. Tr\u00e6rne strekker seg langs kystlinjen, og den kalde atmosf\u00e6ren reflekteres i det klare lyset. Bildet gir et panoramisk inntrykk av et frostverksmilj\u00f8. (Bildebeskrivelsen er laget av en KI-tjeneste)\"  width=\"3840\" height=\"2159\" loading=\"lazy\"\/> Foto: Jan Arne Austad \/ NRK <\/li>\n<li><img alt=\"En politibil og en ambulanse st\u00e5r p\u00e5 en glatt vei.\"  width=\"3840\" height=\"2158\" loading=\"lazy\"\/> Foto: Jan Arne Austad \/ NRK <\/li>\n<\/ul>\n<p>\u2192<\/p>\n<p>\u2013 Han er n\u00e5 hentet ut fra stedet med luftambulanse og kj\u00f8rt til sykehus i ambulanse, sa Hansen rundt klokka 13.45.<\/p>\n<p>F\u00f8reren er lettere skadd.<\/p>\n<p>Sn\u00f8skuteren ligger forel\u00f8pig p\u00e5 bunnen av innsj\u00f8en.<\/p>\n<p><img decoding=\"async\"   src=\"data:image\/gif;base64,R0lGODlhAQABAIAAAAAAAP\/\/\/yH5BAEAAAAALAAAAAABAAEAAAIBRAA7\" loading=\"eager\" alt=\"Kart over Verdal\" title=\"Foto: NRK\"\/><\/p>\n<p>Foto: NRK<\/p>\n<p><a class=\"login-banner-hack\" href=\"https:\/\/www.nrk.no\/logginn?context=article-plug\" style=\"padding: 0; border: none; display: none\" rel=\"nofollow noopener\" target=\"_blank\"><\/p>\n<p>            <img decoding=\"async\"   src=\"data:image\/gif;base64,R0lGODlhAQABAIAAAAAAAP\/\/\/yH5BAEAAAAALAAAAAABAAEAAAIBRAA7\" alt=\"Oppfordring til \u00e5 logge p\u00e5 NRKs tjenester\" title=\"Foto: Odd Arne Olderbakk\"\/><\/p>\n<p>            <img decoding=\"async\"   src=\"data:image\/gif;base64,R0lGODlhAQABAIAAAAAAAP\/\/\/yH5BAEAAAAALAAAAAABAAEAAAIBRAA7\" alt=\"Oppfordring til \u00e5 logge p\u00e5 NRKs tjenester\" title=\"Foto: Odd Arne Olderbakk\"\/><\/p>\n<p><\/a><\/p>\n<p>Publisert<\/p>\n<p>17.12.2025, kl. 13.36<\/p>\n<p>Oppdatert<\/p>\n<p>17.12.2025, kl. 15.51<\/p>\n","protected":false},"excerpt":{"rendered":"\u2013 Han har kj\u00f8rt p\u00e5 isen og g\u00e5tt gjennom. Det er usikker is, sa operasjonsleder Trond Volden til&hellip;\n","protected":false},"author":2,"featured_media":115639,"comment_status":"","ping_status":"","sticky":false,"template":"","format":"standard","meta":{"footnotes":""},"categories":[10],"tags":[20,21,24,25,15,22,23,13,30,28,29,14,16,26,27],"class_list":{"0":"post-115638","1":"post","2":"type-post","3":"status-publish","4":"format-standard","5":"has-post-thumbnail","7":"category-norge","8":"tag-breaking-news","9":"tag-breakingnews","10":"tag-featured-news","11":"tag-featurednews","12":"tag-headlines","13":"tag-latest-news","14":"tag-latestnews","15":"tag-news","16":"tag-no","17":"tag-norge","18":"tag-norway","19":"tag-nyheter","20":"tag-overskrifter","21":"tag-top-stories","22":"tag-topstories"},"share_on_mastodon":{"url":"https:\/\/pubeurope.com\/@no\/115735521133878644","error":""},"_links":{"self":[{"href":"https:\/\/www.europesays.com\/no\/wp-json\/wp\/v2\/posts\/115638","targetHints":{"allow":["GET"]}}],"collection":[{"href":"https:\/\/www.europesays.com\/no\/wp-json\/wp\/v2\/posts"}],"about":[{"href":"https:\/\/www.europesays.com\/no\/wp-json\/wp\/v2\/types\/post"}],"author":[{"embeddable":true,"href":"https:\/\/www.europesays.com\/no\/wp-json\/wp\/v2\/users\/2"}],"replies":[{"embeddable":true,"href":"https:\/\/www.europesays.com\/no\/wp-json\/wp\/v2\/comments?post=115638"}],"version-history":[{"count":0,"href":"https:\/\/www.europesays.com\/no\/wp-json\/wp\/v2\/posts\/115638\/revisions"}],"wp:featuredmedia":[{"embeddable":true,"href":"https:\/\/www.europesays.com\/no\/wp-json\/wp\/v2\/media\/115639"}],"wp:attachment":[{"href":"https:\/\/www.europesays.com\/no\/wp-json\/wp\/v2\/media?parent=115638"}],"wp:term":[{"taxonomy":"category","embeddable":true,"href":"https:\/\/www.europesays.com\/no\/wp-json\/wp\/v2\/categories?post=115638"},{"taxonomy":"post_tag","embeddable":true,"href":"https:\/\/www.europesays.com\/no\/wp-json\/wp\/v2\/tags?post=115638"}],"curies":[{"name":"wp","href":"https:\/\/api.w.org\/{rel}","templated":true}]}}