{"id":115645,"date":"2025-12-17T15:12:11","date_gmt":"2025-12-17T15:12:11","guid":{"rendered":"https:\/\/www.europesays.com\/no\/115645\/"},"modified":"2025-12-17T15:12:11","modified_gmt":"2025-12-17T15:12:11","slug":"bekrefter-varsler-mot-fagermo-evig-kaos","status":"publish","type":"post","link":"https:\/\/www.europesays.com\/no\/115645\/","title":{"rendered":"Bekrefter varsler mot Fagermo: &#8211; Evig kaos"},"content":{"rendered":"<p class=\"bold m-bold\" data-lab-font_weight=\"bold\">\u2013 Det har g\u00e5tt fra vondt til verre for Str\u00f8msgodset, sier TV 2s fotballekspert Yaw Amankwah.<\/p>\n<p>Onsdag ettermiddag kom nemlig drammensklubben med f\u00f8lgende pressemelding:<\/p>\n<p>\u00abFor \u00e5 sikre en grundig, uavhengig og rettferdig behandling av saken, har klubben engasjert ekstern ekspertise til \u00e5 gjennomf\u00f8re unders\u00f8kelser. Hensikten er \u00e5 etablere et best mulig faktagrunnlag og sikre at alle involverte parter blir h\u00f8rt p\u00e5 en forsvarlig m\u00e5te\u00bb, heter det i meldingen fra Godset.<\/p>\n<p>        <img class=\"image__img lazyload\" itemprop=\"image\" title=\"Foto: Ole Martin Wold \/ NTB\" alt=\"NEDTUR: Dag-Eilev Fagermo rykket ned med Str\u00f8msgodset. N\u00e5 st\u00e5r han p\u00e5 randen til \u00e5 miste jobben. Foto: Ole Martin Wold \/ NTB\" width=\"978\" height=\"656\" bad-src=\"https:\/\/www.europesays.com\/no\/wp-content\/uploads\/2025\/12\/18394219.webp\" fetchpriority=\"auto\" \/><\/p>\n<p>      NEDTUR: Dag-Eilev Fagermo rykket ned med Str\u00f8msgodset. N\u00e5 st\u00e5r han p\u00e5 randen til \u00e5 miste jobben.<br \/>\n         Foto: Ole Martin Wold \/ NTB<\/p>\n<p>\u00abAv hensyn til personvern, arbeidsmilj\u00f8 og den p\u00e5g\u00e5ende prosessen vil Str\u00f8msgodset Toppfotball ikke kommentere saken ytterligere f\u00f8r unders\u00f8kelsene er avsluttet\u00bb, skriver klubben videre.<\/p>\n<p>58-\u00e5ringen skal for tiden v\u00e6re sykmeldt, og\u00a0TV 2 har ikke lyktes med \u00e5 f\u00e5 en kommentar fra treneren.\u00a0<\/p>\n<p>TV 2 har tidligere denne uken erfart at\u00a0Fagermo g\u00e5r sv\u00e6rt usikre dager i vente som Str\u00f8msgodset-trener, og at sterke krefter jobber for \u00e5 fjerne 58-\u00e5ringen fra jobben.<\/p>\n<p>    <a class=\"article__link\" data-ga-active-label=\"\" data-ga-active-label-animation=\"\" href=\"https:\/\/www.tv2.no\/sport\/tv-2-erfarer-vil-fjerne-fagermo\/18367599\/\" rel=\"nofollow noopener\" target=\"_blank\"><\/p>\n<p>    <img class=\"image__img lazyload\" itemprop=\"image\" title=\"\" alt=\"\" width=\"978\" height=\"411\" bad-src=\"https:\/\/www.europesays.com\/no\/wp-content\/uploads\/2025\/12\/18367626.webp\" fetchpriority=\"auto\" \/><\/p>\n<p>\n            TV 2 erfarer: Vil fjerne Fagermo\n        <\/p>\n<p>    <\/a><\/p>\n<p>Slik TV 2 forst\u00e5r det, skal det ha oppst\u00e5tt slitasje mellom store deler av spillergruppa og Fagermo i l\u00f8pet av de siste m\u00e5nedene som ble preget av sterk sportslig motgang.<\/p>\n<p>Ogs\u00e5 sterke supporterkrefter har tatt til orde for \u00e5 fjerne Fagermo fra jobben.<\/p>\n<p>\u2013 Fra vondt til verre<\/p>\n<p>TV 2s fotballekspert Yaw Amankwah er tydelig p\u00e5 at situasjonen n\u00e5 fremst\u00e5r som h\u00e5pl\u00f8s for drammensklubben.<\/p>\n<p>\u2013 Situasjonen fremst\u00e5r som et evig kaos, og saken har n\u00e5 utviklet seg til en alvorlig personalsak, sier Yaw Amankwah.<\/p>\n<p>        <img class=\"image__img lazyload\" itemprop=\"image\" title=\"Foto: Sorosh Sadat \/ TV 2\" alt=\"EKSPERT: Yaw Amankwah rister p\u00e5 hodet av situasjonen Godset befinner seg i. Foto: Sorosh Sadat \/ TV 2\" width=\"978\" height=\"656\" bad-src=\"https:\/\/www.europesays.com\/no\/wp-content\/uploads\/2025\/12\/18362182.webp\" fetchpriority=\"auto\" \/><\/p>\n<p>      EKSPERT: Yaw Amankwah rister p\u00e5 hodet av situasjonen Godset befinner seg i.<br \/>\n         Foto: Sorosh Sadat \/ TV 2<\/p>\n<p>\u2013 Fagermo ser n\u00e5 ut til \u00e5 forsvinne. Hvordan vil du rangere ansettelsen i ettertid?<\/p>\n<p class=\"bold m-bold\" data-lab-font_weight=\"bold\">\u2013 Basert p\u00e5 de sportslige resultatene st\u00e5r ansettelsen til terningkast 1. De i Drammen som er uenige, m\u00e5 gjerne argumentere mot. Det har v\u00e6rt mange som var skeptiske til denne ansettelsen fra start \u2013 meg selv inkludert.<\/p>\n<p>TV 2 vet at flere sentrale skikkelser i klubben sentralt har konkludert med at det vil v\u00e6re fornuftig \u00e5 skille lag med Fagermo n\u00e5 for \u00e5 starte en gjenoppbygging av klubben.<\/p>\n<p>\u2013 Det er bare \u00e5 ringe Jostein Flo og resten av klubbledelsen og sp\u00f8rre hva de tenkte p\u00e5. I ettertid har det vist seg \u00e5 v\u00e6re en elendig ansettelse.<\/p>\n<p>Fagermo ble ansatt som hovedtrener i Str\u00f8msgodset 10. juni, i h\u00e5p om \u00e5 snu den dav\u00e6rende negative trenden.\u00a0<\/p>\n<p>Fors\u00f8ket lyktes imidlertid ikke, og b\u00e5de Fagermo og Str\u00f8msgodset rykket ned fra Eliteserien i 2025. Klubben skal dermed spille i OBOS-ligaen neste \u00e5r \u2013 trolig uten Fagermo ved roret.\u00a0<\/p>\n<p>\u2013 Det er ingen automatikk i at Str\u00f8msgodset rykker rett opp igjen fra OBOS-ligaen, slik klubben har blitt drevet den siste tiden. Den nye sports\u00adsjefen m\u00e5 lure p\u00e5 hvilket kaos han har blitt med p\u00e5, sier Amankwah, og konkluderer:\u00a0<\/p>\n<p>        <img class=\"image__img lazyload\" itemprop=\"image\" title=\"Foto: Str\u00f8msgodset\" alt=\"NY: Yaw Amankwah tror Str\u00f8msgodsets nye sportssjef, Jackie Liljedahl Rasmussen, vil f\u00e5 nok \u00e5 stri med i tiden fremover etter at han tok over rollen etter Jostein Flo. Foto: Str\u00f8msgodset\" width=\"978\" height=\"548\" bad-src=\"https:\/\/www.europesays.com\/no\/wp-content\/uploads\/2025\/12\/18394401.webp\" fetchpriority=\"auto\" \/><\/p>\n<p>      NY: Yaw Amankwah tror Str\u00f8msgodsets nye sportssjef, Jackie Liljedahl Rasmussen, vil f\u00e5 nok \u00e5 stri med i tiden fremover etter at han tok over rollen etter Jostein Flo.<br \/>\n         Foto: Str\u00f8msgodset<\/p>\n<p class=\"bold m-bold\" data-lab-font_weight=\"bold\">\u2013 For Fagermo virker det ikke \u00e5 v\u00e6re noen vei tilbake. For en tradisjonsrik klubb som Str\u00f8msgodset er dette en trist situasjon<\/p>\n","protected":false},"excerpt":{"rendered":"\u2013 Det har g\u00e5tt fra vondt til verre for Str\u00f8msgodset, sier TV 2s fotballekspert Yaw Amankwah. Onsdag ettermiddag&hellip;\n","protected":false},"author":2,"featured_media":115646,"comment_status":"","ping_status":"","sticky":false,"template":"","format":"standard","meta":{"footnotes":""},"categories":[5],"tags":[20,21,24,25,15,19,22,23,17,18,13,30,28,29,14,16,26,27],"class_list":{"0":"post-115645","1":"post","2":"type-post","3":"status-publish","4":"format-standard","5":"has-post-thumbnail","7":"category-overskrifter","8":"tag-breaking-news","9":"tag-breakingnews","10":"tag-featured-news","11":"tag-featurednews","12":"tag-headlines","13":"tag-hovedoppslag","14":"tag-latest-news","15":"tag-latestnews","16":"tag-main-news","17":"tag-mainnews","18":"tag-news","19":"tag-no","20":"tag-norge","21":"tag-norway","22":"tag-nyheter","23":"tag-overskrifter","24":"tag-top-stories","25":"tag-topstories"},"share_on_mastodon":{"url":"https:\/\/pubeurope.com\/@no\/115735556465922684","error":""},"_links":{"self":[{"href":"https:\/\/www.europesays.com\/no\/wp-json\/wp\/v2\/posts\/115645","targetHints":{"allow":["GET"]}}],"collection":[{"href":"https:\/\/www.europesays.com\/no\/wp-json\/wp\/v2\/posts"}],"about":[{"href":"https:\/\/www.europesays.com\/no\/wp-json\/wp\/v2\/types\/post"}],"author":[{"embeddable":true,"href":"https:\/\/www.europesays.com\/no\/wp-json\/wp\/v2\/users\/2"}],"replies":[{"embeddable":true,"href":"https:\/\/www.europesays.com\/no\/wp-json\/wp\/v2\/comments?post=115645"}],"version-history":[{"count":0,"href":"https:\/\/www.europesays.com\/no\/wp-json\/wp\/v2\/posts\/115645\/revisions"}],"wp:featuredmedia":[{"embeddable":true,"href":"https:\/\/www.europesays.com\/no\/wp-json\/wp\/v2\/media\/115646"}],"wp:attachment":[{"href":"https:\/\/www.europesays.com\/no\/wp-json\/wp\/v2\/media?parent=115645"}],"wp:term":[{"taxonomy":"category","embeddable":true,"href":"https:\/\/www.europesays.com\/no\/wp-json\/wp\/v2\/categories?post=115645"},{"taxonomy":"post_tag","embeddable":true,"href":"https:\/\/www.europesays.com\/no\/wp-json\/wp\/v2\/tags?post=115645"}],"curies":[{"name":"wp","href":"https:\/\/api.w.org\/{rel}","templated":true}]}}