{"id":115647,"date":"2025-12-17T15:14:11","date_gmt":"2025-12-17T15:14:11","guid":{"rendered":"https:\/\/www.europesays.com\/no\/115647\/"},"modified":"2025-12-17T15:14:11","modified_gmt":"2025-12-17T15:14:11","slug":"bekymret-justin-theroux-til-vg","status":"publish","type":"post","link":"https:\/\/www.europesays.com\/no\/115647\/","title":{"rendered":"Bekymret Justin Theroux til VG:"},"content":{"rendered":"\n<p class=\"_lead_o9xde_2 _lead_xtcu6_50 layout-component text-serif-m layout-normal text-serif-l layout-component layout-wide layout-padded _wide_17hqh_1 layout-padded\">Hollywoodstjernen deler sine dystre tanker med VG.<\/p>\n<p><img alt=\" Foto: Scott A Garfitt \/ AP \/ NTB\" class=\"_image_qp4xg_65 layout-component layout-wide\" data-fullscreen- data-track-element-type=\"Article image fullscreen\" data-track-name=\"ImageFullscreen\" fetchpriority=\"high\" decoding=\"sync\" loading=\"eager\" height=\"4271\" itemprop=\"image\"  src=\"https:\/\/www.europesays.com\/no\/wp-content\/uploads\/2025\/12\/9ebdfa43-ab9f-4622-8cd1-059d34655418\"  style=\"object-position:0% 0%\" width=\"4886\"\/> Foto: Scott A Garfitt \/ AP \/ NTB<\/p>\n<ul aria-hidden=\"true\" class=\"_images_ntbth_112\">\n<li><a class=\"_link_ntbth_117\" href=\"https:\/\/www.vg.no\/forfatter\/thor-benjamin-brekken\" style=\"z-index:1\" title=\"Benjamin Brekken\" rel=\"nofollow noopener\" target=\"_blank\"><img alt=\"Bilde av Benjamin Brekken\" class=\"_image_ntbth_93\" fetchpriority=\"low\" loading=\"lazy\" decoding=\"async\" itemprop=\"image\"  src=\"https:\/\/www.europesays.com\/no\/wp-content\/uploads\/2025\/12\/1765984450_48_a7e2b135-ec04-4aac-b1df-254547b32ff3\"  width=\"480\"\/><\/a><\/li>\n<\/ul>\n<p> Oppdatert onsdag 17. desember kl. 15:55     <\/p>\n<p class=\"_paragraph_o9xde_4 _paragraph_xtcu6_10 layout-component text-serif-m layout-normal text-serif-m layout-padded\">N\u00e5r skuespiller <a href=\"https:\/\/www.vg.no\/tag\/justin-theroux?utm_source=vg-article&amp;utm_medium=auto-tagger&amp;utm_campaign=ExownG\" class=\"_link_o9xde_39\" rel=\"nofollow noopener\" target=\"_blank\">Justin Theroux<\/a> (53) slutter seg til rekkene i sesong to av den postapokalyptiske hitserien \u00abFallout\u00bb, er det med en replikk som treffer langt dypere enn bare i TV-universet:<\/p>\n<p class=\"_paragraph_o9xde_4 _paragraph_xtcu6_10 layout-component text-serif-m layout-normal text-serif-m layout-padded\"><strong class=\"_strong_o9xde_25\">\u00abSp\u00f8rsm\u00e5let er kanskje ikke om verden vil g\u00e5 under \u2013 men hvem som kommer til \u00e5 trykke p\u00e5 knappen\u00bb<\/strong><\/p>\n<p class=\"_paragraph_o9xde_4 _paragraph_xtcu6_10 layout-component text-serif-m layout-normal text-serif-m layout-padded\">I dette VG-intervjuet innr\u00f8mmer amerikaneren at setningen kryper under huden p\u00e5 ham. <\/p>\n<p class=\"_paragraph_o9xde_4 _paragraph_xtcu6_10 layout-component text-serif-m layout-normal text-serif-m layout-padded\">\u2013 Hvis jeg virkelig begynner \u00e5 tenke p\u00e5 det, kan jeg se for meg selv sittende i et hj\u00f8rne av rommet, gyngende frem og tilbake, erkjenner han. <\/p>\n<p>   \u2013 Gud forby<\/p>\n<p class=\"_paragraph_o9xde_4 _paragraph_xtcu6_10 layout-component text-serif-m layout-normal text-serif-m layout-padded\">Theroux mener at seriens dystopiske tematikk ikke f\u00f8les s\u00e5 fjern som man kanskje skulle \u00f8nske.<\/p>\n<p class=\"_paragraph_o9xde_4 _paragraph_xtcu6_10 layout-component text-serif-m layout-normal text-serif-m layout-padded\">\u2013 Det sitatet burde resonere hos alle, fordi den knappen er ikke fiksjon. Det kjernefysiske alternativetkjernefysiske alternativetDette refererer til bruken av atomv\u00e5pen som en l\u00f8sning i en konflikt, noe som kan f\u00f8re til massiv \u00f8deleggelse. har liksom blitt en klisj\u00e9. Jeg tror vi alle har blitt litt for avstumpet fra den muligheten. <\/p>\n<p class=\"_paragraph_o9xde_4 _paragraph_xtcu6_10 layout-component text-serif-m layout-normal text-serif-m layout-padded\">Den Emmy-vinnende skuespilleren legger ikke skjul p\u00e5 at han blir uvel av \u00e5 tenke for lenge p\u00e5 hvem som sitter med h\u00e5nden p\u00e5 rattet i verdenssamfunnet. <\/p>\n<p class=\"_paragraph_o9xde_4 _paragraph_xtcu6_10 layout-component text-serif-m layout-normal text-serif-m layout-padded\">\u2013 Jeg synes beslutningstakingen globalt, uansett hvor man befinner seg p\u00e5 det politiske spekteret, er s\u00e5 korroderende. Gud forby at noen kommer i n\u00e6rheten av \u00e5 trykke p\u00e5 den knappen.<\/p>\n<p>   \u2013 Helt forferdelig<\/p>\n<p class=\"_paragraph_o9xde_4 _paragraph_xtcu6_10 layout-component text-serif-m layout-normal text-serif-m layout-padded\">I Prime Video-serien \u00abFallout\u00bb lever menneskeheten i en verden som har blitt \u00f8delagt av atomkrig. Serien er basert p\u00e5 det popul\u00e6re TV-spillet med samme navn. <\/p>\n<p class=\"_paragraph_o9xde_4 _paragraph_xtcu6_10 layout-component text-serif-m layout-normal text-serif-m layout-padded\">Theroux ble hentet inn f\u00f8r sesong to for \u00e5 spille rollen som den g\u00e5tefulle og ekstremt intelligente Robert House, et velkjent navn for spillere som har pl\u00f8yet gjennom \u00abFallout: New Vegas\u00bb. <\/p>\n<p><img alt=\"TO DR\u00c5PER VANN? Robert House slik han ser ut i spillet og slik han er tolket i serien av Justin Theroux.   Foto: Obsidian Entertainment \/ Bethesda Softworks \/ Prime Video\" class=\"_image_qp4xg_65 layout-component layout-normal\" data-fullscreen- data-track-element-type=\"Article image fullscreen\" data-track-name=\"ImageFullscreen\" decoding=\"async\" loading=\"lazy\" height=\"1668\" itemprop=\"image\"  src=\"https:\/\/www.europesays.com\/no\/wp-content\/uploads\/2025\/12\/85a5aea2-bdba-466b-8b1f-d4e6c96db4da\"  style=\"object-position:0% 0%\" width=\"2500\"\/>TO DR\u00c5PER VANN? Robert House slik han ser ut i spillet og slik han er tolket i serien av Justin Theroux.   Foto: Obsidian Entertainment \/ Bethesda Softworks \/ Prime Video<\/p>\n<p class=\"_paragraph_o9xde_4 _paragraph_xtcu6_10 layout-component text-serif-m layout-normal text-serif-m layout-padded\">Arbeidet med rollen har \u00e5penbart f\u00e5tt Theroux p\u00e5 dystre tanker, selv om han ikke g\u00e5r rundt og forbereder seg p\u00e5 atomh\u00f8st med det f\u00f8rste.<\/p>\n<p class=\"_paragraph_o9xde_4 _paragraph_xtcu6_10 layout-component text-serif-m layout-normal text-serif-m layout-padded\">\u2013 Selvf\u00f8lgelig lever vi ikke livene v\u00e5re som om det kan skje hvert \u00f8yeblikk. Men jeg tror det er uunng\u00e5elig at noen p\u00e5 et tidspunkt kommer til \u00e5 pr\u00f8ve \u00e5 bruke et slikt masse\u00f8deleggelsesv\u00e5pen, og det er helt forferdelig, avslutter han. <\/p>\n<p class=\"_paragraph_o9xde_4 _paragraph_xtcu6_10 layout-component text-serif-m layout-normal text-serif-m layout-padded\"><strong class=\"_strong_o9xde_25\">Se flere saker fra film- og serieverdenen: <\/strong><\/p>\n","protected":false},"excerpt":{"rendered":"Hollywoodstjernen deler sine dystre tanker med VG. Foto: Scott A Garfitt \/ AP \/ NTB Oppdatert onsdag 17.&hellip;\n","protected":false},"author":2,"featured_media":115648,"comment_status":"","ping_status":"","sticky":false,"template":"","format":"standard","meta":{"footnotes":""},"categories":[58],"tags":[71,11472,8469,30,28,29,5404,376,72],"class_list":{"0":"post-115647","1":"post","2":"type-post","3":"status-publish","4":"format-standard","5":"has-post-thumbnail","7":"category-underholdning","8":"tag-entertainment","9":"tag-fallout","10":"tag-justin-theroux","11":"tag-no","12":"tag-norge","13":"tag-norway","14":"tag-spill","15":"tag-tv-serier","16":"tag-underholdning"},"share_on_mastodon":{"url":"https:\/\/pubeurope.com\/@no\/115735564812911222","error":""},"_links":{"self":[{"href":"https:\/\/www.europesays.com\/no\/wp-json\/wp\/v2\/posts\/115647","targetHints":{"allow":["GET"]}}],"collection":[{"href":"https:\/\/www.europesays.com\/no\/wp-json\/wp\/v2\/posts"}],"about":[{"href":"https:\/\/www.europesays.com\/no\/wp-json\/wp\/v2\/types\/post"}],"author":[{"embeddable":true,"href":"https:\/\/www.europesays.com\/no\/wp-json\/wp\/v2\/users\/2"}],"replies":[{"embeddable":true,"href":"https:\/\/www.europesays.com\/no\/wp-json\/wp\/v2\/comments?post=115647"}],"version-history":[{"count":0,"href":"https:\/\/www.europesays.com\/no\/wp-json\/wp\/v2\/posts\/115647\/revisions"}],"wp:featuredmedia":[{"embeddable":true,"href":"https:\/\/www.europesays.com\/no\/wp-json\/wp\/v2\/media\/115648"}],"wp:attachment":[{"href":"https:\/\/www.europesays.com\/no\/wp-json\/wp\/v2\/media?parent=115647"}],"wp:term":[{"taxonomy":"category","embeddable":true,"href":"https:\/\/www.europesays.com\/no\/wp-json\/wp\/v2\/categories?post=115647"},{"taxonomy":"post_tag","embeddable":true,"href":"https:\/\/www.europesays.com\/no\/wp-json\/wp\/v2\/tags?post=115647"}],"curies":[{"name":"wp","href":"https:\/\/api.w.org\/{rel}","templated":true}]}}