{"id":115649,"date":"2025-12-17T15:17:56","date_gmt":"2025-12-17T15:17:56","guid":{"rendered":"https:\/\/www.europesays.com\/no\/115649\/"},"modified":"2025-12-17T15:17:56","modified_gmt":"2025-12-17T15:17:56","slug":"jeg-har-hatt-darlig-samvittighet-nar-jeg-dusjer-og-spiser","status":"publish","type":"post","link":"https:\/\/www.europesays.com\/no\/115649\/","title":{"rendered":"\u2013 Jeg har hatt d\u00e5rlig samvittighet n\u00e5r jeg dusjer og spiser"},"content":{"rendered":"<p class=\"byline\">Jonas Sandboe<\/p>\n<p class=\"epost\">jonas.sandboe@gmail.com<\/p>\n<p class=\"tekst\">Det var som et \u00abwar room\u00bb p\u00e5 kontoret. Det ringte telefoner. Det var presse. Det var helt kaos, sier Birte B\u00f8dtker. <\/p>\n<p class=\"tekst\">Hun jobber i Palestinakomiteen som kommunikasjonsr\u00e5dgiver og er HK-tillitsvalgt. <\/p>\n<p class=\"tekst\">B\u00f8dtker snakker om Hamas\u2019 angrep mot Israel 7. oktober 2023, hvor Hamas drepte 1.195 mennesker. Det f\u00f8rte til motangrep fra Israel som de siste to \u00e5rene har tatt livet av 22.000 palestinere.<\/p>\n<p><img decoding=\"async\" class=\"Image Image_\" src=\"\" data-aghref=\"http:\/\/frifagbevegelse.no\/image-3.632721.155712.20251217141553.af5c7d7f44\" data-agimagetype=\"hardcrop\" alt=\"Palestinakomiteen har kontor i Solidaritetshuset i Oslo. Fra venstre: Birte B\u00f8dtker, Line Khateeb og Rania Iraki\"\/><\/p>\n<p class=\"Caption\">Palestinakomiteen har kontor i Solidaritetshuset i Oslo. Fra venstre: Birte B\u00f8dtker, Line Khateeb og Rania Iraki<\/p>\n<p class=\"Source\">Jonas Sandboe<\/p>\n<p class=\"tekst\">Palestinakomiteens oppgave er \u00e5 p\u00e5virke det norske folk til fordel for det palestinske folk. <\/p>\n<p class=\"tekst\">Dette gj\u00f8res i stor del gjennom informasjonsarbeid, gjennom sosiale medier og podkast. <\/p>\n<p class=\"tekst\">Og gjennom \u00e5 arrangere m\u00f8ter for medlemmer, ha kontakt med pressen og svare p\u00e5 henvendelser fra interesserte.<\/p>\n<p class=\"mellomtittel\">Flere medlemmer og ansatte<\/p>\n<p class=\"tekst\">Med \u00e9n og en halv stilling var Palestinakomiteen ikke rustet for de kommende ukene etter 7. oktober. <\/p>\n<p class=\"tekst\">De siste to \u00e5rene har organisasjonen vokst fra 5.000 til 13.000 medlemmer. <\/p>\n<p class=\"tekst\">Det har gitt Palestinakomiteen muligheten til \u00e5 \u00f8ke bemanningen til seks faste ansatte. <\/p>\n<p><img decoding=\"async\" class=\"Image Image_\" src=\"\" data-aghref=\"http:\/\/frifagbevegelse.no\/image-3.633062.155712.20251217141553.54f58e8ce9\" data-agimagetype=\"hardcrop\" alt=\"MULTITASKING: Aviser fort\u00e6res og nyheter diskuteres under lunsjen, Palestinakomiteens leder Line Khateeb til h\u00f8yre.\"\/><\/p>\n<p class=\"Caption\">MULTITASKING: Aviser fort\u00e6res og nyheter diskuteres under lunsjen, Palestinakomiteens leder Line Khateeb til h\u00f8yre.<\/p>\n<p class=\"Source\">Jonas Sandboe<\/p>\n<p class=\"tekst\">\u2013 N\u00e5 begynner vi \u00e5 bli en liten gjeng, s\u00e5 vi klarer \u00e5 f\u00f8lge opp mer. Det har v\u00e6rt vanskelig n\u00e5r vi har v\u00e6rt s\u00e5 f\u00e5, det har v\u00e6rt s\u00e5 mye som ikke ble gjort, sier B\u00f8dtker.<\/p>\n<p class=\"tekst\">Frivillige letter ogs\u00e5 p\u00e5 arbeidsbyrden til de ansatte i Palestinakomiteen. <\/p>\n<p class=\"tekst\">De frivillige er medlemmer i lokallag rundt om i landet og organiserer protester, markeringer, aksjoner, stands og debatter.<\/p>\n<p><img decoding=\"async\" class=\"Image Image_\" src=\"\" data-aghref=\"http:\/\/frifagbevegelse.no\/image-3.633449.155712.20251217141553.e0e668f544\" data-agimagetype=\"hardcrop\" alt=\"VERTSKAP: En del av Birte B\u00f8dtkers jobb er \u00e5 ta imot bes\u00f8k. Her kj\u00f8rer hun den palestinske journalisten Mariam Barghouti til NRK for et radiointervju.\"\/><\/p>\n<p class=\"Caption\">VERTSKAP: En del av Birte B\u00f8dtkers jobb er \u00e5 ta imot bes\u00f8k. Her kj\u00f8rer hun den palestinske journalisten Mariam Barghouti til NRK for et radiointervju.<\/p>\n<p class=\"Source\">Jonas Sandboe<\/p>\n<p class=\"mellomtittel\">\u2013 Folkemord p\u00e5 direkten<\/p>\n<p class=\"tekst\">Arbeidet med konflikten p\u00e5virker B\u00f8dtker d\u00f8gnet rundt. <\/p>\n<p class=\"tekst\">\u2013 N\u00e5r jeg v\u00e5kner, er det f\u00f8rste jeg gj\u00f8r \u00e5 sjekke telefonen. Jeg f\u00e5r folkemord p\u00e5 direkten. Og det siste jeg gj\u00f8r f\u00f8r jeg legger meg, er \u00e5 sjekke om det har skjedd noe mens jeg har v\u00e6rt sammen med ungene.<\/p>\n<p class=\"tekst\">P\u00e5 jobb deler B\u00f8dtker videoer fra Palestina.<\/p>\n<p class=\"tekst\">\u2013 Jeg m\u00e5 jo se videoene. S\u00e5 jeg sitter og ser p\u00e5 avhogde hoder og barn i plastposer. Det er en ekstrem jobb. Og s\u00e5 m\u00e5 vi finne ut om videoene er ekte. S\u00e5 da bruker jeg mer tid p\u00e5 \u00e5 se p\u00e5 avhogde hoder. Det er ikke akkurat en veldig koselig jobb.<\/p>\n<p><img decoding=\"async\" class=\"Image Image_\" src=\"\" data-aghref=\"http:\/\/frifagbevegelse.no\/image-3.633443.155712.20251217141553.eda177af90\" data-agimagetype=\"hardcrop\" alt=\"SOSIALE MEDIER: En del av jobben er \u00e5 dele videoer p\u00e5 for eksempel Instagram\"\/><\/p>\n<p class=\"Caption\">SOSIALE MEDIER: En del av jobben er \u00e5 dele videoer p\u00e5 for eksempel Instagram<\/p>\n<p class=\"Source\">Jonas Sandboe<\/p>\n<p class=\"mellomtittel\">Tar med jobben hjem<\/p>\n<p class=\"tekst\">B\u00f8dtker har kontakt med folk i Gaza som ikke har tilgang til mat og lever i telt. <\/p>\n<p class=\"tekst\">\u2013 Jeg har hatt d\u00e5rlig samvittighet n\u00e5r jeg dusjer og spiser. Jeg har blitt sint p\u00e5 barna mine n\u00e5r de ikke vil ha maten fordi den ikke er perfekt. Jeg blir veldig preget.<\/p>\n<p class=\"tekst\">Selv n\u00e5r B\u00f8dtker tenker at hun skal snakke om noe annet enn Palestina med venner som ikke tidligere har engasjert seg i konflikten, snakker ikke vennene om annet.<\/p>\n<p class=\"tekst\">\u2013 Samfunnet har endret seg. Vanlige mennesker bryr seg om Palestina n\u00e5.<\/p>\n<p><img decoding=\"async\" class=\"Image Image_\" src=\"\" data-aghref=\"http:\/\/frifagbevegelse.no\/image-3.632796.155712.20251217141553.4fc6246c0e\" data-agimagetype=\"hardcrop\" alt=\"ENGASJEMENT: De siste \u00e5rene har det blitt organisert protester i hele Norge. Det er lokallagene i Palestinakomiteen som st\u00e5r bak organiseringen.\"\/><\/p>\n<p class=\"Caption\">ENGASJEMENT: De siste \u00e5rene har det blitt organisert protester i hele Norge. Det er lokallagene i Palestinakomiteen som st\u00e5r bak organiseringen.<\/p>\n<p class=\"Source\">Jonas Sandboe<\/p>\n","protected":false},"excerpt":{"rendered":"Jonas Sandboe jonas.sandboe@gmail.com Det var som et \u00abwar room\u00bb p\u00e5 kontoret. Det ringte telefoner. Det var presse. Det&hellip;\n","protected":false},"author":2,"featured_media":115650,"comment_status":"","ping_status":"","sticky":false,"template":"","format":"standard","meta":{"footnotes":""},"categories":[12],"tags":[20,21,24,25,15,22,23,13,30,28,29,14,16,26,27,42,43,44,45],"class_list":{"0":"post-115649","1":"post","2":"type-post","3":"status-publish","4":"format-standard","5":"has-post-thumbnail","7":"category-verden","8":"tag-breaking-news","9":"tag-breakingnews","10":"tag-featured-news","11":"tag-featurednews","12":"tag-headlines","13":"tag-latest-news","14":"tag-latestnews","15":"tag-news","16":"tag-no","17":"tag-norge","18":"tag-norway","19":"tag-nyheter","20":"tag-overskrifter","21":"tag-top-stories","22":"tag-topstories","23":"tag-verden","24":"tag-world","25":"tag-world-news","26":"tag-worldnews"},"share_on_mastodon":{"url":"https:\/\/pubeurope.com\/@no\/115735580053592141","error":""},"_links":{"self":[{"href":"https:\/\/www.europesays.com\/no\/wp-json\/wp\/v2\/posts\/115649","targetHints":{"allow":["GET"]}}],"collection":[{"href":"https:\/\/www.europesays.com\/no\/wp-json\/wp\/v2\/posts"}],"about":[{"href":"https:\/\/www.europesays.com\/no\/wp-json\/wp\/v2\/types\/post"}],"author":[{"embeddable":true,"href":"https:\/\/www.europesays.com\/no\/wp-json\/wp\/v2\/users\/2"}],"replies":[{"embeddable":true,"href":"https:\/\/www.europesays.com\/no\/wp-json\/wp\/v2\/comments?post=115649"}],"version-history":[{"count":0,"href":"https:\/\/www.europesays.com\/no\/wp-json\/wp\/v2\/posts\/115649\/revisions"}],"wp:featuredmedia":[{"embeddable":true,"href":"https:\/\/www.europesays.com\/no\/wp-json\/wp\/v2\/media\/115650"}],"wp:attachment":[{"href":"https:\/\/www.europesays.com\/no\/wp-json\/wp\/v2\/media?parent=115649"}],"wp:term":[{"taxonomy":"category","embeddable":true,"href":"https:\/\/www.europesays.com\/no\/wp-json\/wp\/v2\/categories?post=115649"},{"taxonomy":"post_tag","embeddable":true,"href":"https:\/\/www.europesays.com\/no\/wp-json\/wp\/v2\/tags?post=115649"}],"curies":[{"name":"wp","href":"https:\/\/api.w.org\/{rel}","templated":true}]}}