{"id":115651,"date":"2025-12-17T15:19:12","date_gmt":"2025-12-17T15:19:12","guid":{"rendered":"https:\/\/www.europesays.com\/no\/115651\/"},"modified":"2025-12-17T15:19:12","modified_gmt":"2025-12-17T15:19:12","slug":"vedtok-underskudd-pa-flere-hundre-millioner-rbnett-no","status":"publish","type":"post","link":"https:\/\/www.europesays.com\/no\/115651\/","title":{"rendered":"Vedtok underskudd p\u00e5 flere hundre millioner &#8211; rbnett.no"},"content":{"rendered":"<ol>\n<li><a href=\"https:\/\/news.google.com\/rss\/articles\/CBMiiwFBVV95cUxQd0cwNlBVYmMtaFczaHY3NGJydDI1dENWZ1doSW1IbE9EOTVyTlNGbzFBSGRBTDU2cWlUMjdVNWFfT1lpNC0xYUthbUxBeGZ2bzhQOC16bzF2aE1kSFl6MEhDbUtFMzlPLXkxYUV0S2hZRzF2SXltbl9NZlo4SldaSDBScmxJR1M2N0FV?oc=5\" target=\"_blank\" rel=\"nofollow noopener\">Vedtok underskudd p\u00e5 flere hundre millioner<\/a>&nbsp;&nbsp;rbnett.no<\/li>\n<li><a href=\"https:\/\/news.google.com\/rss\/articles\/CBMixAFBVV95cUxNei1aQVNWOVdmb1lsZFVwbm1CVl82QUpCWnNKV0VCZmEtS2lxQmluTlVSazQ1R0ZrQ0tTV2Q1bnBtTTVWWndhaEJ1a0U3S0kyMjhFaThsZGItRm5uM2pxQ0NVZ1J5VEhLZWdBRWhPOUthUmJpdTFxQldNcDNpYm1mY0lWODRPdlBpUm1FRUhLVnhaUFpxQ1VPQkFmS20zV0VBUG1DX2IzSVhzYkN3N212cE9rNC00eHlocVpJQkdSYVAzUTNo?oc=5\" target=\"_blank\" rel=\"nofollow noopener\">Helsef\u00f8retaket m\u00e5 kutte 410 millionar &#8211; tilsette fryktar at det g\u00e5r ut over pasientane<\/a>&nbsp;&nbsp;NRK<\/li>\n<li><a href=\"https:\/\/news.google.com\/rss\/articles\/CBMirwFBVV95cUxNaVF2T2l5d3pYdU5nUjMxeUtxYWk5Z2puVUN6WmZDbGJza0ctNkJCZi1TU0RsQUM0bXpTdmJzcTVLWmtFYTJ2LVB5dS1ha0hMal8tTkVsUW5YUU9mT3lQME5yWmtZb0swaHBRTVpvT0txMVlBRW9QZ2tTTzVzeVpCeldYaEdTNHZ2aWdBN21oUjdWaFVtMzUtRzVnOXBNUW4wS2sxT2tmdVBhLTNzd3JV?oc=5\" target=\"_blank\" rel=\"nofollow noopener\">Systemfeil &#8211; ikkje tilfeldigheiter<\/a>&nbsp;&nbsp;smp.no<\/li>\n<li><a href=\"https:\/\/news.google.com\/rss\/articles\/CBMibEFVX3lxTE5YamNGV2tVSXZQNjZhdFNESkhGV3JITVQzNmRJdGlmNmp4REtjSE9NRmhWUV9xMGRQLVFtaDZDeXZDZEJ6a1NTQ2lfV2k4Vjk2M3JWMThJUkNqNnJ1QjA4eUdpX2c0ZkNLVWpnTQ?oc=5\" target=\"_blank\" rel=\"nofollow noopener\">Helse M\u00f8re og Romsdal | Ingen pengebinge i Stj\u00f8rdal<\/a>&nbsp;&nbsp;Tidens Krav<\/li>\n<li><a href=\"https:\/\/news.google.com\/rss\/articles\/CBMickFVX3lxTFBPX240aFB1cElSaVJPZnFLbGEyQWFHYXlNVUtGSV9lSHZZMnBjNFpjODk2TzdibFNDU3l6TjgwTUNnRml6OTA5YVVjNGxna1Q4cGNGbTVIbnNhcWxwOWxsMFkwVWRac1QzdklvVmRVQy02QQ?oc=5\" target=\"_blank\" rel=\"nofollow noopener\">M\u00e5 spare inn 40 millionar kroner<\/a>&nbsp;&nbsp;M\u00f8re<\/li>\n<\/ol>\n","protected":false},"excerpt":{"rendered":"Vedtok underskudd p\u00e5 flere hundre millioner&nbsp;&nbsp;rbnett.no Helsef\u00f8retaket m\u00e5 kutte 410 millionar &#8211; tilsette fryktar at det g\u00e5r ut&hellip;\n","protected":false},"author":2,"featured_media":115652,"comment_status":"","ping_status":"","sticky":false,"template":"","format":"standard","meta":{"footnotes":""},"categories":[10],"tags":[20,21,24,25,15,22,23,13,30,28,29,14,16,26,27],"class_list":{"0":"post-115651","1":"post","2":"type-post","3":"status-publish","4":"format-standard","5":"has-post-thumbnail","7":"category-norge","8":"tag-breaking-news","9":"tag-breakingnews","10":"tag-featured-news","11":"tag-featurednews","12":"tag-headlines","13":"tag-latest-news","14":"tag-latestnews","15":"tag-news","16":"tag-no","17":"tag-norge","18":"tag-norway","19":"tag-nyheter","20":"tag-overskrifter","21":"tag-top-stories","22":"tag-topstories"},"share_on_mastodon":{"url":"https:\/\/pubeurope.com\/@no\/115735584113837861","error":""},"_links":{"self":[{"href":"https:\/\/www.europesays.com\/no\/wp-json\/wp\/v2\/posts\/115651","targetHints":{"allow":["GET"]}}],"collection":[{"href":"https:\/\/www.europesays.com\/no\/wp-json\/wp\/v2\/posts"}],"about":[{"href":"https:\/\/www.europesays.com\/no\/wp-json\/wp\/v2\/types\/post"}],"author":[{"embeddable":true,"href":"https:\/\/www.europesays.com\/no\/wp-json\/wp\/v2\/users\/2"}],"replies":[{"embeddable":true,"href":"https:\/\/www.europesays.com\/no\/wp-json\/wp\/v2\/comments?post=115651"}],"version-history":[{"count":0,"href":"https:\/\/www.europesays.com\/no\/wp-json\/wp\/v2\/posts\/115651\/revisions"}],"wp:featuredmedia":[{"embeddable":true,"href":"https:\/\/www.europesays.com\/no\/wp-json\/wp\/v2\/media\/115652"}],"wp:attachment":[{"href":"https:\/\/www.europesays.com\/no\/wp-json\/wp\/v2\/media?parent=115651"}],"wp:term":[{"taxonomy":"category","embeddable":true,"href":"https:\/\/www.europesays.com\/no\/wp-json\/wp\/v2\/categories?post=115651"},{"taxonomy":"post_tag","embeddable":true,"href":"https:\/\/www.europesays.com\/no\/wp-json\/wp\/v2\/tags?post=115651"}],"curies":[{"name":"wp","href":"https:\/\/api.w.org\/{rel}","templated":true}]}}