{"id":115667,"date":"2025-12-17T15:37:12","date_gmt":"2025-12-17T15:37:12","guid":{"rendered":"https:\/\/www.europesays.com\/no\/115667\/"},"modified":"2025-12-17T15:37:12","modified_gmt":"2025-12-17T15:37:12","slug":"hardt-ut-mot-stoltenbergs-sildesalat","status":"publish","type":"post","link":"https:\/\/www.europesays.com\/no\/115667\/","title":{"rendered":"Hardt ut mot Stoltenbergs sildesalat"},"content":{"rendered":"<p>STATSMINISTERBOLIGEN (Dagbladet): I \u00e5ret som har g\u00e5tt har statsminister Jonas Gahr St\u00f8re forsert interne kuppfors\u00f8k, elendig oppslutning og budsjettkrise.\u00a0<\/p>\n<p>Men en ny regjeringskrise kan v\u00e6re under oppseiling: Under den halv\u00e5rige pressekonferansen i statsministerboligen i dag, fyrte St\u00f8re av en bredside mot Jens Stoltenbergs sagnomsuste sildesalat.\u00a0<\/p>\n<p>Da Nationen spurte om St\u00f8res egne julemattradisjoner, ble Stoltenbergs sildesalat brukt som referansepunkt.\u00a0<\/p>\n<p>&#8211; Jeg lager ikke sild, men jeg f\u00e5r sild fra noen venner. Det er ikke Jens Stoltenberg, og det er kanskje like greit. Jeg har smakt p\u00e5 den silda hans, sa St\u00f8re, til latter fra journalistene.\u00a0<\/p>\n<p>Han utdypet i intervju med Dagbladet etterp\u00e5:<\/p>\n<p class=\"italic m-italic\" data-lab-italic=\"italic\">&#8211; Hva er i veien med Jens Stoltenbergs sild?<\/p>\n<p>&#8211; Jeg skal ikke d\u00f8mme den silda. Men i valg av sild er det mange b\u00e5de amat\u00f8rer og profesjonelle kokker jeg har st\u00f8rre tillit til.<\/p>\n<p>(Her skj\u00f8nner St\u00f8re at han har tr\u00e5kket i (silde)salaten, og begynner \u00e5 ro):<\/p>\n<p>&#8211; Jeg har egentlig aldri f\u00e5tt sild av Jens Stoltenberg, men jeg har f\u00e5tt tomatsild av min gamle kollega, tidligere fiskeriminister Lisbeth Berg-Hansen, det er tomatsild. Den er veldig god, s\u00e5 den spiser jeg.<\/p>\n<p>        <img loading=\"lazy\" decoding=\"async\" src=\"https:\/\/www.europesays.com\/no\/wp-content\/uploads\/2025\/12\/83998231.webp\" width=\"980\" height=\"559\" title=\"HOLDER MASKA: Det var fryd og gammen mellom de to partikollegaene etter finanstalen i Stortinget. Har splid om en gammel familieoppskrift sl\u00e5tt en kile inn i det n\u00e6re forholdet St\u00f8re og Stoltenberg? Foto: Lise \u00c5serud \/ NTB\" alt=\"\" class=\"\" style=\"--aspect-ratio-image: 1.75; \"\/><\/p>\n<p>\n        HOLDER MASKA: Det var fryd og gammen mellom de to partikollegaene etter finanstalen i Stortinget. Har splid om en gammel familieoppskrift sl\u00e5tt en kile inn i det n\u00e6re forholdet St\u00f8re og Stoltenberg? Foto: Lise \u00c5serud \/ NTB\n    <\/p>\n<p class=\"italic m-italic\" data-lab-italic=\"italic\">&#8211; Jens Stoltenberg har jo skrytt mye av denne silda. Mener du at finansministeren har oversolgt sin egen sild her?<\/p>\n<p class=\"no_italic m-no_italic\" data-lab-italic=\"\">&#8211; Nei men jeg merker meg at han har ikke kommet til meg for \u00e5 f\u00e5 en vurdering, og da holder jeg \u00e5pent hva det betyr, sier St\u00f8re.\u00a0<\/p>\n<p class=\"no_italic m-no_italic\" data-lab-italic=\"\">Dagbladet har bedt Jens Stoltenberg om en kommentar p\u00e5 silde-striden, men har s\u00e5 langt ikke f\u00e5tt svar.<\/p>\n<p>    <a itemprop=\"url\" href=\"https:\/\/www.dagbladet.no\/nyheter\/apner-for-ny-periode\/83996070\" rel=\"nofollow noopener\" target=\"_blank\"><\/p>\n<p>        <img loading=\"lazy\" decoding=\"async\" src=\"https:\/\/www.europesays.com\/no\/wp-content\/uploads\/2025\/12\/83996783.webp\" width=\"980\" height=\"441\" title=\"\u00c5pner for ny periode\" alt=\"\" class=\"lazyload\" style=\"--aspect-ratio-image: 2.22; \"\/><\/p>\n<p>        \u00c5pner for ny periode<\/p>\n<p>    <\/a><\/p>\n<p class=\"no_italic m-no_italic\" data-lab-italic=\"\">Oppskriften til sildesalaten, det politiske norges kanskje mest ber\u00f8mte matrett, strekker seg tilbake til Jens Stoltenbergs mor, Karin Stoltenberg,\u00a0<a href=\"https:\/\/www.dagbladet.no\/mat\/den-helt-spesielle-oppskriften-karin-etterlot-seg-er-thorvalds-kjaere-juleminne\/68914601\" rel=\"nofollow noopener\" target=\"_blank\">kunne Thorvald Stoltenberg fortelle Dagbladet i 2017.<\/a><\/p>\n<p>Oppskriften p\u00e5 familien Stoltenbergs sildesalat er publisert b\u00e5de hos <a href=\"https:\/\/www.nrk.no\/mat\/stoltenbergs-sildesalat-1.10847316\" rel=\"nofollow noopener\" target=\"_blank\">NRK<\/a> og <a href=\"https:\/\/www.tv2.no\/underholdning\/god-morgen-norge\/familien-stoltenbergs-sildesalat\/10249327\/\" rel=\"nofollow noopener\" target=\"_blank\">TV2<\/a>.\u00a0<\/p>\n","protected":false},"excerpt":{"rendered":"STATSMINISTERBOLIGEN (Dagbladet): I \u00e5ret som har g\u00e5tt har statsminister Jonas Gahr St\u00f8re forsert interne kuppfors\u00f8k, elendig oppslutning og&hellip;\n","protected":false},"author":2,"featured_media":115668,"comment_status":"","ping_status":"","sticky":false,"template":"","format":"standard","meta":{"footnotes":""},"categories":[10],"tags":[20,21,24,25,15,240,201,9242,22,23,13,30,28,29,14,16,41,14006,26,27],"class_list":{"0":"post-115667","1":"post","2":"type-post","3":"status-publish","4":"format-standard","5":"has-post-thumbnail","7":"category-norge","8":"tag-breaking-news","9":"tag-breakingnews","10":"tag-featured-news","11":"tag-featurednews","12":"tag-headlines","13":"tag-jens-stoltenberg","14":"tag-jonas-gahr-store","15":"tag-julemat","16":"tag-latest-news","17":"tag-latestnews","18":"tag-news","19":"tag-no","20":"tag-norge","21":"tag-norway","22":"tag-nyheter","23":"tag-overskrifter","24":"tag-politikk","25":"tag-sild","26":"tag-top-stories","27":"tag-topstories"},"share_on_mastodon":{"url":"https:\/\/pubeurope.com\/@no\/115735655131541113","error":""},"_links":{"self":[{"href":"https:\/\/www.europesays.com\/no\/wp-json\/wp\/v2\/posts\/115667","targetHints":{"allow":["GET"]}}],"collection":[{"href":"https:\/\/www.europesays.com\/no\/wp-json\/wp\/v2\/posts"}],"about":[{"href":"https:\/\/www.europesays.com\/no\/wp-json\/wp\/v2\/types\/post"}],"author":[{"embeddable":true,"href":"https:\/\/www.europesays.com\/no\/wp-json\/wp\/v2\/users\/2"}],"replies":[{"embeddable":true,"href":"https:\/\/www.europesays.com\/no\/wp-json\/wp\/v2\/comments?post=115667"}],"version-history":[{"count":0,"href":"https:\/\/www.europesays.com\/no\/wp-json\/wp\/v2\/posts\/115667\/revisions"}],"wp:featuredmedia":[{"embeddable":true,"href":"https:\/\/www.europesays.com\/no\/wp-json\/wp\/v2\/media\/115668"}],"wp:attachment":[{"href":"https:\/\/www.europesays.com\/no\/wp-json\/wp\/v2\/media?parent=115667"}],"wp:term":[{"taxonomy":"category","embeddable":true,"href":"https:\/\/www.europesays.com\/no\/wp-json\/wp\/v2\/categories?post=115667"},{"taxonomy":"post_tag","embeddable":true,"href":"https:\/\/www.europesays.com\/no\/wp-json\/wp\/v2\/tags?post=115667"}],"curies":[{"name":"wp","href":"https:\/\/api.w.org\/{rel}","templated":true}]}}