{"id":115675,"date":"2025-12-17T15:48:06","date_gmt":"2025-12-17T15:48:06","guid":{"rendered":"https:\/\/www.europesays.com\/no\/115675\/"},"modified":"2025-12-17T15:48:06","modified_gmt":"2025-12-17T15:48:06","slug":"stromsgodset-har-mottatt-varsler-mot-dag-eilev-fagermo-nrk-sport-sportsnyheter-resultater-og-sendeplan","status":"publish","type":"post","link":"https:\/\/www.europesays.com\/no\/115675\/","title":{"rendered":"Str\u00f8msgodset har mottatt varsler mot Dag-Eilev Fagermo \u2013 NRK Sport \u2013 Sportsnyheter, resultater og sendeplan"},"content":{"rendered":"<p>\u2013 Klubben legger stor vekt p\u00e5 \u00e5 ivareta varslernes rett til \u00e5 si ifra i trygge og ordnede former, samtidig som trenerens rettssikkerhet og krav p\u00e5 en korrekt og ryddig prosess ivaretas. Dag-Eilev Fagermo er for tiden sykemeldt, skriver klubben i en pressemelding.<\/p>\n<p>Varslene omhandler if\u00f8lge klubben p\u00e5stander knyttet til Fagermos adferd. De skriver at varslene tas p\u00e5 alvor og h\u00e5ndteres i samsvar med klubbens etablerte rutiner for varsling, arbeidsmilj\u00f8 og internkontroll.<\/p>\n<p><strong>\u2013 For \u00e5 sikre en grundig, uavhengig og rettferdig behandling av saken, har klubben engasjert ekstern ekspertise til \u00e5 gjennomf\u00f8re unders\u00f8kelser, opplyses det i pressemeldingen.<\/strong><\/p>\n<p><img decoding=\"async\"   src=\"data:image\/gif;base64,R0lGODlhAQABAIAAAAAAAP\/\/\/yH5BAEAAAAALAAAAAABAAEAAAIBRAA7\" loading=\"eager\" alt=\"Marienlyst stadion\" title=\"Foto: Trond R. Teigen \/ NTB\"\/><\/p>\n<p class=\"\">NEDRYKK: Str\u00f8msgodset rykket ned fra eliteserien under Fagermos ledelse.<\/p>\n<p>Foto: Trond R. Teigen \/ NTB<\/p>\n<p>\u2013 Stygg prosess<\/p>\n<p>Klubben sier de ikke kommer til \u00e5 kommentere saken ytterligere \u00abav hensyn til personvern, arbeidsmilj\u00f8 og den p\u00e5g\u00e5ende prosessen\u00bb.<\/p>\n<p>NRK har fors\u00f8kt \u00e5 kontakte Fagermo, men han har forel\u00f8pig ikke besvart henvendelsen.<\/p>\n<p>Advokaten til Str\u00f8msgodset-treneren har derimot uttalt seg.<\/p>\n<p><strong>\u2013 <\/strong>Fagermo fikk en telefon fra klubben ut av det bl\u00e5 i starten av desember, rett f\u00f8r oppf\u00f8lgingsunders\u00f8kelsen p\u00e5 sykehuset etter h\u00f8stens innleggelse. I samtalen fikk han vite at styret ville avsette han, og dersom han ikke ville g\u00e5 frivillig, \u00abville det ble skittkasting i media som ingen var tjent med\u00bb, skriver advokat Alf K\u00e5re Knudsen i en e-post til NRK.<\/p>\n<p><img decoding=\"async\"   src=\"data:image\/gif;base64,R0lGODlhAQABAIAAAAAAAP\/\/\/yH5BAEAAAAALAAAAAABAAEAAAIBRAA7\" loading=\"eager\" alt=\"Alf K\u00e5re Knudsen\" title=\"\"\/><\/p>\n<p class=\"no-credit\">MENER FAGERMO PRESSES: Advokat Alf K\u00e5re Knudsen er ikke forn\u00f8yd med klubbens h\u00e5ndtering av saken.<\/p>\n<p>Han kaller det hele \u00aben stygg prosess\u00bb.<\/p>\n<p><strong>\u2013 N\u00e5r klubben lekker til media, og sender ut pressemeldinger basert p\u00e5 mer eller mindre konstruert faktum, oppleves dette som del av en strategi for \u00e5 presse ham og svekke ham, akkurat som han ble \u00abadvart mot\u00bb. Det er v\u00e6rt stygt i en situasjon hvor de vet han skal ha ro av helsemessige \u00e5rsaker.<\/strong><\/p>\n<p>Godset varsler mer informasjon senere.<\/p>\n<p>\u2013 Klubben vil komme tilbake med oppdatert informasjon n\u00e5r det foreligger et tilstrekkelig og avklart grunnlag for dette, skriver Str\u00f8msgodset i pressemeldingen.<\/p>\n<p>\u2013 Grell situasjon<\/p>\n<p>\u2013 Vi kjenner ikke detaljene i disse varslene, s\u00e5 vi skal jo ikke begynne \u00e5 spekulere for mye, sier NRKs sportskommentator Jan Petter Saltvedt.<\/p>\n<p>\u2013 Men at klubben g\u00e5r ut og forteller at de i det hele tatt foreligger, mens Fagermo ogs\u00e5 er sykmeldt, er jo litt spesielt \u2013 og i hvert fall ikke et uttrykk for at man har tenkt \u00e5 kj\u00f8re noen forsonlig linje her, fortsetter han<\/p>\n<p>Saltvedt mener dette er det siste klubben trenger.<\/p>\n<p><strong>\u2013 Hele h\u00e5ndteringen av trenersituasjonen i klubben det siste halv\u00e5ret fremst\u00e5r jo i ettertid som ganske grell, f\u00f8rst med sparkingen av Isnes, s\u00e5 den litt overraskende ansettelsen av Fagermo og n\u00e5 dette.<\/strong><\/p>\n<p><img decoding=\"async\"   src=\"data:image\/gif;base64,R0lGODlhAQABAIAAAAAAAP\/\/\/yH5BAEAAAAALAAAAAABAAEAAAIBRAA7\" loading=\"eager\" alt=\"Jan Petter Saltvedt \" title=\"Foto: Martin Leigland\"\/><\/p>\n<p class=\"\">REAGERER: NRKs sportskommentator mener situasjonen i Str\u00f8msgodset er spesiell.<\/p>\n<p>Foto: Martin Leigland<\/p>\n<p>Kontrakt ut 2027<\/p>\n<p>I \u00e5rets eliteseriesesong tok drammensklubben kun 20 poeng, og endte nest sist p\u00e5 tabellen. Det resulterte i direkte nedrykk.<\/p>\n<p>Fagermo signerte en tre\u00e5rsavtale i sommer. Han mener han er riktig mann til \u00e5 lede Str\u00f8msgodset tilbake til Eliteserien.<\/p>\n<p>\u2013 Ja, det mener jeg absolutt. Jeg visste at det var en t\u00f8ff situasjon da jeg kom, og jeg er vant til \u00e5 jobbe i klubber hvor man m\u00e5 bygge. Selv i denne triste situasjonen er det flere positive ting som vi m\u00e5 bruke og bygge p\u00e5 utover vinteren s\u00e5 vil dette laget og denne klubben komme tilbake, sa Fagermo til TV 2 etter at nedrykket var et faktum.<\/p>\n<p>58-\u00e5ringen har tidligere trent klubber som Odd, V\u00e5lerenga og Lillestr\u00f8m.<\/p>\n<p><img decoding=\"async\"   src=\"data:image\/gif;base64,R0lGODlhAQABAIAAAAAAAP\/\/\/yH5BAEAAAAALAAAAAABAAEAAAIBRAA7\" loading=\"eager\" alt=\"Dag-Eilev Fagermo\" title=\"Foto: Ole Martin Wold \/ NTB\"\/><\/p>\n<p class=\"\">SMADRET: I \u00e5rets siste kamp r\u00f8k Fagermo og Str\u00f8msgodset p\u00e5 et 0-6-tap mot Rosenborg p\u00e5 Lerkendal.<\/p>\n<p>Foto: Ole Martin Wold \/ NTB<\/p>\n<p>Publisert<\/p>\n<p>17.12.2025, kl. 14.51<\/p>\n<p>Oppdatert<\/p>\n<p>17.12.2025, kl. 16.30<\/p>\n","protected":false},"excerpt":{"rendered":"\u2013 Klubben legger stor vekt p\u00e5 \u00e5 ivareta varslernes rett til \u00e5 si ifra i trygge og ordnede&hellip;\n","protected":false},"author":2,"featured_media":115676,"comment_status":"","ping_status":"","sticky":false,"template":"","format":"standard","meta":{"footnotes":""},"categories":[5],"tags":[20,21,24,25,15,19,22,23,17,18,13,30,28,29,14,16,26,27],"class_list":{"0":"post-115675","1":"post","2":"type-post","3":"status-publish","4":"format-standard","5":"has-post-thumbnail","7":"category-overskrifter","8":"tag-breaking-news","9":"tag-breakingnews","10":"tag-featured-news","11":"tag-featurednews","12":"tag-headlines","13":"tag-hovedoppslag","14":"tag-latest-news","15":"tag-latestnews","16":"tag-main-news","17":"tag-mainnews","18":"tag-news","19":"tag-no","20":"tag-norge","21":"tag-norway","22":"tag-nyheter","23":"tag-overskrifter","24":"tag-top-stories","25":"tag-topstories"},"share_on_mastodon":{"url":"https:\/\/pubeurope.com\/@no\/115735698008082697","error":""},"_links":{"self":[{"href":"https:\/\/www.europesays.com\/no\/wp-json\/wp\/v2\/posts\/115675","targetHints":{"allow":["GET"]}}],"collection":[{"href":"https:\/\/www.europesays.com\/no\/wp-json\/wp\/v2\/posts"}],"about":[{"href":"https:\/\/www.europesays.com\/no\/wp-json\/wp\/v2\/types\/post"}],"author":[{"embeddable":true,"href":"https:\/\/www.europesays.com\/no\/wp-json\/wp\/v2\/users\/2"}],"replies":[{"embeddable":true,"href":"https:\/\/www.europesays.com\/no\/wp-json\/wp\/v2\/comments?post=115675"}],"version-history":[{"count":0,"href":"https:\/\/www.europesays.com\/no\/wp-json\/wp\/v2\/posts\/115675\/revisions"}],"wp:featuredmedia":[{"embeddable":true,"href":"https:\/\/www.europesays.com\/no\/wp-json\/wp\/v2\/media\/115676"}],"wp:attachment":[{"href":"https:\/\/www.europesays.com\/no\/wp-json\/wp\/v2\/media?parent=115675"}],"wp:term":[{"taxonomy":"category","embeddable":true,"href":"https:\/\/www.europesays.com\/no\/wp-json\/wp\/v2\/categories?post=115675"},{"taxonomy":"post_tag","embeddable":true,"href":"https:\/\/www.europesays.com\/no\/wp-json\/wp\/v2\/tags?post=115675"}],"curies":[{"name":"wp","href":"https:\/\/api.w.org\/{rel}","templated":true}]}}