{"id":115689,"date":"2025-12-17T16:03:10","date_gmt":"2025-12-17T16:03:10","guid":{"rendered":"https:\/\/www.europesays.com\/no\/115689\/"},"modified":"2025-12-17T16:03:10","modified_gmt":"2025-12-17T16:03:10","slug":"fagermo-advokat-hevder-stromsgodset-truet-med-skitkasting","status":"publish","type":"post","link":"https:\/\/www.europesays.com\/no\/115689\/","title":{"rendered":"Fagermo-advokat hevder Str\u00f8msgodset truet med \u00abskitkasting\u00bb"},"content":{"rendered":"\n<p class=\"_lead_o9xde_2 _lead_xtcu6_50 layout-component text-serif-m layout-normal text-serif-l layout-component layout-wide layout-padded _wide_17hqh_1 layout-padded\">Advokaten til Dag-Eilev Fagermo (58) karakteriserer den p\u00e5g\u00e5ende prosessen mot Str\u00f8msgodset-treneren som \u00abkonstruert\u00bb og \u00aben stygg prosess\u00bb.<\/p>\n<p><img alt=\" Foto: Annika Byrde \/ NTB\" class=\"_image_qp4xg_65 layout-component layout-wide\" data-fullscreen- data-track-element-type=\"Article image fullscreen\" data-track-name=\"ImageFullscreen\" fetchpriority=\"high\" decoding=\"sync\" loading=\"eager\" height=\"5504\" itemprop=\"image\"  src=\"https:\/\/www.europesays.com\/no\/wp-content\/uploads\/2025\/12\/8223e5ff-b89b-42a3-8dac-9fd03de29951\"  style=\"object-position:0% 0%\" width=\"8256\"\/> Foto: Annika Byrde \/ NTB<\/p>\n<ul aria-hidden=\"true\" class=\"_images_ntbth_112\">\n<li><a class=\"_link_ntbth_117\" href=\"https:\/\/www.vg.no\/forfatter\/anders-k-christiansen\" style=\"z-index:2\" title=\"Anders K. Christiansen\" rel=\"nofollow noopener\" target=\"_blank\"><img alt=\"Bilde av Anders K. Christiansen\" class=\"_image_ntbth_93\" fetchpriority=\"low\" loading=\"lazy\" decoding=\"async\" itemprop=\"image\"  src=\"https:\/\/www.europesays.com\/no\/wp-content\/uploads\/2025\/12\/1765987389_52_1e24f0d3-a31a-453a-9ee3-069339de2f03\"  width=\"480\"\/><\/a><\/li>\n<li><a class=\"_link_ntbth_117\" href=\"https:\/\/www.vg.no\/forfatter\/andreas-hopen\" style=\"z-index:1\" title=\"Andreas Hopen\" rel=\"nofollow noopener\" target=\"_blank\"><img alt=\"Bilde av Andreas Hopen\" class=\"_image_ntbth_93\" fetchpriority=\"low\" loading=\"lazy\" decoding=\"async\" itemprop=\"image\"  src=\"https:\/\/www.europesays.com\/no\/wp-content\/uploads\/2025\/12\/1765987389_420_8d697287-ea03-4d54-ab67-6d65b82629eb\"  width=\"480\"\/><\/a><\/li>\n<\/ul>\n<p> Oppdatert onsdag 17. desember kl. 16:28    <\/p>\n<ul class=\"_list_o9xde_3 _list_64s2r_85 _unordered_o9xde_106 text-sans-m\">\n<li class=\"_item_o9xde_30\">Str\u00f8msgodset har iverksatt ekstern granskning etter varsler mot trener Dag-Eilev Fagermo.<\/li>\n<li class=\"_item_o9xde_30\">Fagermos advokat kaller prosessen \u00abstygg\u00bb og \u00abkonstruert\u00bb.<\/li>\n<li class=\"_item_o9xde_30\">Fagermo er sykemeldt og har ikke kommentert saken.<\/li>\n<li class=\"_item_o9xde_30\">Str\u00f8msgodset Toppfotballs advokat sier at styret ikke har tatt stilling til Fagermos arbeidsforhold.<\/li>\n<\/ul>\n<p>Vis mer <\/p>\n<p class=\"_paragraph_o9xde_4 _paragraph_xtcu6_10 layout-component text-serif-m layout-normal text-serif-m layout-padded\">Det kommer frem i en e-post Alf K\u00e5re Knudsen i advokatfirmaet R\u00e6der Bing har sendt til VG.<\/p>\n<p class=\"_paragraph_o9xde_4 _paragraph_xtcu6_10 layout-component text-serif-m layout-normal text-serif-m layout-padded\">Str\u00f8msgodset rykket onsdag ut og <a href=\"https:\/\/www.vg.no\/sport\/i\/bOKEkv\/stroemsgodset-bekrefter-varsler-mot-dag-eilev-fagermo\" data-track-element-type=\"Link\" data-track-id=\"link:bOKEkv\" class=\"_link_o9xde_39\" rel=\"nofollow noopener\" target=\"_blank\">bekreftet<\/a> at de har iverksatt eksterne unders\u00f8kelser etter at det har kommet varsler mot klubbens hovedtrener.<\/p>\n<p class=\"_paragraph_o9xde_4 _paragraph_xtcu6_10 layout-component text-serif-m layout-normal text-serif-m layout-padded\">58-\u00e5ringens advokat er lite imponert over det som n\u00e5 utspiller seg i all offentlighet. Han kaller det hele for en \u00abstygg prosess\u00bb. Selv er Fagermo sykemeldt, og har ikke besvart VGs henvendelser.<\/p>\n<p class=\"_paragraph_o9xde_4 _paragraph_xtcu6_10 layout-component text-serif-m layout-normal text-serif-m layout-padded\">\u00abFagermo fikk en telefon fra klubben ut av det bl\u00e5 i starten av desember, rett f\u00f8r oppf\u00f8lgingsunders\u00f8kelsen p\u00e5 sykehuset etter h\u00f8stens innleggelse. I samtalen fikk han vite at styret ville avsette han, og dersom han ikke ville g\u00e5 frivillig, \u00abville det ble skittkasting i media som ingen var tjent med\u00bb, skriver Alf K\u00e5re Knudsen til VG.<\/p>\n<p><img decoding=\"async\" alt=\"Bilde av Alf K\u00e5re Knudsen\" class=\"_image_ygndg_42\" height=\"28\" itemprop=\"image\" loading=\"lazy\"  src=\"https:\/\/www.europesays.com\/no\/wp-content\/uploads\/2025\/12\/33d3b959-cc9c-4d61-894e-c037625fd08f\"  width=\"40\"\/><strong class=\"_name_ygndg_51 title-serif-xs\">Alf K\u00e5re Knudsen<\/strong><\/p>\n<p class=\"_paragraph_o9xde_4 _paragraph_xtcu6_10 layout-component text-serif-m layout-normal text-serif-m layout-padded\">Advokaten understreker at <a href=\"https:\/\/www.vg.no\/tag\/dag-eilev-fagermo-2?utm_source=vg-article&amp;utm_medium=auto-tagger&amp;utm_campaign=k0a2v6\" class=\"_link_o9xde_39\" rel=\"nofollow noopener\" target=\"_blank\">Dag-Eilev Fagermo<\/a> har til hensikt \u00e5 bli helt frisk, men at det forutsetter ro i noen uker. Knudsen bekrefter at det er avtalt et m\u00f8te mellom partene p\u00e5 ny\u00e5ret.<\/p>\n<p class=\"_paragraph_o9xde_4 _paragraph_xtcu6_10 layout-component text-serif-m layout-normal text-serif-m layout-padded\">\u00abFagermo er innstilt p\u00e5 fullf\u00f8re jobben han ble satt til\u00bb, skriver Knudsen.<\/p>\n<p class=\"_paragraph_o9xde_4 _paragraph_xtcu6_10 layout-component text-serif-m layout-normal text-serif-m layout-padded\"><strong class=\"_strong_o9xde_25\">Advokat Erik Fl\u00e5gan representerer Str\u00f8msgodset i saken. Konfrontert med Knudsens utspill, skriver han i en e-post til VG:<\/strong><\/p>\n<p class=\"_paragraph_o9xde_4 _paragraph_xtcu6_10 layout-component text-serif-m layout-normal text-serif-m layout-padded\">\u00abKlubbens styre har ikke tatt stilling til Fagermos arbeidsforhold\u00bb.<\/p>\n<p class=\"_paragraph_o9xde_4 _paragraph_xtcu6_10 layout-component text-serif-m layout-normal text-serif-m layout-padded\">Fagermo er bare seks m\u00e5neder inn i en kontrakt som strekker seg ut 2027. Str\u00f8msgodset rykket i h\u00f8st ned fra Eliteserien og er dermed et Obos-lag neste sesong.<\/p>\n<p class=\"_paragraph_o9xde_4 _paragraph_xtcu6_10 layout-component text-serif-m layout-normal text-serif-m layout-padded\">\u00abN\u00e5r klubben lekker til media, og sender ut pressemeldinger basert p\u00e5 mer eller mindre konstruert faktum, oppleves dette som del av en strategi for \u00e5 presse ham og svekke ham, akkurat som han ble \u00abadvart mot\u00bb. Det er v\u00e6rt stygt i en situasjon hvor de vet han skal ha ro av helsemessige \u00e5rsaker\u00bb, skriver Knudsen.<\/p>\n<p class=\"_paragraph_o9xde_4 _paragraph_xtcu6_10 layout-component text-serif-m layout-normal text-serif-m layout-padded\"><strong class=\"_strong_o9xde_25\">Str\u00f8msgodset Toppfotballs advokat, Erik Fl\u00e5gan, ser det hele annerledes:<\/strong><\/p>\n<p class=\"_paragraph_o9xde_4 _paragraph_xtcu6_10 layout-component text-serif-m layout-normal text-serif-m layout-padded\">\u00abFagermos advokat uttaler seg uten innsyn i faktum. Det er etablert ekstern etterforskning av en rekke varsler som opplyst av klubben og utfall av slik etterforskning avventes\u00bb, sier han.<\/p>\n<p class=\"_paragraph_o9xde_4 _paragraph_xtcu6_10 layout-component text-serif-m layout-normal text-serif-m layout-padded\">Onsdag morgen kunne b\u00e5de VG og Drammens Tidende avsl\u00f8re at Str\u00f8msgodset \u00f8nsker \u00e5 kvitte seg med Fagermo som hovedtrener.<\/p>\n<p class=\"_paragraph_o9xde_4 _paragraph_xtcu6_10 layout-component text-serif-m layout-normal text-serif-m layout-padded\">Senere kom alts\u00e5 pressemeldingen der klubben bekrefter flere varsler mot 58-\u00e5ringen. Etter det VG erfarer skal det handle om trenerens adferd overfor folk rundt seg i klubben.<\/p>\n<p class=\"_paragraph_o9xde_4 _paragraph_xtcu6_10 layout-component text-serif-m layout-normal text-serif-m layout-padded\">\u00abFor \u00e5 sikre en grundig, uavhengig og rettferdig behandling av saken, har klubben engasjert ekstern ekspertise til \u00e5 gjennomf\u00f8re unders\u00f8kelser. Hensikten er \u00e5 etablere et best mulig faktagrunnlag og sikre at alle involverte parter blir h\u00f8rt p\u00e5 en forsvarlig m\u00e5te\u00bb, heter det i pressemeldingen.<\/p>\n","protected":false},"excerpt":{"rendered":"Advokaten til Dag-Eilev Fagermo (58) karakteriserer den p\u00e5g\u00e5ende prosessen mot Str\u00f8msgodset-treneren som \u00abkonstruert\u00bb og \u00aben stygg prosess\u00bb. Foto:&hellip;\n","protected":false},"author":2,"featured_media":115690,"comment_status":"","ping_status":"","sticky":false,"template":"","format":"standard","meta":{"footnotes":""},"categories":[59],"tags":[6935,134,30,28,2466,29,83,82,1942],"class_list":{"0":"post-115689","1":"post","2":"type-post","3":"status-publish","4":"format-standard","5":"has-post-thumbnail","7":"category-sport","8":"tag-dag-eilev-fagermo","9":"tag-eliteserien","10":"tag-no","11":"tag-norge","12":"tag-norsk-fotball","13":"tag-norway","14":"tag-sport","15":"tag-sports","16":"tag-stromsgodset-if"},"share_on_mastodon":{"url":"https:\/\/pubeurope.com\/@no\/115735757301796046","error":""},"_links":{"self":[{"href":"https:\/\/www.europesays.com\/no\/wp-json\/wp\/v2\/posts\/115689","targetHints":{"allow":["GET"]}}],"collection":[{"href":"https:\/\/www.europesays.com\/no\/wp-json\/wp\/v2\/posts"}],"about":[{"href":"https:\/\/www.europesays.com\/no\/wp-json\/wp\/v2\/types\/post"}],"author":[{"embeddable":true,"href":"https:\/\/www.europesays.com\/no\/wp-json\/wp\/v2\/users\/2"}],"replies":[{"embeddable":true,"href":"https:\/\/www.europesays.com\/no\/wp-json\/wp\/v2\/comments?post=115689"}],"version-history":[{"count":0,"href":"https:\/\/www.europesays.com\/no\/wp-json\/wp\/v2\/posts\/115689\/revisions"}],"wp:featuredmedia":[{"embeddable":true,"href":"https:\/\/www.europesays.com\/no\/wp-json\/wp\/v2\/media\/115690"}],"wp:attachment":[{"href":"https:\/\/www.europesays.com\/no\/wp-json\/wp\/v2\/media?parent=115689"}],"wp:term":[{"taxonomy":"category","embeddable":true,"href":"https:\/\/www.europesays.com\/no\/wp-json\/wp\/v2\/categories?post=115689"},{"taxonomy":"post_tag","embeddable":true,"href":"https:\/\/www.europesays.com\/no\/wp-json\/wp\/v2\/tags?post=115689"}],"curies":[{"name":"wp","href":"https:\/\/api.w.org\/{rel}","templated":true}]}}