{"id":115695,"date":"2025-12-17T16:09:13","date_gmt":"2025-12-17T16:09:13","guid":{"rendered":"https:\/\/www.europesays.com\/no\/115695\/"},"modified":"2025-12-17T16:09:13","modified_gmt":"2025-12-17T16:09:13","slug":"barna-er-viktigst-men-vi-sliter-ut-de-som-passer-pa-dem","status":"publish","type":"post","link":"https:\/\/www.europesays.com\/no\/115695\/","title":{"rendered":"Barna er viktigst \u2013 men vi sliter ut de som passer p\u00e5 dem"},"content":{"rendered":"<p>Barnehageansatte jobber i et system med h\u00f8yt arbeidspress, h\u00f8yt sykefrav\u00e6r og evig kamp om folk. Sykefrav\u00e6ret i barnehager ligger nesten dobbelt s\u00e5 h\u00f8yt som i resten av arbeidslivet. Det er ikke bare \u00abproblemer\u00bb. Det er krise.<\/p>\n<p>I barnehagen overlater vi barna v\u00e5re til folk vi ikke kjenner. Det krever trygge, friske og motiverte voksne. Likevel har barnehagesektoren i \u00e5revis v\u00e6rt hardt presset. Dette er ikke et uhell. Det er et resultat av politiske prioriteringer.<\/p>\n<p>Barnehageyrket er fysisk og mentalt krevende. L\u00f8ft. St\u00f8y. Tempo. Ansvar. \u00c5r etter \u00e5r. N\u00e5r kroppen sier stopp, kaller vi det \u00absykefrav\u00e6r\u00bb og setter inn vikar. Barna merker det umiddelbart: nye ansikter, brudd i relasjoner, mindre trygghet. Det er ikke bare et personalproblem. Det er et kvalitetsproblem.<\/p>\n<p><a href=\"https:\/\/www.fvn.no\/norgeogverden\/i\/1MlwvM\/mener-alle-gravide-boer-faa-en-time-fri-om-dagen-produserer-et-annet-menneske-24-7\" rel=\"nofollow noopener\" target=\"_blank\"> <img decoding=\"async\" src=\"data:image\/gif;base64,R0lGODlhEAAJAIAAAP\/\/\/wAAACH5BAEAAAAALAAAAAAQAAkAAAIKhI+py+0Po5yUFQA7\" alt=\"\"\/>   Kaster seg inn i frav\u00e6rs\u00addebat\u00adten: Mener alle gravide b\u00f8r f\u00e5 jobbe mindre  <\/a> <\/p>\n<p><a href=\"https:\/\/www.ramboll.com\/no-no\/nyheter\/folgeforskning-redusert-arbeidstid-ga-bedre-arbeidsmiljo?utm_source=chatgpt.com\" rel=\"noopener nofollow\" target=\"_blank\">Forskning viser<\/a> at ansatte som kan jobbe litt mindre uten \u00e5 tape l\u00f8nn, f\u00e5r bedre helse, h\u00f8yere trivsel og holder lenger i yrket. N\u00e5r de voksne har det bra, har barna det bra. Enkelt. Logisk. Og bekreftet av <a href=\"https:\/\/www.utdanningsforbundet.no\/nyheter\/2025\/barnehage--flere-bor-teste-redusert-arbeidstid\/\" rel=\"noopener nofollow\" target=\"_blank\">tall og erfaringer fra andre kommuner<\/a>.<\/p>\n<p>I Kristiansand foresl\u00e5r vi et pr\u00f8veprosjekt i budsjettet som faktisk tar virkeligheten p\u00e5 alvor: 100 prosent l\u00f8nn i 80 prosent stilling i de fire kommunale barnehagene med h\u00f8yest sykefrav\u00e6r. Over to \u00e5r. Med systematisk evaluering.<\/p>\n<p>Endelig f\u00e5r de ansatte l\u00f8nnen og anerkjennelsen de fortjener. Dette er ikke luksus. Det er respekt. Mer tid til hvile, familie og egen helse gir bedre arbeidsmilj\u00f8. Barn f\u00e5r kontinuitet og trygghet. Kommunen f\u00e5r barnehager som faktisk fungerer, i stedet for \u00e5 reparere med vikarer og midlertidige l\u00f8sninger. Og ordningen virker.<\/p>\n<p>I Kvalsund i Hammerfest <a href=\"https:\/\/www.vg.no\/nyheter\/i\/MnMr5K\/80-100-ordningen-i-hammerfest-slik-loeser-de-barnehagekrisen\" rel=\"noopener nofollow\" target=\"_blank\">falt sykefrav\u00e6ret fra over 50 %<\/a> til n\u00e6r null etter at ansatte begynte \u00e5 jobbe 80 % med full l\u00f8nn og ordningen holder n\u00e5 sykefrav\u00e6ret nede p\u00e5 3\u20134\u00a0%.<\/p>\n<p><a href=\"https:\/\/www.fvn.no\/norgeogverden\/i\/KMPko6\/hvordan-faa-ned-sykefravaeret-lederen-er-viktigere-enn-legen\" rel=\"nofollow noopener\" target=\"_blank\"> <img decoding=\"async\" src=\"data:image\/gif;base64,R0lGODlhEAAJAIAAAP\/\/\/wAAACH5BAEAAAAALAAAAAAQAAkAAAIKhI+py+0Po5yUFQA7\" alt=\"\"\/>   Hvordan f\u00e5 ned sykefrav\u00e6ret? \u2013 Lederen er viktigere enn legen  <\/a> <\/p>\n<p>Ja, det koster. Rundt 800.000 per ekstra stilling i \u00e5ret. Totalsummen varierer \u2013 akkurat som sykefrav\u00e6ret gj\u00f8r i dag. Forskjellen er at ordningen finansieres m\u00e5lrettet, med midler \u00f8remerket sykefrav\u00e6rsreduksjon og styrket bemanning i barnehager, innenfor de eksisterende budsjettrammene. Dette er en kostnad som gir avkastning. Lavere sykefrav\u00e6r. Mindre vikarbruk. Mer stabilitet. Bedre kvalitet for barna.<\/p>\n<p>\u00c5 betale for helse er billigere enn \u00e5 betale for sykdom. Politikk er prioriteringer. Vi kan ikke snakke om barnas beste mens vi t\u00e6rer p\u00e5 dem som passer p\u00e5 dem. \u00c5 gi barnehageansatte bedre arbeidsvilk\u00e5r er ikke en gave. Det er respekt. Det er anerkjennelse av ansvar, betydning og kompetanse.<\/p>\n<p>Hvis vi mener alvor n\u00e5r vi sier at barna er det viktigste vi har, m\u00e5 vi ogs\u00e5 ta ansvar for dem som har omsorgen for barna n\u00e5r vi drar p\u00e5 jobb. Det inneb\u00e6rer \u00e5 gi barnehageansatte l\u00f8nn, verdighet og arbeidsvilk\u00e5r som st\u00e5r i forhold til ansvaret de b\u00e6rer. Alt annet er dobbeltmoral.<\/p>\n<p><img decoding=\"async\" src=\"data:image\/gif;base64,R0lGODlhEAAJAIAAAP\/\/\/wAAACH5BAEAAAAALAAAAAAQAAkAAAIKhI+py+0Po5yUFQA7\" alt=\"\"\/> <\/p>\n<p>  <strong>Foto:<\/strong> Kjartan Bjelland <\/p>\n","protected":false},"excerpt":{"rendered":"Barnehageansatte jobber i et system med h\u00f8yt arbeidspress, h\u00f8yt sykefrav\u00e6r og evig kamp om folk. Sykefrav\u00e6ret i barnehager&hellip;\n","protected":false},"author":2,"featured_media":115696,"comment_status":"","ping_status":"","sticky":false,"template":"","format":"standard","meta":{"footnotes":""},"categories":[10],"tags":[3991,2254,4143,20,21,24,25,15,12381,22,23,13,30,28,29,14,16,41,131,26,27],"class_list":{"0":"post-115695","1":"post","2":"type-post","3":"status-publish","4":"format-standard","5":"has-post-thumbnail","7":"category-norge","8":"tag-arbeidsmiljo","9":"tag-barnehager","10":"tag-bemanning","11":"tag-breaking-news","12":"tag-breakingnews","13":"tag-featured-news","14":"tag-featurednews","15":"tag-headlines","16":"tag-kvalitet","17":"tag-latest-news","18":"tag-latestnews","19":"tag-news","20":"tag-no","21":"tag-norge","22":"tag-norway","23":"tag-nyheter","24":"tag-overskrifter","25":"tag-politikk","26":"tag-sykefravaer","27":"tag-top-stories","28":"tag-topstories"},"share_on_mastodon":{"url":"https:\/\/pubeurope.com\/@no\/115735780829410124","error":""},"_links":{"self":[{"href":"https:\/\/www.europesays.com\/no\/wp-json\/wp\/v2\/posts\/115695","targetHints":{"allow":["GET"]}}],"collection":[{"href":"https:\/\/www.europesays.com\/no\/wp-json\/wp\/v2\/posts"}],"about":[{"href":"https:\/\/www.europesays.com\/no\/wp-json\/wp\/v2\/types\/post"}],"author":[{"embeddable":true,"href":"https:\/\/www.europesays.com\/no\/wp-json\/wp\/v2\/users\/2"}],"replies":[{"embeddable":true,"href":"https:\/\/www.europesays.com\/no\/wp-json\/wp\/v2\/comments?post=115695"}],"version-history":[{"count":0,"href":"https:\/\/www.europesays.com\/no\/wp-json\/wp\/v2\/posts\/115695\/revisions"}],"wp:featuredmedia":[{"embeddable":true,"href":"https:\/\/www.europesays.com\/no\/wp-json\/wp\/v2\/media\/115696"}],"wp:attachment":[{"href":"https:\/\/www.europesays.com\/no\/wp-json\/wp\/v2\/media?parent=115695"}],"wp:term":[{"taxonomy":"category","embeddable":true,"href":"https:\/\/www.europesays.com\/no\/wp-json\/wp\/v2\/categories?post=115695"},{"taxonomy":"post_tag","embeddable":true,"href":"https:\/\/www.europesays.com\/no\/wp-json\/wp\/v2\/tags?post=115695"}],"curies":[{"name":"wp","href":"https:\/\/api.w.org\/{rel}","templated":true}]}}