{"id":115703,"date":"2025-12-17T16:18:12","date_gmt":"2025-12-17T16:18:12","guid":{"rendered":"https:\/\/www.europesays.com\/no\/115703\/"},"modified":"2025-12-17T16:18:12","modified_gmt":"2025-12-17T16:18:12","slug":"marita-35-drept-i-orkland","status":"publish","type":"post","link":"https:\/\/www.europesays.com\/no\/115703\/","title":{"rendered":"Marita (35) drept i Orkland"},"content":{"rendered":"\n<p class=\"_lead_o9xde_2 _lead_xtcu6_50 layout-component text-serif-m layout-normal text-serif-l layout-component layout-wide layout-padded _wide_17hqh_1 layout-padded\">Det var 35 \u00e5r gamle Marita L\u00f8fshus Haugen som ble drept p\u00e5 tettstedet L\u00f8kken Verk i Orkland kommune l\u00f8rdag.<\/p>\n<p><img alt=\"Politet rykket ut til \u00e5stedet l\u00f8rdag kveld. Foto: Joakim Halvorsen \/ NTB\" class=\"_image_qp4xg_65 layout-component layout-wide\" data-fullscreen- data-track-element-type=\"Article image fullscreen\" data-track-name=\"ImageFullscreen\" fetchpriority=\"high\" decoding=\"sync\" loading=\"eager\" height=\"5504\" itemprop=\"image\"  src=\"https:\/\/www.europesays.com\/no\/wp-content\/uploads\/2025\/12\/6d752501-7a45-474c-a443-83ddd1c049af\"  style=\"object-position:0% 0%\" width=\"8256\"\/>Politet rykket ut til \u00e5stedet l\u00f8rdag kveld. Foto: Joakim Halvorsen \/ NTB Oppdatert onsdag 17. desember kl. 16:59     <\/p>\n<p class=\"_paragraph_o9xde_4 _paragraph_xtcu6_10 layout-component text-serif-m layout-normal text-serif-m layout-padded\">\u00abMarita var en fantastisk mor, s\u00f8ster, datter og venn. Hun ga alltid alt for dem og det hun brydde seg om. De etterlatte beskriver henne som unik, sv\u00e6rt sterk og utrolig omsorgsfull.\u00bb<\/p>\n<p class=\"_paragraph_o9xde_4 _paragraph_xtcu6_10 layout-component text-serif-m layout-normal text-serif-m layout-padded\">Det skriver familiens bistandsadvokat, Laila Afelad, p\u00e5 vegne av Haugens etterlatte til <a href=\"https:\/\/www.tv2.no\/nyheter\/marita-35-drept-i-orkland-en-fantastisk-mor\/18386227\/\" class=\"_link_o9xde_39\" rel=\"nofollow noopener\" target=\"_blank\">TV 2<\/a>.\u00a0<\/p>\n<p class=\"_paragraph_o9xde_4 _paragraph_xtcu6_10 layout-component text-serif-m layout-normal text-serif-m layout-padded\">Hun skulle begynt p\u00e5 jobb klokken 20 ved Bj\u00f8rnlihiet pub i L\u00f8kken Verk i Tr\u00f8ndelag l\u00f8rdag 13. desember. <\/p>\n<p class=\"_paragraph_o9xde_4 _paragraph_xtcu6_10 layout-component text-serif-m layout-normal text-serif-m layout-padded\">I stedet fikk politiet en oppringing klokken 21.41 fra en som hadde funnet henne d\u00f8d. <\/p>\n<p class=\"_paragraph_o9xde_4 _paragraph_xtcu6_10 layout-component text-serif-m layout-normal text-serif-m layout-padded\">Da de kom til stedet et dr\u00f8yt kvarter senere, kunne det raskt konstateres at hun hadde blitt drept.<\/p>\n<p class=\"_paragraph_o9xde_4 _paragraph_xtcu6_10 layout-component text-serif-m layout-normal text-serif-m layout-padded\">Omtrent en time senere ble Maritas kollega J\u00f8rn Andersen (54) p\u00e5grepet og siktet for ugjerningen.<\/p>\n<p class=\"_paragraph_o9xde_4 _paragraph_xtcu6_10 layout-component text-serif-m layout-normal text-serif-m layout-padded\">Han er <a href=\"https:\/\/www.vg.no\/nyheter\/i\/q6ngEz\/opplysninger-til-vg-joern-andersen-siktet-for-drap-i-orkland\" data-track-element-type=\"Link\" data-track-id=\"link:q6ngEz\" class=\"_link_o9xde_39\" rel=\"nofollow noopener\" target=\"_blank\">tidligere d\u00f8mt for drap og vold.<\/a><\/p>\n<p class=\"_paragraph_o9xde_4 _paragraph_xtcu6_10 layout-component text-serif-m layout-normal text-serif-m layout-padded\">F\u00e5 dager i forveien hadde Andersen f\u00e5tt beskjed om \u00e5 holde seg unna henne. VG er kjent med at han skal ha hatt tilhold ved Bj\u00f8rnlihiet siden i sommer.<\/p>\n<p class=\"_paragraph_o9xde_4 _paragraph_xtcu6_10 layout-component text-serif-m layout-normal text-serif-m layout-padded\">Tettstedet L\u00f8kken Verk, som huser gjesteheimen, har omtrent 1000 innbyggere. <\/p>\n<p class=\"_paragraph_o9xde_4 _paragraph_xtcu6_10 layout-component text-serif-m layout-normal text-serif-m layout-padded\">Ved \u00e5stedet bortenfor arbeidsplassen tente sambygdingene lys i helgen.<\/p>\n<p class=\"_paragraph_o9xde_4 _paragraph_xtcu6_10 layout-component text-serif-m layout-normal text-serif-m layout-padded\">\u00c5stedet og funnstedet virker \u00e5 v\u00e6re innenfor noen meter fra hverandre, har politiet opplyst til VG, og er rundt hundre meter fra Bj\u00f8rnlihiet:<\/p>\n<p class=\"_paragraph_o9xde_4 _paragraph_xtcu6_10 layout-component text-serif-m layout-normal text-serif-m layout-padded\">\u2013 Dette f\u00f8les s\u00e5 veldig un\u00f8dvendig, sa <a href=\"https:\/\/www.vg.no\/nyheter\/i\/5pVgd6\/en-kvinne-ble-funnet-drept-i-den-lille-bygda-ubegripelig\" data-track-element-type=\"Link\" data-track-id=\"link:5pVgd6\" class=\"_link_o9xde_39\" rel=\"nofollow noopener\" target=\"_blank\">Anne Grefstad til VG s\u00f8ndag kveld.<\/a> Hun bor i leilighetskomplekset rett ved der 35-\u00e5ringen ble funnet drept.<\/p>\n<p class=\"_paragraph_o9xde_4 _paragraph_xtcu6_10 layout-component text-serif-m layout-normal text-serif-m layout-padded\">Da var ogs\u00e5 L\u00f8kken kirke \u00e5pen for sambygdinger som ville minnes og s\u00f8rge sammen. <\/p>\n<p><img alt=\"S\u00f8ndag kveld, et d\u00f8gn etter drapet, samlet mange seg i L\u00f8kken kirke for \u00e5 minnes Marita.   Foto: Hedda Kurseth \/ VG\" class=\"_image_qp4xg_65 layout-component layout-normal\" data-fullscreen- data-track-element-type=\"Article image fullscreen\" data-track-name=\"ImageFullscreen\" decoding=\"async\" loading=\"lazy\" height=\"4480\" itemprop=\"image\"  src=\"https:\/\/www.europesays.com\/no\/wp-content\/uploads\/2025\/12\/43001644-236e-44f0-9580-e7dc2e682b73\"  style=\"object-position:0% 0%\" width=\"6720\"\/>S\u00f8ndag kveld, et d\u00f8gn etter drapet, samlet mange seg i L\u00f8kken kirke for \u00e5 minnes Marita.   Foto: Hedda Kurseth \/ VG<\/p>\n<p class=\"_paragraph_o9xde_4 _paragraph_xtcu6_10 layout-component text-serif-m layout-normal text-serif-m layout-padded\">Overfor VG beskriver en av Maritas venner henne som \u00absykt omsorgsfull.\u00bb Hun var en person som gjorde alt for vennene sine. Hun var ogs\u00e5 sprudlende og fornuftig. <\/p>\n<p class=\"_paragraph_o9xde_4 _paragraph_xtcu6_10 layout-component text-serif-m layout-normal text-serif-m layout-padded\">\u2013 Hun var bare en fantastisk person og mor. <\/p>\n<p class=\"_paragraph_o9xde_4 _paragraph_xtcu6_10 layout-component text-serif-m layout-normal text-serif-m layout-padded\">Maritas arbeidsgiver p\u00e5 gjesteheimen, Tom Ketil Krogstad, har  beskrevet henne som en meget god medarbeider og venn i livet.<\/p>\n<p class=\"_paragraph_o9xde_4 _paragraph_xtcu6_10 layout-component text-serif-m layout-normal text-serif-m layout-padded\">\u2013 Hun var et bedre menneske enn de aller fleste, og vil bli dypt savnet og husket med mange positive minner.<\/p>\n<p>\u00abEvig glad i d\u00e6\u00bb<\/p>\n<p class=\"_paragraph_o9xde_4 _paragraph_xtcu6_10 layout-component text-serif-m layout-normal text-serif-m layout-padded\">Samme dag som den triste nyheten om drapet begynte \u00e5 spre seg i tr\u00f8nderkommunen, ble det opprettet en spleis til minne om Marita og hennes barn. <\/p>\n<p class=\"_paragraph_o9xde_4 _paragraph_xtcu6_10 layout-component text-serif-m layout-normal text-serif-m layout-padded\">Mandag kveld hadde 657 personer bidratt til spleisen, og uttrykt st\u00f8tte til familien i sorgen.<\/p>\n<p class=\"_paragraph_o9xde_4 _paragraph_xtcu6_10 layout-component text-serif-m layout-normal text-serif-m layout-padded\">\u00abTo sm\u00e5 barn har mistet sin ledestjerne, det gj\u00f8r ulidelig vondt. Kondolerer\u00bb skriver en.<\/p>\n<p class=\"_paragraph_o9xde_4 _paragraph_xtcu6_10 layout-component text-serif-m layout-normal text-serif-m layout-padded\">\u00abMaritami. S\u00e5 vondt \u00e5 ufattelig. Evig glad i d\u00e6\u00bb skriver en annen.<\/p>\n<p><img alt=\"Sambygdingene tente lys for Marita p\u00e5 \u00e5stedet.  Foto: Hedda Kurseth \/ VG\" class=\"_image_qp4xg_65 layout-component layout-normal\" data-fullscreen- data-track-element-type=\"Article image fullscreen\" data-track-name=\"ImageFullscreen\" decoding=\"async\" loading=\"lazy\" height=\"4480\" itemprop=\"image\"  src=\"https:\/\/www.europesays.com\/no\/wp-content\/uploads\/2025\/12\/cf050da0-1c63-4399-b603-9d7fa3f1632c\"  style=\"object-position:0% 0%\" width=\"6720\"\/>Sambygdingene tente lys for Marita p\u00e5 \u00e5stedet.  Foto: Hedda Kurseth \/ VG<\/p>\n<p class=\"_paragraph_o9xde_4 _paragraph_xtcu6_10 layout-component text-serif-m layout-normal text-serif-m layout-padded\"><strong class=\"_strong_o9xde_25\">Spleisen er full av hilsener fra venner som uttrykker sorg og savn:<\/strong><\/p>\n<p class=\"_paragraph_o9xde_4 _paragraph_xtcu6_10 layout-component text-serif-m layout-normal text-serif-m layout-padded\">\u00abKj\u00e6re Marita. Vi er s\u00e5 takknemlig for at du var en del av livet v\u00e5rt. Du vil alltid v\u00e6re med oss i v\u00e5re hjerter\u00bb<\/p>\n<p class=\"_paragraph_o9xde_4 _paragraph_xtcu6_10 layout-component text-serif-m layout-normal text-serif-m layout-padded\">\u00abTo sm\u00e5 uten mamma. Meningsl\u00f8st! V\u00e5re tanker er hos dere\u00bb<\/p>\n<p class=\"_paragraph_o9xde_4 _paragraph_xtcu6_10 layout-component text-serif-m layout-normal text-serif-m layout-padded\">\u00abOrd blir fattig. Tenker p\u00e5 barna dine og resten av familien din. Varme tanker i sorgen\u00bb<\/p>\n<p class=\"_paragraph_o9xde_4 _paragraph_xtcu6_10 layout-component text-serif-m layout-normal text-serif-m layout-padded\">\u00abSavne e s\u00e5 stort \u00e5 t\u00e5ran trille konstant. Du ane ikke korr my du betydde for m\u00e6 sj\u00f8l om vi sjeldent m\u00f8ttes\u00bb<\/p>\n<p class=\"_paragraph_o9xde_4 _paragraph_xtcu6_10 layout-component text-serif-m layout-normal text-serif-m layout-padded\">\u00abOrd blir fattig. Et samfunn og bygd i sorg. Varme tanka for dine etterlatte, Marita\u00bb<\/p>\n<ul class=\"_list_o9xde_3 _list_xtcu6_9 _unordered_o9xde_106 layout-component text-serif-m layout-normal text-serif-m layout-padded\">\n<li class=\"_item_o9xde_30\"><strong class=\"_strong_o9xde_25\">Les ogs\u00e5:<\/strong> <a href=\"https:\/\/www.vg.no\/nyheter\/i\/5pVgd6\/en-kvinne-ble-funnet-drept-i-den-lille-bygda-ubegripelig\" data-track-element-type=\"Link\" data-track-id=\"link:5pVgd6\" class=\"_link_o9xde_39\" rel=\"nofollow noopener\" target=\"_blank\">En kvinne ble funnet drept i den lille bygda: \u2013\u2060 Ubegripelig<\/a><\/li>\n<\/ul>\n","protected":false},"excerpt":{"rendered":"Det var 35 \u00e5r gamle Marita L\u00f8fshus Haugen som ble drept p\u00e5 tettstedet L\u00f8kken Verk i Orkland kommune&hellip;\n","protected":false},"author":2,"featured_media":115704,"comment_status":"","ping_status":"","sticky":false,"template":"","format":"standard","meta":{"footnotes":""},"categories":[10],"tags":[20,21,24,25,15,22,23,13,30,28,29,14,16,26,27],"class_list":{"0":"post-115703","1":"post","2":"type-post","3":"status-publish","4":"format-standard","5":"has-post-thumbnail","7":"category-norge","8":"tag-breaking-news","9":"tag-breakingnews","10":"tag-featured-news","11":"tag-featurednews","12":"tag-headlines","13":"tag-latest-news","14":"tag-latestnews","15":"tag-news","16":"tag-no","17":"tag-norge","18":"tag-norway","19":"tag-nyheter","20":"tag-overskrifter","21":"tag-top-stories","22":"tag-topstories"},"share_on_mastodon":{"url":"https:\/\/pubeurope.com\/@no\/115735816559233859","error":""},"_links":{"self":[{"href":"https:\/\/www.europesays.com\/no\/wp-json\/wp\/v2\/posts\/115703","targetHints":{"allow":["GET"]}}],"collection":[{"href":"https:\/\/www.europesays.com\/no\/wp-json\/wp\/v2\/posts"}],"about":[{"href":"https:\/\/www.europesays.com\/no\/wp-json\/wp\/v2\/types\/post"}],"author":[{"embeddable":true,"href":"https:\/\/www.europesays.com\/no\/wp-json\/wp\/v2\/users\/2"}],"replies":[{"embeddable":true,"href":"https:\/\/www.europesays.com\/no\/wp-json\/wp\/v2\/comments?post=115703"}],"version-history":[{"count":0,"href":"https:\/\/www.europesays.com\/no\/wp-json\/wp\/v2\/posts\/115703\/revisions"}],"wp:featuredmedia":[{"embeddable":true,"href":"https:\/\/www.europesays.com\/no\/wp-json\/wp\/v2\/media\/115704"}],"wp:attachment":[{"href":"https:\/\/www.europesays.com\/no\/wp-json\/wp\/v2\/media?parent=115703"}],"wp:term":[{"taxonomy":"category","embeddable":true,"href":"https:\/\/www.europesays.com\/no\/wp-json\/wp\/v2\/categories?post=115703"},{"taxonomy":"post_tag","embeddable":true,"href":"https:\/\/www.europesays.com\/no\/wp-json\/wp\/v2\/tags?post=115703"}],"curies":[{"name":"wp","href":"https:\/\/api.w.org\/{rel}","templated":true}]}}