{"id":115710,"date":"2025-12-17T16:27:16","date_gmt":"2025-12-17T16:27:16","guid":{"rendered":"https:\/\/www.europesays.com\/no\/115710\/"},"modified":"2025-12-17T16:27:16","modified_gmt":"2025-12-17T16:27:16","slug":"jodenes-frykt-handler-om-norge","status":"publish","type":"post","link":"https:\/\/www.europesays.com\/no\/115710\/","title":{"rendered":"J\u00f8denes frykt handler om Norge"},"content":{"rendered":"\n<p class=\"_paragraph_o9xde_4 _paragraph_xtcu6_10 layout-component text-serif-m layout-normal text-serif-m layout-padded\">Og ja. Det er p\u00e5 tide \u00e5 snakke om HolocaustHolocaustHolocaust refererer til nazistenes systematiske folkemord p\u00e5 seks millioner j\u00f8der under andre verdenskrig. igjen. Om nedarvet frykt gjennom generasjoner av j\u00f8diske familier. En helt berettiget frykt. Det har historien vist.<\/p>\n<p class=\"_paragraph_o9xde_4 _paragraph_xtcu6_10 layout-component text-serif-m layout-normal text-serif-m layout-padded\">Det er fortsatt f\u00e6rre j\u00f8der i verden i dag enn det var f\u00f8r nazistenes industrielle folkemord under andre verdenskrig. Den gangen ble 6 millioner j\u00f8der drept, de fleste av dem gasset ihjel i nazistenes konsentrasjonsleirerkonsentrasjonsleirerKonsentrasjonsleirer var steder der nazistene under andre verdenskrig internerte og drepte millioner av mennesker, inkludert j\u00f8der, som en del av Holocaust..<\/p>\n<p class=\"_paragraph_o9xde_4 _paragraph_xtcu6_10 layout-component text-serif-m layout-normal text-serif-m layout-padded\">Danskene beskyttet sine j\u00f8diske landsmenn den gangen.<a href=\"https:\/\/www.hlsenteret.no\/undervisning\/kunnskapsbasen\/Ulike%20folkemord\/folkemord-under-nazismen\/holocaust\/danmark\/danmark.html\" class=\"_link_o9xde_39\" rel=\"nofollow noopener\" target=\"_blank\"> I 1943 kom n\u00e6r 8.000 seg til Sverige<\/a>. Mange flyktet p\u00e5 egen h\u00e5nd, andre ble reddet av den danske motstandsbevegelsen &#8211; og av vanlige folk. Rundt 500 j\u00f8der slapp ikke unna konsentrasjonsleirene. Men av disse var det \u00abbare\u00bb ca 50 som ble drept. Danske myndigheter forhandlet frem mindre brutale soningsforhold for sine j\u00f8diske borgere.<\/p>\n<ul class=\"_gallery_1qa3s_23\" tabindex=\"0\">\n<li class=\"_item_1qa3s_37\" data-index=\"0\"><img decoding=\"async\" class=\"_image_foru8_23 _articleGallery_foru8_39\" data-fullscreen- width=\"8036\" height=\"5358\" itemprop=\"image\" loading=\"lazy\"  src=\"https:\/\/www.europesays.com\/no\/wp-content\/uploads\/2025\/12\/ba65a82d-e471-44d8-a6a2-d3cc915f40cb\"  style=\"object-position:50% 50%;aspect-ratio:var(--gallery-aspect-ratio, 16 \/ 9)\"\/>Line Khateeb, leder for Palestinakomiteen i Norge, under J\u00f8diske Stemmer for Rettferdig Fred sin hanukka-markering foran Stortinget onsdag ettermiddag.  Foto: Fredrik Varfjell \/ NTB<\/li>\n<li class=\"_item_1qa3s_37\" data-index=\"1\"><img decoding=\"async\" class=\"_image_foru8_23 _articleGallery_foru8_39\" data-fullscreen- width=\"8640\" height=\"5760\" itemprop=\"image\" loading=\"lazy\"  src=\"https:\/\/www.europesays.com\/no\/wp-content\/uploads\/2025\/12\/07223353-bc90-48a3-a9a1-64dc57b3dffc\"  style=\"object-position:50% 50%;aspect-ratio:var(--gallery-aspect-ratio, 16 \/ 9)\"\/>Hanukka-markering i solidaritet med Palestina foran Stortinget. Foto: Fredrik Varfjell \/ NTB<\/li>\n<li class=\"_item_1qa3s_37\" data-index=\"2\"><img decoding=\"async\" class=\"_image_foru8_23 _articleGallery_foru8_39\" data-fullscreen- width=\"8162\" height=\"5441\" itemprop=\"image\" loading=\"lazy\"  src=\"https:\/\/www.europesays.com\/no\/wp-content\/uploads\/2025\/12\/568fe185-3220-4278-be32-9cd7c4958228\"  style=\"object-position:50% 50%;aspect-ratio:var(--gallery-aspect-ratio, 16 \/ 9)\"\/>SV-leder Kjersti Bergst\u00f8 taler under markeringen.\u00a0 Foto: Fredrik Varfjell \/ NTB<\/li>\n<li class=\"_item_1qa3s_37\" data-index=\"3\"><img decoding=\"async\" class=\"_image_foru8_23 _articleGallery_foru8_39\" data-fullscreen- width=\"8007\" height=\"5338\" itemprop=\"image\" loading=\"lazy\"  src=\"https:\/\/www.europesays.com\/no\/wp-content\/uploads\/2025\/12\/6a4e60c7-1328-430e-aba3-a8698fccf26e\"  style=\"object-position:50% 50%;aspect-ratio:var(--gallery-aspect-ratio, 16 \/ 9)\"\/>Under markeringen ble det ogs\u00e5 tent lys.  Foto: Fredrik Varfjell \/ NTB<\/li>\n<\/ul>\n<p>Line Khateeb, leder for Palestinakomiteen i Norge, under J\u00f8diske Stemmer for Rettferdig Fred sin hanukka-markering foran Stortinget onsdag ettermiddag.  Foto: Fredrik Varfjell \/ NTB<\/p>\n<p class=\"_paragraph_o9xde_4 _paragraph_xtcu6_10 layout-component text-serif-m layout-normal text-serif-m layout-padded\"><a href=\"https:\/\/www.kristeligt-dagblad.dk\/danmark\/christian-x-var-parat-til-lade-alle-b%C3%A6re-j%C3%B8destjerne\" class=\"_link_o9xde_39\" rel=\"nofollow noopener\" target=\"_blank\">Myten forteller at den danske kongen bar den gule j\u00f8destjernen, for \u00e5 vise solidaritet med j\u00f8dene. <\/a>Det er kun en myte. Men det som er dokumentert i ettertid, er at danskekongen \u00e5pnet for at han selv og alle dansker skulle g\u00e5 med den gule stjernen p\u00e5 brystet dersom tyskerne krevde at hans j\u00f8diske landsmenn m\u00e5tte gj\u00f8re det. Det slapp danske j\u00f8der, trolig nettopp p\u00e5 grunn av kongens og danske myndigheters kamp for dem.<\/p>\n<p><img alt=\"Togsporene som ledet frem til konsentrasjonsleiren Auschwitz Birkenau.      Foto: Markus Schreiber \/ AP \/ NTB\" class=\"_image_qp4xg_65 layout-component layout-normal\" data-fullscreen- data-track-element-type=\"Article image fullscreen\" data-track-name=\"ImageFullscreen\" decoding=\"async\" loading=\"lazy\" height=\"3843\" itemprop=\"image\"  src=\"https:\/\/www.europesays.com\/no\/wp-content\/uploads\/2025\/12\/74a05ce3-f5b1-4b49-94fe-f917d2c9e207\"  style=\"object-position:0% 0%\" width=\"5765\"\/>Togsporene som ledet frem til konsentrasjonsleiren Auschwitz Birkenau.      Foto: Markus Schreiber \/ AP \/ NTB<\/p>\n<p class=\"_paragraph_o9xde_4 _paragraph_xtcu6_10 layout-component text-serif-m layout-normal text-serif-m layout-padded\">Og hva gjorde Norge? Norske borgere sendte j\u00f8diske nordmenn til konsentrasjonsleirene. De fleste av dem med skipet Donau en novemberdag i 1942.<\/p>\n<p class=\"_paragraph_o9xde_4 _paragraph_xtcu6_10 layout-component text-serif-m layout-normal text-serif-m layout-padded\">For det var ikke tyskerne som gjorde jobben med \u00e5 samle inn de norske j\u00f8dene. Mange nordmenn var villige til \u00e5 utf\u00f8re oppgaven for nazistene. Det skjedde p\u00e5 et tidspunkt da danske j\u00f8der fortsatt levde et ganske trygt liv i sitt hjemland.<\/p>\n<p class=\"_paragraph_o9xde_4 _paragraph_xtcu6_10 layout-component text-serif-m layout-normal text-serif-m layout-padded\">Da j\u00f8dene kom hjem til Norge etter krigen (de ytterst f\u00e5 som overlevde) hadde nordmenn tatt over b\u00e5de leiligheter og andre verdier. Mange av j\u00f8dene fikk aldri tilbake det som var deres.<\/p>\n<p class=\"_paragraph_o9xde_4 _paragraph_xtcu6_10 layout-component text-serif-m layout-normal text-serif-m layout-padded\">Og i dag?<\/p>\n<p class=\"_paragraph_o9xde_4 _paragraph_xtcu6_10 layout-component text-serif-m layout-normal text-serif-m layout-padded\">I dag er den bitte lille j\u00f8diske minoriteten vi fortsatt har i Norge, den mest utsatte. Den j\u00f8diske barnehagen og sykehjemmet m\u00e5 ha v\u00e6pnet beskyttelse &#8211; hver dag, hele tiden. Mens j\u00f8denes gudshus er det eneste gudshuset som m\u00e5 bevoktes &#8211; hele tiden.<\/p>\n<p><img alt=\"Politiet m\u00e5 beskytte j\u00f8denes synagoge i Oslo. Slik har det v\u00e6rt i mange \u00e5r. Men trusselbildet har blitt enda mer alvorlig etter Hamas sitt terrorangrep 7.oktober 2023.  Foto: Hallgeir V\u00e5genes \/ VG\" class=\"_image_qp4xg_65 layout-component layout-normal\" data-fullscreen- data-track-element-type=\"Article image fullscreen\" data-track-name=\"ImageFullscreen\" decoding=\"async\" loading=\"lazy\" height=\"3020\" itemprop=\"image\"  src=\"https:\/\/www.europesays.com\/no\/wp-content\/uploads\/2025\/12\/34fd8cc7-7a34-43b7-b497-4728e15523b4\"  style=\"object-position:0% 0%\" width=\"4530\"\/>Politiet m\u00e5 beskytte j\u00f8denes synagoge i Oslo. Slik har det v\u00e6rt i mange \u00e5r. Men trusselbildet har blitt enda mer alvorlig etter Hamas sitt terrorangrep 7.oktober 2023.  Foto: Hallgeir V\u00e5genes \/ VG<\/p>\n<p class=\"_paragraph_o9xde_4 _paragraph_xtcu6_10 layout-component text-serif-m layout-normal text-serif-m layout-padded\">Og vi godtar at det er slik. Vi godtar at sm\u00e5 barn p\u00e5 vei til barnehagen blir m\u00f8tt hver morgen av tungt uniformert politi med v\u00e5pen over skulderen. At eldre mennesker, kanskje noen med egne sterke minner om Holocaust, opplever at landet som en gang tok fra dem alt, fortsatt ikke evner \u00e5 gi dem trygghet.<\/p>\n<p class=\"_paragraph_o9xde_4 _paragraph_xtcu6_10 layout-component text-serif-m layout-normal text-serif-m layout-padded\">De aller fleste du sp\u00f8r, vil si at det er forferdelig at det er slik. Men hvor dypt stikker det? Hvor er protestene? Sympatiaksjonene? Vanlige folk som roper ut at slik vil vi ikke ha det i landet v\u00e5rt!!<\/p>\n<p class=\"_paragraph_o9xde_4 _paragraph_xtcu6_10 layout-component text-serif-m layout-normal text-serif-m layout-padded\">Det er nesten helt stille. Stillheten er kanskje det verste. For j\u00f8diske foreldre som ser at barna deres har det vanskelig p\u00e5 skolen. For de voksne, som kan fortelle om brutte vennskap.<\/p>\n<p class=\"_paragraph_o9xde_4 _paragraph_xtcu6_10 layout-component text-serif-m layout-normal text-serif-m layout-padded\">Om m\u00f8ter med andre nordmenn som til stadighet m\u00e5 understreke at de tar avstand fra Israel. Eller som avkrever sine j\u00f8diske venner svar p\u00e5 hva de mener om krigen i Gaza. Eller om Israels plass i verden.<\/p>\n<p class=\"_paragraph_o9xde_4 _paragraph_xtcu6_10 layout-component text-serif-m layout-normal text-serif-m layout-padded\">Uten \u00e5 forst\u00e5 det kompliserte forholdet j\u00f8der over hele verden har til Israel. Staten de ser som sitt siste fristed, dersom verden igjen g\u00e5r av hengslene for verdens j\u00f8der.<\/p>\n<p class=\"_paragraph_o9xde_4 _paragraph_xtcu6_10 layout-component text-serif-m layout-normal text-serif-m layout-padded\">Eller uten \u00e5 anerkjenne den sorgen j\u00f8der i Norge opplever over det som skjer i Israel. En sorg som ligger der, uavhengig av hva de mener om israelsk politikk, eller om krigen i Gaza<\/p>\n<p><img alt=\"En s\u00f8rgende tenner lys utenfor Bondi beach for \u00e5 hedre ofrene etter terrorangrepet.   Foto: DAVID GRAY \/ AFP \/ NTB\" class=\"_image_qp4xg_65 layout-component layout-normal\" data-fullscreen- data-track-element-type=\"Article image fullscreen\" data-track-name=\"ImageFullscreen\" decoding=\"async\" loading=\"lazy\" height=\"4000\" itemprop=\"image\"  src=\"https:\/\/www.europesays.com\/no\/wp-content\/uploads\/2025\/12\/c7fc9c9b-6dcd-4aa9-a547-486cd8f8a6cd\"  style=\"object-position:0% 0%\" width=\"6000\"\/>En s\u00f8rgende tenner lys utenfor Bondi beach for \u00e5 hedre ofrene etter terrorangrepet.   Foto: DAVID GRAY \/ AFP \/ NTB<\/p>\n<p class=\"_paragraph_o9xde_4 _paragraph_xtcu6_10 layout-component text-serif-m layout-normal text-serif-m layout-padded\">S\u00e6rlig etter Hamas sitt terrorangrep 7.oktober 2023 har det blitt vanskelig. Israel driver en omstridt og brutal krigf\u00f8ring i Gaza. Og er under angrep p\u00e5 samme tid. Samtidig som antisemittismenantisemittismenAntisemittisme er hat eller fordommer mot j\u00f8der som en etnisk eller religi\u00f8s gruppe.<\/p>\n<p> og j\u00f8dehatet sprer seg med en styrke verden ikke har sett siden mellomkrigs\u00e5rene.<\/p>\n<p class=\"_paragraph_o9xde_4 _paragraph_xtcu6_10 layout-component text-serif-m layout-normal text-serif-m layout-padded\">Terrorangrepet p\u00e5 Bondi Beach i Australia er bare ett av mange terrorangrep mot j\u00f8der de siste par \u00e5rene. Det mest omfattende og brutale. Men ikke det eneste.<\/p>\n<p class=\"_paragraph_o9xde_4 _paragraph_xtcu6_10 layout-component text-serif-m layout-normal text-serif-m layout-padded\">B\u00e5de hatet og terroren har skremt j\u00f8der over hele verden. Ogs\u00e5 her i Norge skjuler mange n\u00e5 sin j\u00f8diske identitet. Ogs\u00e5 her f\u00f8ler j\u00f8dene seg utsatt. Oversett. Og truet.<\/p>\n<p class=\"_paragraph_o9xde_4 _paragraph_xtcu6_10 layout-component text-serif-m layout-normal text-serif-m layout-padded\">Og hva gj\u00f8r vi? Som samfunn? Og hver og en av oss?<\/p>\n<p class=\"_paragraph_o9xde_4 _paragraph_xtcu6_10 layout-component text-serif-m layout-normal text-serif-m layout-padded\">Gj\u00f8r vi noe som synes &#8211; i solidaritet med v\u00e5r minste og mest utsatte minoritet? P\u00e5 samme m\u00e5te som mange Palestinsympatis\u00f8rer b\u00e6rer Palestinaskjerf?<\/p>\n<p class=\"_paragraph_o9xde_4 _paragraph_xtcu6_10 layout-component text-serif-m layout-normal text-serif-m layout-padded\">De f\u00e6rreste Palestinavenner \u00f8nsker \u00e5 bli assosiert med Hamas. Naturlig nok.<\/p>\n<p class=\"_paragraph_o9xde_4 _paragraph_xtcu6_10 layout-component text-serif-m layout-normal text-serif-m layout-padded\">P\u00e5 samme m\u00e5te burde det v\u00e6re mulig \u00e5 vise en form for synlig solidaritet med j\u00f8der over hele verden &#8211; uten \u00e5 bli assosiert med Netanyahu og Israels krigf\u00f8ring. For eksempel ved \u00e5 skaffe seg den sjuarmede lysestaken som finnes i n\u00e6r alle j\u00f8diske hjem. Menoraen, et av de eldste og viktigste symbolene i j\u00f8dedommen.<\/p>\n<p><img alt=\"Et brodert bilde av menoraen i den gamle synagogen i Worms i Tsykland. Dette er den eldste synagogen i sitt slag i Nord-Europa.    Foto: RONALD WITTEK \/ EPA \/ NTB\" class=\"_image_qp4xg_65 layout-component layout-normal\" data-fullscreen- data-track-element-type=\"Article image fullscreen\" data-track-name=\"ImageFullscreen\" decoding=\"async\" loading=\"lazy\" height=\"3517\" itemprop=\"image\"  src=\"https:\/\/www.europesays.com\/no\/wp-content\/uploads\/2025\/12\/878c490d-6406-4271-ab32-d958ee7b3157\"  style=\"object-position:0% 0%\" width=\"5454\"\/>Et brodert bilde av menoraen i den gamle synagogen i Worms i Tsykland. Dette er den eldste synagogen i sitt slag i Nord-Europa.    Foto: RONALD WITTEK \/ EPA \/ NTB<\/p>\n<p class=\"_paragraph_o9xde_4 _paragraph_xtcu6_10 layout-component text-serif-m layout-normal text-serif-m layout-padded\">Faktisk burde det v\u00e6rt mulig \u00e5 vise synlig solidaritet med b\u00e5de j\u00f8der og palestinere. For det er ingen grunn til at man skal m\u00e5tte velge &#8211; det burde v\u00e6re mulig \u00e5 ha sympati med b\u00e5de verdens j\u00f8der og det palestinske folk &#8211; p\u00e5 samme tid.<\/p>\n<p class=\"_paragraph_o9xde_4 _paragraph_xtcu6_10 layout-component text-serif-m layout-normal text-serif-m layout-padded\">Det er kan hende jeg tar feil. Men jeg innbiller meg at det \u00e5 vise synlig solidaritet med j\u00f8dene, av mange her hjemme ville blitt oppfattet som langt mer provoserende enn \u00e5 vise solidaritet med palestinerne, gjennom \u00e5 ha p\u00e5 seg Palestinaskjerfet.<\/p>\n<p class=\"_paragraph_o9xde_4 _paragraph_xtcu6_10 layout-component text-serif-m layout-normal text-serif-m layout-padded\">Dersom jeg har rett &#8211; hvorfor er det slik? Handler det bare om det bastante synet mange nordmenn har p\u00e5 den sv\u00e6rt kompliserte konflikten i Midt\u00f8sten? Eller stikker det dypere?<\/p>\n<p class=\"_paragraph_o9xde_4 _paragraph_xtcu6_10 layout-component text-serif-m layout-normal text-serif-m layout-padded\">Det er grunn til \u00e5 sp\u00f8rre om det kommer fra et m\u00f8rkere sted. Et sted der antisemittismen gror. Og har gjort det i hundrevis av \u00e5r.<\/p>\n<p class=\"_paragraph_o9xde_4 _paragraph_xtcu6_10 layout-component text-serif-m layout-normal text-serif-m layout-padded\">Det er i hvert fall en samtale vi b\u00f8r ta. Ikke f\u00f8rst og fremst av hensyn til Norges j\u00f8der. Men mest av alt fordi vi som samfunn ikke kan leve med at v\u00e5re j\u00f8diske landsmenn ikke f\u00f8ler seg trygge i landet v\u00e5rt.<\/p>\n<p>   Dette er en kommentar. Kommentaren gir uttrykk for skribentens holdning. <\/p>\n","protected":false},"excerpt":{"rendered":"Og ja. Det er p\u00e5 tide \u00e5 snakke om HolocaustHolocaustHolocaust refererer til nazistenes systematiske folkemord p\u00e5 seks millioner&hellip;\n","protected":false},"author":2,"featured_media":115711,"comment_status":"","ping_status":"","sticky":false,"template":"","format":"standard","meta":{"footnotes":""},"categories":[10],"tags":[6494,20,21,24,25,15,14007,22,23,13,30,28,29,14,16,26,27,103],"class_list":{"0":"post-115710","1":"post","2":"type-post","3":"status-publish","4":"format-standard","5":"has-post-thumbnail","7":"category-norge","8":"tag-antisemittisme","9":"tag-breaking-news","10":"tag-breakingnews","11":"tag-featured-news","12":"tag-featurednews","13":"tag-headlines","14":"tag-holocaust","15":"tag-latest-news","16":"tag-latestnews","17":"tag-news","18":"tag-no","19":"tag-norge","20":"tag-norway","21":"tag-nyheter","22":"tag-overskrifter","23":"tag-top-stories","24":"tag-topstories","25":"tag-vgmeninger"},"share_on_mastodon":{"url":"https:\/\/pubeurope.com\/@no\/115735851701315830","error":""},"_links":{"self":[{"href":"https:\/\/www.europesays.com\/no\/wp-json\/wp\/v2\/posts\/115710","targetHints":{"allow":["GET"]}}],"collection":[{"href":"https:\/\/www.europesays.com\/no\/wp-json\/wp\/v2\/posts"}],"about":[{"href":"https:\/\/www.europesays.com\/no\/wp-json\/wp\/v2\/types\/post"}],"author":[{"embeddable":true,"href":"https:\/\/www.europesays.com\/no\/wp-json\/wp\/v2\/users\/2"}],"replies":[{"embeddable":true,"href":"https:\/\/www.europesays.com\/no\/wp-json\/wp\/v2\/comments?post=115710"}],"version-history":[{"count":0,"href":"https:\/\/www.europesays.com\/no\/wp-json\/wp\/v2\/posts\/115710\/revisions"}],"wp:featuredmedia":[{"embeddable":true,"href":"https:\/\/www.europesays.com\/no\/wp-json\/wp\/v2\/media\/115711"}],"wp:attachment":[{"href":"https:\/\/www.europesays.com\/no\/wp-json\/wp\/v2\/media?parent=115710"}],"wp:term":[{"taxonomy":"category","embeddable":true,"href":"https:\/\/www.europesays.com\/no\/wp-json\/wp\/v2\/categories?post=115710"},{"taxonomy":"post_tag","embeddable":true,"href":"https:\/\/www.europesays.com\/no\/wp-json\/wp\/v2\/tags?post=115710"}],"curies":[{"name":"wp","href":"https:\/\/api.w.org\/{rel}","templated":true}]}}