{"id":115712,"date":"2025-12-17T16:29:10","date_gmt":"2025-12-17T16:29:10","guid":{"rendered":"https:\/\/www.europesays.com\/no\/115712\/"},"modified":"2025-12-17T16:29:10","modified_gmt":"2025-12-17T16:29:10","slug":"brudd-mellom-tennisstjernen-carlos-alcaraz-og-treneren-juan-carlos-ferrero","status":"publish","type":"post","link":"https:\/\/www.europesays.com\/no\/115712\/","title":{"rendered":"Brudd mellom tennisstjernen Carlos Alcaraz og treneren Juan Carlos Ferrero"},"content":{"rendered":"\n<p class=\"_lead_o9xde_2 _lead_xtcu6_50 layout-component text-serif-m layout-normal text-serif-l layout-component layout-wide layout-padded _wide_17hqh_1 layout-padded\">Tennisstjernen Carlos Alcaraz og treneren hans gjennom sju \u00e5r, Juan Carlos Ferrero, skiller lag.<\/p>\n<p><img alt=\"Carlos Alcaraz og treneren Juan Carlos Ferrero skiller lag etter sju \u00e5r.  Foto: Thibault Camus \/ AP \/ NTB\" class=\"_image_qp4xg_65 layout-component layout-wide\" data-fullscreen- data-track-element-type=\"Article image fullscreen\" data-track-name=\"ImageFullscreen\" fetchpriority=\"high\" decoding=\"sync\" loading=\"eager\" height=\"3722\" itemprop=\"image\"  src=\"https:\/\/www.europesays.com\/no\/wp-content\/uploads\/2025\/12\/f3f606fc-483f-4a54-96dd-d746f95782e4\"  style=\"object-position:0% 0%\" width=\"5583\"\/>Carlos Alcaraz og treneren Juan Carlos Ferrero skiller lag etter sju \u00e5r.  Foto: Thibault Camus \/ AP \/ NTB<\/p>\n<ul aria-hidden=\"true\" class=\"_images_ntbth_112\">\n<li><a class=\"_link_ntbth_117\" href=\"https:\/\/www.vg.no\/forfatter\/ntb\" style=\"z-index:1\" title=\"NTB\" rel=\"nofollow noopener\" target=\"_blank\"><img alt=\"Bilde av NTB\" class=\"_image_ntbth_93\" fetchpriority=\"low\" loading=\"lazy\" decoding=\"async\" itemprop=\"image\"  src=\"https:\/\/www.europesays.com\/no\/wp-content\/uploads\/2025\/12\/1765988950_737_c33980b0-5d07-4027-84a1-813f90a7c8d6\"  width=\"480\"\/><\/a><\/li>\n<\/ul>\n<p> Oppdatert onsdag 17. desember kl. 15:49     <\/p>\n<p class=\"_paragraph_o9xde_4 _paragraph_xtcu6_10 layout-component text-serif-m layout-normal text-serif-m layout-padded\">Det opplyser verdenseneren i sosiale medier onsdag.<\/p>\n<p class=\"_paragraph_o9xde_4 _paragraph_xtcu6_10 layout-component text-serif-m layout-normal text-serif-m layout-padded\">\u00abDet er veldig vanskelig for meg \u00e5 skrive dette innlegget\u00bb, innleder spanjolen.<\/p>\n<p class=\"_paragraph_o9xde_4 _paragraph_xtcu6_10 layout-component text-serif-m layout-normal text-serif-m layout-padded\">\u00abVi n\u00e5dde toppen, og hvis v\u00e5re sportslige veier m\u00e5tte skilles, burde det v\u00e6re fra toppen. Fra stedet vi alltid har jobbet mot og alltid har \u00f8nsket \u00e5 n\u00e5\u00bb, skriver han videre.<\/p>\n<p class=\"_paragraph_o9xde_4 _paragraph_xtcu6_10 layout-component text-serif-m layout-normal text-serif-m layout-padded\">Alcaraz har hatt et sv\u00e6rt suksessrikt arbeidsforhold med Ferrero. Blant annet er det blitt seks Grand Slam-titler og s\u00f8lv i OL. Den f\u00f8rste GS-tittelen kom med finaleseier over Casper Ruud i US Open i 2022.<\/p>\n<p class=\"_paragraph_o9xde_4 _paragraph_xtcu6_10 layout-component text-serif-m layout-normal text-serif-m layout-padded\">Derfra har det bare g\u00e5tt oppover for 22-\u00e5ringen. Han har for alvor tatt opp den spanske arven etter legenden Rafael Nadal.<\/p>\n<p class=\"_paragraph_o9xde_4 _paragraph_xtcu6_10 layout-component text-serif-m layout-normal text-serif-m layout-padded\">Alcaraz avsluttet sesongen med \u00e5 tape ATP-finalen mot rivalen Jannik Sinner.<\/p>\n<p class=\"_paragraph_o9xde_4 _paragraph_xtcu6_10 layout-component text-serif-m layout-normal text-serif-m layout-padded\">Og n\u00e5 gj\u00f8r alts\u00e5 verdenseneren endringer p\u00e5 trenersiden.<\/p>\n","protected":false},"excerpt":{"rendered":"Tennisstjernen Carlos Alcaraz og treneren hans gjennom sju \u00e5r, Juan Carlos Ferrero, skiller lag. Carlos Alcaraz og treneren&hellip;\n","protected":false},"author":2,"featured_media":115713,"comment_status":"","ping_status":"","sticky":false,"template":"","format":"standard","meta":{"footnotes":""},"categories":[59],"tags":[2186,30,28,29,83,82,909],"class_list":{"0":"post-115712","1":"post","2":"type-post","3":"status-publish","4":"format-standard","5":"has-post-thumbnail","7":"category-sport","8":"tag-carlos-alcaraz","9":"tag-no","10":"tag-norge","11":"tag-norway","12":"tag-sport","13":"tag-sports","14":"tag-tennis"},"share_on_mastodon":{"url":"https:\/\/pubeurope.com\/@no\/115735859496951260","error":""},"_links":{"self":[{"href":"https:\/\/www.europesays.com\/no\/wp-json\/wp\/v2\/posts\/115712","targetHints":{"allow":["GET"]}}],"collection":[{"href":"https:\/\/www.europesays.com\/no\/wp-json\/wp\/v2\/posts"}],"about":[{"href":"https:\/\/www.europesays.com\/no\/wp-json\/wp\/v2\/types\/post"}],"author":[{"embeddable":true,"href":"https:\/\/www.europesays.com\/no\/wp-json\/wp\/v2\/users\/2"}],"replies":[{"embeddable":true,"href":"https:\/\/www.europesays.com\/no\/wp-json\/wp\/v2\/comments?post=115712"}],"version-history":[{"count":0,"href":"https:\/\/www.europesays.com\/no\/wp-json\/wp\/v2\/posts\/115712\/revisions"}],"wp:featuredmedia":[{"embeddable":true,"href":"https:\/\/www.europesays.com\/no\/wp-json\/wp\/v2\/media\/115713"}],"wp:attachment":[{"href":"https:\/\/www.europesays.com\/no\/wp-json\/wp\/v2\/media?parent=115712"}],"wp:term":[{"taxonomy":"category","embeddable":true,"href":"https:\/\/www.europesays.com\/no\/wp-json\/wp\/v2\/categories?post=115712"},{"taxonomy":"post_tag","embeddable":true,"href":"https:\/\/www.europesays.com\/no\/wp-json\/wp\/v2\/tags?post=115712"}],"curies":[{"name":"wp","href":"https:\/\/api.w.org\/{rel}","templated":true}]}}