{"id":115724,"date":"2025-12-17T16:41:09","date_gmt":"2025-12-17T16:41:09","guid":{"rendered":"https:\/\/www.europesays.com\/no\/115724\/"},"modified":"2025-12-17T16:41:09","modified_gmt":"2025-12-17T16:41:09","slug":"to-personer-involvert-nrk-ostfold-lokale-nyheter-tv-og-radio","status":"publish","type":"post","link":"https:\/\/www.europesays.com\/no\/115724\/","title":{"rendered":"To personer involvert \u2013 NRK \u00d8stfold \u2013 Lokale nyheter, TV og radio"},"content":{"rendered":"<p>To biler har v\u00e6rt involvert i en trafikkulykke i Indre \u00d8stfold. Politiet meldte om hendelsen som har skjedd nord for Ringvoll klokken 16.35.<\/p>\n<p>Ulykken ble f\u00f8rst vurdert som alvorlig, men like etter klokken 17 opplyste politiet at situasjonen var mindre alvorlig enn antatt.<\/p>\n<p>\u2013 Ingen av dem fremst\u00e5r alvorlig skadd per n\u00e5, men de unders\u00f8kes av helsepersonell, opplyser operasjonsleder Fredrik Solbakken i \u00d8st politidistrikt.<\/p>\n<p>En mann og en kvinne er v\u00e5kne og ivaretas p\u00e5 stedet.<br \/>Det meldes om glatte kj\u00f8reforhold, og veien er forel\u00f8pig stengt i begge retninger.<\/p>\n<p>Brannvesenet bist\u00e5r ogs\u00e5 i arbeidet.<\/p>\n<p>\u2013 Vi s\u00f8rger for at bilene ikke begynner \u00e5 brenne, sikrer skadestedet og kutter str\u00f8mmen p\u00e5 bilene i tr\u00e5d med prosedyrene, sier vaktleder i \u00d8st 110-sentralen, Kjell Nesset.<\/p>\n<p><a class=\"login-banner-hack\" href=\"https:\/\/www.nrk.no\/logginn?context=article-plug\" style=\"padding: 0; border: none; display: none\" rel=\"nofollow noopener\" target=\"_blank\"><\/p>\n<p>            <img decoding=\"async\"   src=\"data:image\/gif;base64,R0lGODlhAQABAIAAAAAAAP\/\/\/yH5BAEAAAAALAAAAAABAAEAAAIBRAA7\" alt=\"Oppfordring til \u00e5 logge p\u00e5 NRKs tjenester\" title=\"Foto: Odd Arne Olderbakk\"\/><\/p>\n<p>            <img decoding=\"async\"   src=\"data:image\/gif;base64,R0lGODlhAQABAIAAAAAAAP\/\/\/yH5BAEAAAAALAAAAAABAAEAAAIBRAA7\" alt=\"Oppfordring til \u00e5 logge p\u00e5 NRKs tjenester\" title=\"Foto: Odd Arne Olderbakk\"\/><\/p>\n<p><\/a><\/p>\n<p>Publisert<\/p>\n<p>17.12.2025, kl. 16.46<\/p>\n<p>Oppdatert<\/p>\n<p>17.12.2025, kl. 17.09<\/p>\n","protected":false},"excerpt":{"rendered":"To biler har v\u00e6rt involvert i en trafikkulykke i Indre \u00d8stfold. Politiet meldte om hendelsen som har skjedd&hellip;\n","protected":false},"author":2,"featured_media":115725,"comment_status":"","ping_status":"","sticky":false,"template":"","format":"standard","meta":{"footnotes":""},"categories":[10],"tags":[20,21,24,25,15,22,23,13,30,28,29,14,16,26,27],"class_list":{"0":"post-115724","1":"post","2":"type-post","3":"status-publish","4":"format-standard","5":"has-post-thumbnail","7":"category-norge","8":"tag-breaking-news","9":"tag-breakingnews","10":"tag-featured-news","11":"tag-featurednews","12":"tag-headlines","13":"tag-latest-news","14":"tag-latestnews","15":"tag-news","16":"tag-no","17":"tag-norge","18":"tag-norway","19":"tag-nyheter","20":"tag-overskrifter","21":"tag-top-stories","22":"tag-topstories"},"share_on_mastodon":{"url":"https:\/\/pubeurope.com\/@no\/115735906463838903","error":""},"_links":{"self":[{"href":"https:\/\/www.europesays.com\/no\/wp-json\/wp\/v2\/posts\/115724","targetHints":{"allow":["GET"]}}],"collection":[{"href":"https:\/\/www.europesays.com\/no\/wp-json\/wp\/v2\/posts"}],"about":[{"href":"https:\/\/www.europesays.com\/no\/wp-json\/wp\/v2\/types\/post"}],"author":[{"embeddable":true,"href":"https:\/\/www.europesays.com\/no\/wp-json\/wp\/v2\/users\/2"}],"replies":[{"embeddable":true,"href":"https:\/\/www.europesays.com\/no\/wp-json\/wp\/v2\/comments?post=115724"}],"version-history":[{"count":0,"href":"https:\/\/www.europesays.com\/no\/wp-json\/wp\/v2\/posts\/115724\/revisions"}],"wp:featuredmedia":[{"embeddable":true,"href":"https:\/\/www.europesays.com\/no\/wp-json\/wp\/v2\/media\/115725"}],"wp:attachment":[{"href":"https:\/\/www.europesays.com\/no\/wp-json\/wp\/v2\/media?parent=115724"}],"wp:term":[{"taxonomy":"category","embeddable":true,"href":"https:\/\/www.europesays.com\/no\/wp-json\/wp\/v2\/categories?post=115724"},{"taxonomy":"post_tag","embeddable":true,"href":"https:\/\/www.europesays.com\/no\/wp-json\/wp\/v2\/tags?post=115724"}],"curies":[{"name":"wp","href":"https:\/\/api.w.org\/{rel}","templated":true}]}}