{"id":115728,"date":"2025-12-17T16:49:09","date_gmt":"2025-12-17T16:49:09","guid":{"rendered":"https:\/\/www.europesays.com\/no\/115728\/"},"modified":"2025-12-17T16:49:09","modified_gmt":"2025-12-17T16:49:09","slug":"ringstikk-politiet-politiet-advarer-barn-mot-ringstikk","status":"publish","type":"post","link":"https:\/\/www.europesays.com\/no\/115728\/","title":{"rendered":"Ringstikk, Politiet | Politiet advarer barn mot ringstikk:"},"content":{"rendered":"\n<p>Politiet har mottatt flere henvendelser fra fortvilte beboere, skriver politiet i Oslo, B\u00e6rum og Akershus i en Facebook-gruppe for Lambertseter.<\/p>\n<p>\u2013 Det som for noen kan oppleves som g\u00f8yal og uskyldig lek, har i flere tilfeller utviklet seg til spark i d\u00f8rer og h\u00e6rverk p\u00e5 postkasser \u2013 noe som kan skape b\u00e5de frykt og fortvilelse for de som blir utsatt for dette, skriver politiet. Enkelte opplever dette nesten daglig, if\u00f8lge politiet.<\/p>\n<p><b>Les ogs\u00e5: <a rel=\"Follow nofollow noopener\" href=\"https:\/\/www.nettavisen.no\/nyheter\/tenaring-ble-kurert-for-uhelbredelig-kreft-genetisk-programmering\/s\/5-95-2780024\" target=\"_blank\">Hyller ny kreftbehandling: \u2013 Medisinsk revolusjon<\/a><\/b><\/p>\n<p>De ber foreldre ta en prat med barna, og p\u00e5peker ogs\u00e5 at \u00abring p\u00e5 spring\u00bb ogs\u00e5 kan v\u00e6re farlig for de unge.<\/p>\n<p>\u2013 De kjenner ikke til sinnstilstanden eller reaksjonen til den som \u00e5pner d\u00f8ren, og situasjoner kan ogs\u00e5 raskt eskalere, skriver politiet. <\/p>\n<p>(\u00a9NTB)<\/p>\n","protected":false},"excerpt":{"rendered":"Politiet har mottatt flere henvendelser fra fortvilte beboere, skriver politiet i Oslo, B\u00e6rum og Akershus i en Facebook-gruppe&hellip;\n","protected":false},"author":2,"featured_media":3844,"comment_status":"","ping_status":"","sticky":false,"template":"","format":"standard","meta":{"footnotes":""},"categories":[10],"tags":[20,21,24,25,15,22,23,13,30,28,29,14,16,26,27],"class_list":{"0":"post-115728","1":"post","2":"type-post","3":"status-publish","4":"format-standard","5":"has-post-thumbnail","7":"category-norge","8":"tag-breaking-news","9":"tag-breakingnews","10":"tag-featured-news","11":"tag-featurednews","12":"tag-headlines","13":"tag-latest-news","14":"tag-latestnews","15":"tag-news","16":"tag-no","17":"tag-norge","18":"tag-norway","19":"tag-nyheter","20":"tag-overskrifter","21":"tag-top-stories","22":"tag-topstories"},"share_on_mastodon":{"url":"https:\/\/pubeurope.com\/@no\/115735937948148154","error":""},"_links":{"self":[{"href":"https:\/\/www.europesays.com\/no\/wp-json\/wp\/v2\/posts\/115728","targetHints":{"allow":["GET"]}}],"collection":[{"href":"https:\/\/www.europesays.com\/no\/wp-json\/wp\/v2\/posts"}],"about":[{"href":"https:\/\/www.europesays.com\/no\/wp-json\/wp\/v2\/types\/post"}],"author":[{"embeddable":true,"href":"https:\/\/www.europesays.com\/no\/wp-json\/wp\/v2\/users\/2"}],"replies":[{"embeddable":true,"href":"https:\/\/www.europesays.com\/no\/wp-json\/wp\/v2\/comments?post=115728"}],"version-history":[{"count":0,"href":"https:\/\/www.europesays.com\/no\/wp-json\/wp\/v2\/posts\/115728\/revisions"}],"wp:featuredmedia":[{"embeddable":true,"href":"https:\/\/www.europesays.com\/no\/wp-json\/wp\/v2\/media\/3844"}],"wp:attachment":[{"href":"https:\/\/www.europesays.com\/no\/wp-json\/wp\/v2\/media?parent=115728"}],"wp:term":[{"taxonomy":"category","embeddable":true,"href":"https:\/\/www.europesays.com\/no\/wp-json\/wp\/v2\/categories?post=115728"},{"taxonomy":"post_tag","embeddable":true,"href":"https:\/\/www.europesays.com\/no\/wp-json\/wp\/v2\/tags?post=115728"}],"curies":[{"name":"wp","href":"https:\/\/api.w.org\/{rel}","templated":true}]}}