{"id":115729,"date":"2025-12-17T16:50:08","date_gmt":"2025-12-17T16:50:08","guid":{"rendered":"https:\/\/www.europesays.com\/no\/115729\/"},"modified":"2025-12-17T16:50:08","modified_gmt":"2025-12-17T16:50:08","slug":"det-var-marita-lofshus-haugen-som-ble-drept-pa-lokken-i-orkland-i-trondelag-nrk-trondelag-lokale-nyheter-tv-og-radio","status":"publish","type":"post","link":"https:\/\/www.europesays.com\/no\/115729\/","title":{"rendered":"Det var Marita L\u00f8fshus Haugen som ble drept p\u00e5 L\u00f8kken i Orkland i Tr\u00f8ndelag \u2013 NRK Tr\u00f8ndelag \u2013 Lokale nyheter, TV og radio"},"content":{"rendered":"<p>Pressen skal v\u00e6re varsomme med \u00e5 identifisere personer som omtales i forbindelse med straffbare forhold. Etter pressens etiske regelverk, V\u00e6r varsom-plakaten, gjelder dette spesielt i omtale av saker der etterforskningen er p\u00e5 et tidlig stadium. Det kan likevel v\u00e6re berettiget \u00e5 identifisere ved alvorlige og gjentatte kriminelle handlinger. Det mener vi det er i tilknytning til Andersen, som n\u00e5 er siktet for drap i Orkland.<\/p>\n<p>Andersen ble i 2000 d\u00f8mt til 15 \u00e5rs fengsel for drap p\u00e5 en ekskj\u00e6reste.<\/p>\n<p>Mens han sonet dommen for drapet ut\u00f8vde han grov vold mot en annen tidligere kj\u00e6reste, under en pr\u00f8vel\u00f8slatelse. Han ble derfor d\u00f8mt til 4 \u00e5r og 6 m\u00e5neders forvaring for grov vold og trusler mot henne.<\/p>\n<p>NRK mener det er viktig med en viss grad av \u00e5penhet ogs\u00e5 rundt de mest alvorlige straffesakene i samfunnet. Vi har vurdert det slik at offentligheten har et berettiget behov for informasjon om Andersen, som n\u00e5 er siktet for \u00e5 ha utf\u00f8rt en ny, sv\u00e6rt alvorlig handling.<\/p>\n<p>Dette er nettopp fordi han tidligere er d\u00f8mt for de mest alvorlige forbrytelsene i samfunnet.<\/p>\n<p>Det er tidlig i etterforskningen av saken og vi vet forel\u00f8pig ikke hvordan Andersen stiller seg til siktelsen.<\/p>\n","protected":false},"excerpt":{"rendered":"Pressen skal v\u00e6re varsomme med \u00e5 identifisere personer som omtales i forbindelse med straffbare forhold. Etter pressens etiske&hellip;\n","protected":false},"author":2,"featured_media":115730,"comment_status":"","ping_status":"","sticky":false,"template":"","format":"standard","meta":{"footnotes":""},"categories":[5],"tags":[20,21,24,25,15,19,22,23,17,18,13,30,28,29,14,16,26,27],"class_list":{"0":"post-115729","1":"post","2":"type-post","3":"status-publish","4":"format-standard","5":"has-post-thumbnail","7":"category-overskrifter","8":"tag-breaking-news","9":"tag-breakingnews","10":"tag-featured-news","11":"tag-featurednews","12":"tag-headlines","13":"tag-hovedoppslag","14":"tag-latest-news","15":"tag-latestnews","16":"tag-main-news","17":"tag-mainnews","18":"tag-news","19":"tag-no","20":"tag-norge","21":"tag-norway","22":"tag-nyheter","23":"tag-overskrifter","24":"tag-top-stories","25":"tag-topstories"},"share_on_mastodon":{"url":"https:\/\/pubeurope.com\/@no\/115735941819717514","error":""},"_links":{"self":[{"href":"https:\/\/www.europesays.com\/no\/wp-json\/wp\/v2\/posts\/115729","targetHints":{"allow":["GET"]}}],"collection":[{"href":"https:\/\/www.europesays.com\/no\/wp-json\/wp\/v2\/posts"}],"about":[{"href":"https:\/\/www.europesays.com\/no\/wp-json\/wp\/v2\/types\/post"}],"author":[{"embeddable":true,"href":"https:\/\/www.europesays.com\/no\/wp-json\/wp\/v2\/users\/2"}],"replies":[{"embeddable":true,"href":"https:\/\/www.europesays.com\/no\/wp-json\/wp\/v2\/comments?post=115729"}],"version-history":[{"count":0,"href":"https:\/\/www.europesays.com\/no\/wp-json\/wp\/v2\/posts\/115729\/revisions"}],"wp:featuredmedia":[{"embeddable":true,"href":"https:\/\/www.europesays.com\/no\/wp-json\/wp\/v2\/media\/115730"}],"wp:attachment":[{"href":"https:\/\/www.europesays.com\/no\/wp-json\/wp\/v2\/media?parent=115729"}],"wp:term":[{"taxonomy":"category","embeddable":true,"href":"https:\/\/www.europesays.com\/no\/wp-json\/wp\/v2\/categories?post=115729"},{"taxonomy":"post_tag","embeddable":true,"href":"https:\/\/www.europesays.com\/no\/wp-json\/wp\/v2\/tags?post=115729"}],"curies":[{"name":"wp","href":"https:\/\/api.w.org\/{rel}","templated":true}]}}